{"id":10001,"date":"2015-10-18T10:36:21","date_gmt":"2015-10-18T10:36:21","guid":{"rendered":"\/?p=10001"},"modified":"2017-04-18T10:51:48","modified_gmt":"2017-04-18T10:51:48","slug":"asmaf-visites-a-madagascar","status":"publish","type":"post","link":"https:\/\/www.servir.caef.net\/?p=10001","title":{"rendered":"ASMAF &#8211; visites \u00e0 Madagascar"},"content":{"rendered":"<h1 align=\"JUSTIFY\"><span style=\"font-family: Arial, sans-serif;\"><span style=\"font-size: small;\"><span style=\"color: #4d4d4d;\"><img loading=\"lazy\" decoding=\"async\" class=\"alignnone  wp-image-9868\" src=\"\/wp-content\/uploads\/2017\/03\/asmaf-2.jpg\" alt=\"asmaf-2\" width=\"293\" height=\"124\" hspace=\"10\" vspace=\"10\" srcset=\"https:\/\/www.servir.caef.net\/wp-content\/uploads\/2017\/03\/asmaf-2.jpg 451w, https:\/\/www.servir.caef.net\/wp-content\/uploads\/2017\/03\/asmaf-2-300x127.jpg 300w\" sizes=\"auto, (max-width: 293px) 100vw, 293px\" \/><\/span><\/span><\/span><\/h1>\n<h1 style=\"text-align: center;\" align=\"JUSTIFY\">Visites \u00e0 Madagascar<\/h1>\n<p style=\"text-align: justify;\" align=\"JUSTIFY\">\u00a0<\/p>\n<p style=\"text-align: justify;\" align=\"JUSTIFY\">\u00a0<\/p>\n<h3 align=\"LEFT\">Tananarive et sa r\u00e9gion<\/h3>\n<p style=\"text-align: justify;\" align=\"LEFT\">\u00a0<\/p>\n<p style=\"text-align: justify;\" align=\"LEFT\"><span style=\"color: #1b1c20;\"><span style=\"font-family: Arial, sans-serif;\"><span style=\"font-size: small;\">Fin juin, d\u00e9but juillet, Colin Crow, accompagn\u00e9 de son petit-fils, a pu visiter les Fr\u00e8res et voir le travail dans la capitale. Les amis des CEIM poursuivent leurs efforts pour implanter de nouvelles \u00c9glises dans la capitale et ses banlieues. L\u2019\u00c9glise d\u2019Ambohimanambola a \u00e9t\u00e9 lanc\u00e9e il y a quelques ann\u00e9es avec l\u2019aide d\u2019une \u00e9quipe GLO. Ils ont perdu leur local l\u2019an dernier, mais poursuivent le travail dans une maison en construction appartenant \u00e0 l\u2019un des fr\u00e8res de l\u2019\u00c9glise. Il faut noter la pr\u00e9sence de nombreux jeunes dans cette \u00c9glise. Prions qu\u2019ils trouvent un nouveau lieu de culte dans cette ville o\u00f9 les probl\u00e8mes sociaux sont \u00e9normes. <\/span><\/span><\/span><\/p>\n<p style=\"text-align: justify;\" align=\"LEFT\">\u00a0<!--more--><\/p>\n<p style=\"text-align: justify;\" align=\"LEFT\">\u00a0<\/p>\n<p style=\"text-align: justify;\" align=\"LEFT\"><span style=\"color: #1b1c20;\"><span style=\"font-family: Arial, sans-serif;\"><span style=\"font-size: small;\"><i><a href=\"\/wp-content\/uploads\/2015\/pdf2015\/Servir%204-2015%20Encart.pdf#page=4\"><img loading=\"lazy\" decoding=\"async\" class=\" size-full wp-image-115 alignright\" src=\"\/wp-content\/uploads\/2011\/01\/iconePDF.jpg\" alt=\"iconePDF\" width=\"81\" height=\"76\" \/><\/a><\/i>Cet automne, la petite \u00e9quipe GLO Madagascar dirig\u00e9e par Aga a d\u00e9marr\u00e9 un nouveau travail dans une nouvelle banlieue : Soavimasondro. Ils ont eu une campagne d\u2019\u00e9vang\u00e9lisation du 10 au 13 septembre avec porte-\u00e0-porte, gala de musique, projection de films, etc. Ce quartier a \u00e9t\u00e9 choisi, car un jeune couple, membre de l\u2019\u00e9quipe, y habite et ils ont ouvert un petit magasin de photocopie, mat\u00e9riel scolaire, etc. Ils ont de nombreux contacts avec des enfants pauvres qu\u2019ils aident ainsi que d\u2019autres habitants. La directrice d\u2019une \u00e9cole priv\u00e9e situ\u00e9e \u00e0 quelques centaines de m\u00e8tres, impressionn\u00e9e par leur s\u00e9rieux, leur a ouvert des salles pour les premi\u00e8res rencontres. Suite \u00e0 leur campagne, ils ont d\u00e9j\u00e0 un groupe d\u2019\u00e9tude biblique, un petit groupe d\u2019enfants et ils ont lanc\u00e9 une \u00e9quipe de foot avec les adolescents. Prions pour des conversions et l\u2019\u00e9tablissement d\u2019une \u00c9glise. <\/span><\/span><\/span><\/p>\n<p style=\"text-align: justify;\" align=\"LEFT\">\u00a0<\/p>\n<p style=\"text-align: justify;\" align=\"LEFT\"><span style=\"color: #1b1c20;\"><span style=\"font-family: Arial, sans-serif;\"><span style=\"font-size: small;\">Ambohimangak\u00e9ly, c\u2019est la ville o\u00f9 se trouve l\u2019\u00e9cole biblique, le <i><b>CEFOI<\/b><\/i>, qui d\u00e9marre une nouvelle ann\u00e9e scolaire en octobre, l\u2019orphelinat <i><b>Tanjona <\/b><\/i>et l\u2019\u00e9cole maternelle <i><b>Akany Salama<\/b><\/i>, ainsi qu\u2019une \u00c9glise locale, bien s\u00fbr. Prions pour le t\u00e9moignage avec tous ses aspects divers dans cette ville. Colin a pu parler \u00e0 la c\u00e9r\u00e9monie de cl\u00f4ture de l\u2019\u00e9cole, fin juin, dans le local de l\u2019\u00c9glise. Il y avait les 94 enfants, ainsi que leurs parents dont la plupart ne sont pas chr\u00e9tiens. <\/span><\/span><\/span><\/p>\n<p style=\"text-align: justify;\" align=\"LEFT\">\u00a0<\/p>\n<p style=\"text-align: justify;\" align=\"LEFT\"><span style=\"color: #1b1c20;\"><span style=\"font-family: Arial, sans-serif;\"><span style=\"font-size: small;\">Continuons \u00e0 prier pour la <i><b>famille Ratahinarivelo<\/b><\/i>, pour Anita et sa t\u00e2che de scolarisation \u00e0 domicile avec ses enfants, et pour Mamifeno dans sa direction au CEFOI. Les n\u00e9gociations avec l\u2019Institut Biblique de Gen\u00e8ve, pour lancer de nouveaux cours, se poursuivent et nous esp\u00e9rons qu\u2019elles aboutiront bient\u00f4t avec un programme pour toucher une nouvelle g\u00e9n\u00e9ration de serviteurs potentiels. <\/span><\/span><\/span><\/p>\n<p style=\"text-align: justify;\" align=\"LEFT\">\u00a0<\/p>\n<h3 align=\"LEFT\">T\u00e9moignage dans le sud, \u00e0 Tul\u00e9ar et dans la r\u00e9gion<\/h3>\n<p style=\"text-align: justify;\" align=\"LEFT\">\u00a0<\/p>\n<p style=\"text-align: justify;\" align=\"LEFT\"><span style=\"color: #1b1c20;\"><span style=\"font-family: Arial, sans-serif;\"><span style=\"font-size: small;\">Camille et Ir\u00e8ne Abbruzzese sont partis fin ao\u00fbt \u00e0 Tul\u00e9ar pour un s\u00e9jour de deux mois. Ils ont pu assister au congr\u00e8s de toutes les \u00c9glises CEIM (environ 85) la derni\u00e8re semaine d\u2019ao\u00fbt. Ils restent pour aider dans le travail \u00e0 Tul\u00e9ar. Camille enseignera les \u00e9p\u00eetres de Timoth\u00e9e \u00e0 l\u2019\u00c9cole de Disciples et dans des s\u00e9ances de recyclage pour des pasteurs de la r\u00e9gion. C\u2019est l\u00e0 que la croissance est la plus rapide. Son \u00e9pouse Ir\u00e8ne aidera avec le travail parmi les enfants de la petite \u00e9cole primaire <i><b>Fanarenana <\/b><\/i>lanc\u00e9e par le couple Pos\u00e9 et l\u2019\u00c9glise de B\u00e9thania il y a plusieurs ann\u00e9es. <\/span><\/span><\/span><\/p>\n<p style=\"text-align: justify;\" align=\"LEFT\">\u00a0<\/p>\n<p style=\"text-align: justify;\" align=\"LEFT\"><img loading=\"lazy\" decoding=\"async\" class=\"wp-image-9992 aligncenter\" src=\"\/wp-content\/uploads\/2017\/04\/encart-2015-4-f.jpg\" alt=\"encart-2015-4-f\" width=\"559\" height=\"234\" hspace=\"10\" vspace=\"10\" srcset=\"https:\/\/www.servir.caef.net\/wp-content\/uploads\/2017\/04\/encart-2015-4-f.jpg 799w, https:\/\/www.servir.caef.net\/wp-content\/uploads\/2017\/04\/encart-2015-4-f-300x125.jpg 300w, https:\/\/www.servir.caef.net\/wp-content\/uploads\/2017\/04\/encart-2015-4-f-768x321.jpg 768w\" sizes=\"auto, (max-width: 559px) 100vw, 559px\" \/><\/p>\n<p style=\"text-align: center;\" align=\"LEFT\"><span style=\"font-family: Arial, sans-serif;\"><span style=\"font-size: small;\"><span style=\"color: #1b1c20;\"><i>Sortie du culte \u00e0 Ambohimanambola <\/i><\/span><\/span><\/span><\/p>\n<p style=\"text-align: justify;\" align=\"LEFT\">\u00a0<\/p>\n<p style=\"text-align: justify;\" align=\"LEFT\"><img loading=\"lazy\" decoding=\"async\" class=\"wp-image-9993 aligncenter\" src=\"\/wp-content\/uploads\/2017\/04\/encart-2015-4-g.jpg\" alt=\"encart-2015-4-g\" width=\"556\" height=\"217\" hspace=\"10\" vspace=\"10\" srcset=\"https:\/\/www.servir.caef.net\/wp-content\/uploads\/2017\/04\/encart-2015-4-g.jpg 793w, https:\/\/www.servir.caef.net\/wp-content\/uploads\/2017\/04\/encart-2015-4-g-300x117.jpg 300w, https:\/\/www.servir.caef.net\/wp-content\/uploads\/2017\/04\/encart-2015-4-g-768x299.jpg 768w\" sizes=\"auto, (max-width: 556px) 100vw, 556px\" \/><\/p>\n<p style=\"text-align: center;\" align=\"LEFT\"><span style=\"font-family: Arial, sans-serif;\"><span style=\"font-size: small;\"><span style=\"color: #1b1c20;\"><i>Jean-Yves et Hasina devant leur petit magasin de photocopie avec la directrice au milieu <\/i><\/span><\/span><\/span><\/p>\n<p style=\"text-align: justify;\" align=\"LEFT\">\u00a0<\/p>\n<p style=\"text-align: justify;\" align=\"LEFT\"><img loading=\"lazy\" decoding=\"async\" class=\"wp-image-9994 aligncenter\" src=\"\/wp-content\/uploads\/2017\/04\/encart-2015-4-h.jpg\" alt=\"encart-2015-4-h\" width=\"545\" height=\"276\" hspace=\"10\" vspace=\"10\" srcset=\"https:\/\/www.servir.caef.net\/wp-content\/uploads\/2017\/04\/encart-2015-4-h.jpg 799w, https:\/\/www.servir.caef.net\/wp-content\/uploads\/2017\/04\/encart-2015-4-h-300x152.jpg 300w, https:\/\/www.servir.caef.net\/wp-content\/uploads\/2017\/04\/encart-2015-4-h-768x389.jpg 768w\" sizes=\"auto, (max-width: 545px) 100vw, 545px\" \/><\/p>\n<p style=\"text-align: center;\" align=\"LEFT\"><span style=\"font-family: Arial, sans-serif;\"><span style=\"font-size: small;\"><span style=\"color: #1b1c20;\"><i>Assistance \u00e0 la c\u00e9r\u00e9monie de cl\u00f4ture de l\u2019ann\u00e9e d\u2019Akany Salama \u00e0 Abohimangak\u00e9ly<\/i><\/span><\/span><\/span><\/p>\n","protected":false},"excerpt":{"rendered":"<p>Visites \u00e0 Madagascar \u00a0 \u00a0 Tananarive et sa r\u00e9gion \u00a0 Fin juin, d\u00e9but juillet, Colin Crow, accompagn\u00e9 de son petit-fils, a pu visiter les Fr\u00e8res et voir le travail dans la capitale. Les amis des CEIM poursuivent leurs efforts pour implanter de nouvelles \u00c9glises dans la capitale et ses banlieues. L\u2019\u00c9glise d\u2019Ambohimanambola a \u00e9t\u00e9 lanc\u00e9e [&hellip;]<\/p>\n","protected":false},"author":27,"featured_media":0,"comment_status":"closed","ping_status":"closed","sticky":false,"template":"","format":"standard","meta":{"footnotes":""},"categories":[3,12,9],"tags":[],"class_list":["post-10001","post","type-post","status-publish","format-standard","hentry","category-caef","category-eglise-et-mission","category-oeuvres-et-missions"],"_links":{"self":[{"href":"https:\/\/www.servir.caef.net\/index.php?rest_route=\/wp\/v2\/posts\/10001","targetHints":{"allow":["GET"]}}],"collection":[{"href":"https:\/\/www.servir.caef.net\/index.php?rest_route=\/wp\/v2\/posts"}],"about":[{"href":"https:\/\/www.servir.caef.net\/index.php?rest_route=\/wp\/v2\/types\/post"}],"author":[{"embeddable":true,"href":"https:\/\/www.servir.caef.net\/index.php?rest_route=\/wp\/v2\/users\/27"}],"replies":[{"embeddable":true,"href":"https:\/\/www.servir.caef.net\/index.php?rest_route=%2Fwp%2Fv2%2Fcomments&post=10001"}],"version-history":[{"count":0,"href":"https:\/\/www.servir.caef.net\/index.php?rest_route=\/wp\/v2\/posts\/10001\/revisions"}],"wp:attachment":[{"href":"https:\/\/www.servir.caef.net\/index.php?rest_route=%2Fwp%2Fv2%2Fmedia&parent=10001"}],"wp:term":[{"taxonomy":"category","embeddable":true,"href":"https:\/\/www.servir.caef.net\/index.php?rest_route=%2Fwp%2Fv2%2Fcategories&post=10001"},{"taxonomy":"post_tag","embeddable":true,"href":"https:\/\/www.servir.caef.net\/index.php?rest_route=%2Fwp%2Fv2%2Ftags&post=10001"}],"curies":[{"name":"wp","href":"https:\/\/api.w.org\/{rel}","templated":true}]}}