{"id":10006,"date":"2015-10-18T13:11:06","date_gmt":"2015-10-18T13:11:06","guid":{"rendered":"\/?p=10006"},"modified":"2017-04-18T13:18:15","modified_gmt":"2017-04-18T13:18:15","slug":"nouvelles-des-caef-les-cep-de-normandie-ont-fete-leur-25e-anniversaire","status":"publish","type":"post","link":"https:\/\/www.servir.caef.net\/?p=10006","title":{"rendered":"Nouvelles des CAEF &#8211; Les CEP de Normandie ont f\u00eat\u00e9 leur 25e anniversaire"},"content":{"rendered":"<p><img loading=\"lazy\" decoding=\"async\" class=\"size-full wp-image-7465 alignleft\" src=\"\/wp-content\/uploads\/2007\/05\/nouvelles-CAEF.jpg\" alt=\"nouvelles-CAEF\" width=\"51\" height=\"624\" hspace=\"10\" vspace=\"10\" \/><\/p>\n<h1 style=\"text-align: center;\">Les CEP de Normandie ont f\u00eat\u00e9<\/h1>\n<h1 style=\"text-align: center;\">\u00a0<\/h1>\n<h1 style=\"text-align: center;\">leur 25e anniversaire<\/h1>\n<p>&nbsp;<\/p>\n<p>&nbsp;<\/p>\n<p style=\"text-align: justify;\" align=\"LEFT\"><span style=\"font-family: Arial, sans-serif;\"><span style=\"font-size: small;\"><span style=\"color: #1b1c20;\"><i><b><a href=\"\/wp-content\/uploads\/2015\/pdf2015\/Servir%204-2015%20Encart.pdf#page=8\"><img loading=\"lazy\" decoding=\"async\" class=\" size-full wp-image-115 alignright\" src=\"\/wp-content\/uploads\/2011\/01\/iconePDF.jpg\" alt=\"iconePDF\" width=\"81\" height=\"76\" \/><\/a>Le dimanche 6 septembre 2015, les \u00c9glises CAEF de la Manche et de l\u2019Orne<sub>1<\/sub> ont <\/b><\/i><\/span><span style=\"color: #1b1c20;\">c\u00e9l\u00e9br\u00e9, dans la salle des f\u00eates de St-Aubin-du-Perron, les 25 ans de leur association \u00ab Mission de Liebenzell France \u00bb en pr\u00e9sence d\u2019Alfred Kopp qui en a \u00e9t\u00e9 le premier pr\u00e9sident. <\/span><\/span><\/span><\/p>\n<p style=\"text-align: justify;\" align=\"LEFT\"><span style=\"font-family: Arial, sans-serif;\"><span style=\"font-size: small;\"><span style=\"color: #1b1c20;\">C\u2019\u00e9tait l\u2019occasion de rappeler l\u2019histoire des d\u00e9buts de cette implantation d\u2019\u00c9glises en milieu rural aux uns et, pour d\u2019autres, de se souvenir des bons moments pass\u00e9s ensemble lors des diff\u00e9rents \u00e9v\u00e8nements qui ont jalonn\u00e9 ces 25 ann\u00e9es. <\/span><\/span><\/span><\/p>\n<p style=\"text-align: justify;\" align=\"LEFT\"><span style=\"font-family: Arial, sans-serif;\"><span style=\"font-size: small;\"><span style=\"color: #1b1c20;\">Le nom \u00ab Mission de Liebenzell France \u00bb rappelle la ville en For\u00eat Noire (Allemagne) o\u00f9 se trouve la base d\u2019envoi de la mission qui soutient cette implantation en finan\u00e7ant les 7 collaborateurs \u00e0 plein temps et les efforts d\u2019\u00e9vang\u00e9lisation dans la Manche et dans l\u2019Orne. <\/span><\/span><\/span><\/p>\n<p style=\"text-align: justify;\" align=\"LEFT\">\u00a0<\/p>\n<p style=\"text-align: justify;\" align=\"LEFT\"><img loading=\"lazy\" decoding=\"async\" class=\"wp-image-9997 aligncenter\" src=\"\/wp-content\/uploads\/2017\/04\/encart-2015-4-k.jpg\" alt=\"encart-2015-4-k\" width=\"530\" height=\"261\" srcset=\"https:\/\/www.servir.caef.net\/wp-content\/uploads\/2017\/04\/encart-2015-4-k.jpg 1598w, https:\/\/www.servir.caef.net\/wp-content\/uploads\/2017\/04\/encart-2015-4-k-300x148.jpg 300w, https:\/\/www.servir.caef.net\/wp-content\/uploads\/2017\/04\/encart-2015-4-k-768x378.jpg 768w, https:\/\/www.servir.caef.net\/wp-content\/uploads\/2017\/04\/encart-2015-4-k-1024x504.jpg 1024w\" sizes=\"auto, (max-width: 530px) 100vw, 530px\" \/><\/p>\n<p style=\"text-align: justify;\" align=\"LEFT\">\u00a0<\/p>\n<p style=\"text-align: justify;\" align=\"LEFT\"><img loading=\"lazy\" decoding=\"async\" class=\"wp-image-9998 aligncenter\" src=\"\/wp-content\/uploads\/2017\/04\/encart-2015-4-l.jpg\" alt=\"encart-2015-4-l\" width=\"532\" height=\"212\" srcset=\"https:\/\/www.servir.caef.net\/wp-content\/uploads\/2017\/04\/encart-2015-4-l.jpg 1598w, https:\/\/www.servir.caef.net\/wp-content\/uploads\/2017\/04\/encart-2015-4-l-300x119.jpg 300w, https:\/\/www.servir.caef.net\/wp-content\/uploads\/2017\/04\/encart-2015-4-l-768x305.jpg 768w, https:\/\/www.servir.caef.net\/wp-content\/uploads\/2017\/04\/encart-2015-4-l-1024x407.jpg 1024w\" sizes=\"auto, (max-width: 532px) 100vw, 532px\" \/><\/p>\n<p style=\"text-align: justify;\" align=\"LEFT\">\u00a0<\/p>\n<hr \/>\n<p style=\"text-align: justify;\" align=\"LEFT\">NOTES<\/p>\n<p style=\"text-align: justify;\" align=\"LEFT\">\u00a0<\/p>\n<p style=\"text-align: justify;\" align=\"LEFT\"><span style=\"font-family: Arial, sans-serif;\"><span style=\"font-size: small;\"><span style=\"color: #1b1c20;\"><strong>1.<\/strong> Avranches, Carentan, Coutances et St-L\u00f4 dans la Manche, Alen\u00e7on et Mortagne au Perche dans l\u2019Orne<\/span><\/span><\/span><\/p>\n","protected":false},"excerpt":{"rendered":"<p>Les CEP de Normandie ont f\u00eat\u00e9 \u00a0 leur 25e anniversaire &nbsp; &nbsp; Le dimanche 6 septembre 2015, les \u00c9glises CAEF de la Manche et de l\u2019Orne1 ont c\u00e9l\u00e9br\u00e9, dans la salle des f\u00eates de St-Aubin-du-Perron, les 25 ans de leur association \u00ab Mission de Liebenzell France \u00bb en pr\u00e9sence d\u2019Alfred Kopp qui en a \u00e9t\u00e9 [&hellip;]<\/p>\n","protected":false},"author":27,"featured_media":0,"comment_status":"closed","ping_status":"closed","sticky":false,"template":"","format":"standard","meta":{"footnotes":""},"categories":[14,8,84,13],"tags":[],"class_list":["post-10006","post","type-post","status-publish","format-standard","hentry","category-eglises-et-oeuvres","category-evangelisation","category-fete","category-la-vie-de-leglise"],"_links":{"self":[{"href":"https:\/\/www.servir.caef.net\/index.php?rest_route=\/wp\/v2\/posts\/10006","targetHints":{"allow":["GET"]}}],"collection":[{"href":"https:\/\/www.servir.caef.net\/index.php?rest_route=\/wp\/v2\/posts"}],"about":[{"href":"https:\/\/www.servir.caef.net\/index.php?rest_route=\/wp\/v2\/types\/post"}],"author":[{"embeddable":true,"href":"https:\/\/www.servir.caef.net\/index.php?rest_route=\/wp\/v2\/users\/27"}],"replies":[{"embeddable":true,"href":"https:\/\/www.servir.caef.net\/index.php?rest_route=%2Fwp%2Fv2%2Fcomments&post=10006"}],"version-history":[{"count":0,"href":"https:\/\/www.servir.caef.net\/index.php?rest_route=\/wp\/v2\/posts\/10006\/revisions"}],"wp:attachment":[{"href":"https:\/\/www.servir.caef.net\/index.php?rest_route=%2Fwp%2Fv2%2Fmedia&parent=10006"}],"wp:term":[{"taxonomy":"category","embeddable":true,"href":"https:\/\/www.servir.caef.net\/index.php?rest_route=%2Fwp%2Fv2%2Fcategories&post=10006"},{"taxonomy":"post_tag","embeddable":true,"href":"https:\/\/www.servir.caef.net\/index.php?rest_route=%2Fwp%2Fv2%2Ftags&post=10006"}],"curies":[{"name":"wp","href":"https:\/\/api.w.org\/{rel}","templated":true}]}}