{"id":1167,"date":"2008-03-15T16:14:44","date_gmt":"2008-03-15T16:14:44","guid":{"rendered":"\/?p=1167"},"modified":"2016-11-22T10:37:18","modified_gmt":"2016-11-22T10:37:18","slug":"survol-historique-de-la-trinite","status":"publish","type":"post","link":"https:\/\/www.servir.caef.net\/?p=1167","title":{"rendered":"Survol historique de la Trinit\u00e9"},"content":{"rendered":"<h1 style=\"text-align: center;\">Survol historique de la Trinit\u00e9<\/h1>\n<p>&nbsp;<\/p>\n<p>&nbsp;<\/p>\n<p align=\"JUSTIFY\">par <span style=\"font-size: 16px;\"><strong><span style=\"color: #b22222;\">Reynald KOZYCKI<\/span><\/strong><\/span><\/p>\n<p align=\"JUSTIFY\">\u00a0<a href=\"\/wp-content\/uploads\/2009\/09\/Reynald-Kozycki.jpg\"><img loading=\"lazy\" decoding=\"async\" class=\"size-full wp-image-856 alignleft\" style=\"margin: 10px;\" src=\"\/wp-content\/uploads\/2009\/09\/Reynald-Kozycki.jpg\" alt=\"Reynald Kozycki\" width=\"113\" height=\"147\" \/><\/a><\/p>\n<p>&nbsp;<\/p>\n<p align=\"JUSTIFY\">Les articles pr\u00e9c\u00e9dents ont d\u00e9montr\u00e9 que la Bible est suffisante pour apporter les \u00e9l\u00e9ments essentiels \u00e0 propos du \u00ab\u00a0myst\u00e8re\u00a0\u00bb de la nature de Dieu en trois personnes. Une formulation plus pr\u00e9cise sera apport\u00e9e entre le Il\u00e8me et le Verne si\u00e8cle suite \u00e0 de nombreuses controverses qui ont secou\u00e9 la chr\u00e9tient\u00e9. En survolant les d\u00e9bats, nous allons reprendre quelques affirmations apportant un \u00e9clairage sur cette question.<\/p>\n<p align=\"JUSTIFY\">\u00a0<\/p>\n<p align=\"JUSTIFY\">\u00a0<\/p>\n<p align=\"JUSTIFY\"><!--more--><\/p>\n<p>&nbsp;<\/p>\n<h2>Confusions !<\/h2>\n<p align=\"JUSTIFY\">\u00a0<\/p>\n<p align=\"JUSTIFY\"><a href=\"\/wp-content\/uploads\/2008\/pdf2008\/SERVIR%202-2008%20Cahier.pdf#page=7\"><img loading=\"lazy\" decoding=\"async\" title=\"iconePDF\" src=\"\/wp-content\/uploads\/2011\/01\/iconePDF.jpg\" alt=\"\" width=\"81\" height=\"76\" align=\"right\" hspace=\"8\" vspace=\"8\" \/><\/a>Les auteurs chr\u00e9tiens des II\u00e8me et III\u00e8me si\u00e8cles exaltent le pouvoir et la dignit\u00e9 de J\u00e9sus face \u00e0 de nombreuses d\u00e9viations. Sans aborder les mouvements en marge de la foi chr\u00e9tienne comme <em>le manich\u00e9isme, le marcionisme ou le gnosticisme<\/em>&#8230;, arr\u00eatons-nous bri\u00e8vement sur quelques confusions \u00ab\u00a0subtiles\u00a0\u00bb concernant la compr\u00e9hension des relations entre le P\u00e8re, le Fils et l&rsquo;Esprit.<\/p>\n<p align=\"JUSTIFY\">\u00a0<\/p>\n<h3>Modalisme<\/h3>\n<p align=\"JUSTIFY\">\u00a0<\/p>\n<p align=\"JUSTIFY\">Pour les <em>modalistes<\/em>, la divinit\u00e9 appara\u00eet en trois modalit\u00e9s. Elle s&rsquo;est incarn\u00e9e dans le Christ, qui ne serait autre que le P\u00e8re devenu chair, puis dans l&rsquo;Esprit. Ils critiquent la position plus courante, comme celle de Cl\u00e9ment de Rome ou d&rsquo;Ignace d&rsquo;Antioche qui affirmaient fermement la divinit\u00e9 de J\u00e9sus tout en \u00e9tant distinct du P\u00e8re.<\/p>\n<p align=\"JUSTIFY\">\u00a0<\/p>\n<p align=\"JUSTIFY\">Les <em>modalistes<\/em> pensaient que cette conception aboutit \u00e0 \u00ab\u00a0deux dieux\u00a0\u00bb. Sabellius (vers 217) d\u00e9veloppe cette pens\u00e9e en affirmant que Dieu agit sous trois <em>pros\u00f4pa<\/em> &#8211; trois masques ou visages &#8211; successifs : il est P\u00e8re, comme cr\u00e9ateur et l\u00e9gislateur, il est Fils, de sa naissance \u00e0 sa mort sur la croix ; il est enfin l&rsquo;Esprit qui sanctifie l&rsquo;Eglise. Callixtus, l&rsquo;esclave romain qui devint pape vers 218 et martyr en 223, a \u00e9t\u00e9 d&rsquo;abord favorable \u00e0 ces enseignements puis il condamna Sabellius.<\/p>\n<p align=\"JUSTIFY\">\u00a0<\/p>\n<h3>Orig\u00e8ne (185-284)<\/h3>\n<p align=\"JUSTIFY\">\u00a0<\/p>\n<p align=\"JUSTIFY\"><a href=\"\/wp-content\/uploads\/2008\/03\/origene.jpg\"><img loading=\"lazy\" decoding=\"async\" class=\"size-full wp-image-8296 alignleft\" style=\"margin: 10px;\" src=\"\/wp-content\/uploads\/2008\/03\/origene.jpg\" alt=\"origene\" width=\"128\" height=\"172\" \/><\/a><\/p>\n<p align=\"JUSTIFY\">\u00a0\u00a0II fut un brillant th\u00e9ologien, auteur de tr\u00e8s nombreux livres. Il d\u00e9crivait Dieu en trois personnes, ou trois hypostases divines et \u00e9ternelles, pr\u00e9parant ainsi les formulations d&rsquo;Athanase ou d&rsquo;Augustin. Malheureusement, pour Orig\u00e8ne, l&rsquo;\u00e9galit\u00e9 du P\u00e8re et du Fils est inconcevable et les trois hypostases ne sont pas de m\u00eame \u00ab\u00a0essence\u00a0\u00bb. Il pr\u00e9pare ainsi la voie d&rsquo;Arius.<\/p>\n<p align=\"JUSTIFY\">\u00a0<\/p>\n<p align=\"JUSTIFY\">\u00a0<\/p>\n<p align=\"JUSTIFY\">\u00a0<\/p>\n<p align=\"JUSTIFY\">\u00a0<\/p>\n<p align=\"JUSTIFY\">\u00a0<\/p>\n<p align=\"JUSTIFY\">\u00a0<\/p>\n<p align=\"JUSTIFY\">\u00a0<\/p>\n<h3>Arius (256-336)<\/h3>\n<p align=\"JUSTIFY\">\u00a0<\/p>\n<p align=\"JUSTIFY\">Pour les Ariens, non seulement les \u00ab\u00a0<em>hypostases<\/em>\u00a0\u00bb ne sont pas de m\u00eame essence, mais J\u00e9sus et l&rsquo;Esprit sont des <em>cr\u00e9atures<\/em> de Dieu (donc non \u00e9ternelles) par le moyen desquelles le P\u00e8re a tout cr\u00e9\u00e9. Pour Arius, il n&rsquo;y a pas d&rsquo;<em>hypostases \u00e9ternelles<\/em> \u00e0 l&rsquo;exception du P\u00e8re, point de distinction au sein de l&rsquo;essence divine.<\/p>\n<p align=\"JUSTIFY\">\u00a0<\/p>\n<p align=\"JUSTIFY\">\u00a0<\/p>\n<h2>Affirmations plus \u00ab\u00a0orthodoxes\u00a0\u00bb\u00a0!<\/h2>\n<p align=\"JUSTIFY\">\u00a0<\/p>\n<h3>Th\u00e9ophile d&rsquo;Antioche (vers 180)<\/h3>\n<p align=\"JUSTIFY\">\u00a0<\/p>\n<p align=\"JUSTIFY\">II est probablement le premier, en 180, \u00e0 avoir employ\u00e9 le mot trinit\u00e9 dans son apolog\u00e9tique. Commentant les jours de cr\u00e9ation, il dit que les trois premiers jours, avant les luminaires, sont un type de la Trinit\u00e9 (<em>Triados<\/em> en grec)<strong><sub>1<\/sub><\/strong>. En Dieu, il voyait le P\u00e8re, la Parole (le Fils) et la Sagesse (l&rsquo;Esprit). En commentant le 6e jour, <span style=\"background-color: #add8e6;\"><em>\u00ab\u00a0Faisons l&rsquo;homme \u00e0 notre image\u00a0\u00bb<\/em><\/span>, Th\u00e9ophile rel\u00e8ve <em>la pluralit\u00e9 en<\/em> Dieu (P\u00e8re, Parole et sagesse).<strong><sub>2<\/sub><\/strong><\/p>\n<p align=\"JUSTIFY\">\u00a0<\/p>\n<h3>Tertullien (150-230)<\/h3>\n<p align=\"JUSTIFY\">\u00a0<\/p>\n<p align=\"JUSTIFY\"><a href=\"\/wp-content\/uploads\/2008\/03\/tertullien.jpg\"><img loading=\"lazy\" decoding=\"async\" class=\"size-full wp-image-8297 alignleft\" style=\"margin: 10px;\" src=\"\/wp-content\/uploads\/2008\/03\/tertullien.jpg\" alt=\"tertullien\" width=\"130\" height=\"174\" \/><\/a><\/p>\n<p align=\"JUSTIFY\">\u00a0Malgr\u00e9 son engagement \u00e0 la fin de sa vie dans le mouvement <em>montiste<\/em>, il a affirm\u00e9 plusieurs v\u00e9rit\u00e9s essentielles sur la <em>Trinit\u00e9<\/em>. Ce fut vraisemblablement la premi\u00e8re personne \u00e0 utiliser ce mot en latin.<\/p>\n<p align=\"JUSTIFY\">\u00a0<\/p>\n<p align=\"JUSTIFY\">Il pose d&#8217;embl\u00e9e l&rsquo;unit\u00e9 de la <em>substance divine<\/em>. Par <em>substance<\/em>, il reprend l&rsquo;id\u00e9e sto\u00efcienne de <em>l&rsquo;\u00e9toffe<\/em> dont les choses sont faites. Pour Dieu, c&rsquo;est \u00ab\u00a0sa mati\u00e8re constitutive\u00a0\u00bb. Cette unit\u00e9 se d\u00e9ploie et s&rsquo;organise, sans division ni opposition, en la <em>trinit\u00e9<\/em> du P\u00e8re, du Fils et du Saint-Esprit. Pour exprimer cette pluralit\u00e9, Tertullien emploie le mot \u00ab<em>\u00a0persona<\/em>\u00a0\u00bb qui peut signifier le masque, le r\u00f4le, le sujet personnel. Dans ce sens, Tertullien dit du P\u00e8re, du Fils et du Saint-Esprit qu&rsquo;ils sont trois \u00ab\u00a0personnes\u00a0\u00bb :<\/p>\n<p align=\"JUSTIFY\">\u00a0<\/p>\n<p align=\"JUSTIFY\"><em>\u00ab\u00a0[&#8230;] la Trinit\u00e9, o\u00f9 nous distinguons trois personnes, le P\u00e8re, le Fils et l&rsquo;Esprit saint. Ils sont trois, non pas en essence, mais en degr\u00e9; non pas en substance, mais en forme; non pas en puissance, mais en esp\u00e8ce; tous trois ayant une seule et m\u00eame substance, une seule et m\u00eame nature, une seule et m\u00eame puissance, parce qu&rsquo;il n&rsquo;y a qu&rsquo;un seul Dieu duquel proc\u00e8dent ces degr\u00e9s, ces formes et ces esp\u00e8ces, sous le nom de P\u00e8re, de Fils et de Saint-Esprit\u00a0\u00bb<\/em>.<strong><sub>3<\/sub><\/strong>]<\/p>\n<p align=\"JUSTIFY\">\u00a0<\/p>\n<h3>Athanase (296 &#8211; 373 apr\u00e8s J.C.)<\/h3>\n<p align=\"JUSTIFY\">\u00a0<\/p>\n<p align=\"JUSTIFY\"><a href=\"\/wp-content\/uploads\/2008\/03\/athanase.jpg\"><img loading=\"lazy\" decoding=\"async\" class=\"size-full wp-image-8298 alignleft\" style=\"margin: 10px;\" src=\"\/wp-content\/uploads\/2008\/03\/athanase.jpg\" alt=\"athanase\" width=\"131\" height=\"174\" \/><\/a><\/p>\n<p align=\"JUSTIFY\">\u00a0Patriarche d&rsquo;Alexandrie au VIe si\u00e8cle, il connut auparavant plusieurs exils parce qu&rsquo;il s&rsquo;est oppos\u00e9 \u00e0 Arius. Dans ses ouvrages il formulera la doctrine de la Trinit\u00e9 avec finesse. L&rsquo;un des textes les plus connus de lui est le<em> symbole d&rsquo;Athanase<\/em> : <em>\u00ab\u00a0Or c&rsquo;est ici la Foi universelle (ou catholique) : Que nous adorions un Dieu dans la Trinit\u00e9, et la Trinit\u00e9 dans l&rsquo;Unit\u00e9, sans confondre les personnes et sans diviser la substance. Car autre est la personne du P\u00e8re, autre est celle du Fils, autre est celle du Saint- Esprit. Mais la Divinit\u00e9 du P\u00e8re, du Fils et du Saint-Esprit n&rsquo;est qu&rsquo;une, leur gloire est \u00e9gale, leur majest\u00e9 co\u00e9ternelle. Tel est le P\u00e8re, tel est le Fils, tel est le Saint-Esprit. Le P\u00e8re incr\u00e9\u00e9, le Fils incr\u00e9\u00e9, le Saint-Esprit incr\u00e9\u00e9. Le P\u00e8re infini, le Fils infini, le Saint-Esprit infini. Le P\u00e8re \u00e9ternel, le Fils \u00e9ternel, le Saint-Esprit \u00e9ternel. Et cependant ils ne sont point trois \u00e9ternels, mais un \u00e9ternel&#8230; Et dans cette Trinit\u00e9, il n&rsquo;y a ni priorit\u00e9, ni post\u00e9riorit\u00e9 : l&rsquo;un n&rsquo;est pas plus grand, ni moindre que l&rsquo;autre. Mais toutes les trois Personnes sont co\u00e9temelles et \u00e9gales entre elles. De sorte qu&rsquo;en toutes choses, comme il a d\u00e9j\u00e0 \u00e9t\u00e9 dit ci-dessus, il faut adorer l&rsquo;Unit\u00e9 dans la Trinit\u00e9, et la Trinit\u00e9 dans l&rsquo;Unit\u00e9. Quiconque veut donc \u00eatre sauv\u00e9 doit avoir ces sentiments de la Trinit\u00e9 \u00bb.<\/em><strong><sub>4<\/sub><\/strong>]<\/p>\n<p align=\"JUSTIFY\">\u00a0<\/p>\n<h3>Le Symbole de Nic\u00e9e (325)<\/h3>\n<p align=\"JUSTIFY\">\u00a0<\/p>\n<p align=\"JUSTIFY\"><a href=\"\/wp-content\/uploads\/2008\/03\/symbole-nicee.jpg\"><img loading=\"lazy\" decoding=\"async\" class=\"size-full wp-image-8299 alignright\" style=\"margin: 10px;\" src=\"\/wp-content\/uploads\/2008\/03\/symbole-nicee.jpg\" alt=\"symbole-nicee\" width=\"281\" height=\"251\" \/><\/a>L&rsquo;ensemble des \u00ab\u00a0Ev\u00eaques\u00a0\u00bb chr\u00e9tiens a \u00e9t\u00e9 r\u00e9uni \u00e0 Nic\u00e9e par Constantin. Un socle commun de croyances a \u00e9t\u00e9 adopt\u00e9 de mani\u00e8re quasi-unanime, connu sous le nom de \u00ab\u00a0Credo\u00a0\u00bb (l&rsquo;enseignement d&rsquo;Arius y fut notamment condamn\u00e9).<\/p>\n<p align=\"JUSTIFY\">\u00a0<\/p>\n<p align=\"JUSTIFY\">\u00ab\u00a0<em>Nous croyons [&#8230;] en un seul Seigneur J\u00e9sus-Christ, Fils de Dieu, engendr\u00e9 Fils unique du P\u00e8re, c&rsquo;est-\u00e0-dire de la substance du P\u00e8re, Dieu de Dieu, Lumi\u00e8re de Lumi\u00e8re, vrai Dieu n\u00e9 du vrai Dieu, engendr\u00e9 non pas cr\u00e9\u00e9, consubstantiel au P\u00e8re<\/em>\u00a0\u00bb.<\/p>\n<p align=\"JUSTIFY\">\u00a0<\/p>\n<p align=\"JUSTIFY\">Le concile de Constantinople restera dans les m\u00e9moires comme le lieu de la clarification th\u00e9ologique du myst\u00e8re de la Trinit\u00e9. Il compl\u00e9ta le symbole de Nic\u00e9e en y affirmant notamment la divinit\u00e9 de l&rsquo;Esprit (voir quelques ajouts \u00e0 Nic\u00e9e en italique) :<\/p>\n<p align=\"JUSTIFY\">\u00a0<\/p>\n<p align=\"JUSTIFY\">\u00ab\u00a0[&#8230;]<strong> <em>Il a \u00e9t\u00e9 crucifi\u00e9 \u00e0 cause de nous<\/em><\/strong><em> <strong>sous Ponce Pilate, a souffert, a \u00e9t\u00e9 enseveli<\/strong><\/em> et est ressuscit\u00e9 le troisi\u00e8me jour <em><strong>selon les \u00c9critures<\/strong><\/em> ; il est remont\u00e9 aux cieux et <strong><em>s&rsquo;est assis \u00e0 la droite du P\u00e8re<\/em><\/strong>, <strong><em>d&rsquo;o\u00f9<\/em><\/strong> il reviendra <strong><em>avec gloire<\/em><\/strong> <strong><em>pour<\/em><\/strong> juger les vivants et les morts, <strong><em>dont le r\u00e8gne n&rsquo;aura pas de fin<\/em><\/strong>, et en l&rsquo;Esprit Saint,<strong><em> le Seigneur qui r\u00e8gne et rend vivant, qui proc\u00e8de du P\u00e8re et qui avec le P\u00e8re et le Fils doit \u00eatre honor\u00e9 et glorifi\u00e9, qui a parl\u00e9 par les proph\u00e8tes, une seule \u00e9glise, sainte, universelle et apostolique<\/em><\/strong>\u00a0\u00bb<\/p>\n<p align=\"JUSTIFY\">\u00a0<\/p>\n<p align=\"JUSTIFY\">\u00a0<\/p>\n<h2>Conclusion<\/h2>\n<p align=\"JUSTIFY\">\u00a0<\/p>\n<p align=\"JUSTIFY\">Le reste de l&rsquo;histoire chr\u00e9tienne n&rsquo;a pas apport\u00e9 r\u00e9ellement de nouveaut\u00e9s dans la formulation de la Trinit\u00e9. Certaines erreurs sont revenues sur le tapis comme Michel Servet au XVIe qui reprenait le <em>sabellianisme<\/em>, ou les T\u00e9moins de Jehova l<em>&lsquo;arianisme<\/em>. La Trinit\u00e9 est rest\u00e9e un des enseignements de base des principales d\u00e9nominations chr\u00e9tiennes, bien que le courant lib\u00e9ral protestant la conteste discr\u00e8tement. Le retour et l&rsquo;attachement \u00e0 l&rsquo;Ecriture dans sa globalit\u00e9 nous conduisent \u00e0 affirmer avec Augustin :<\/p>\n<p align=\"JUSTIFY\">\u00a0<\/p>\n<p align=\"JUSTIFY\">\u00ab\u00a0<em>Tous les interpr\u00e8tes de nos livres sacr\u00e9s, tant de l&rsquo;ancien Testament que du nouveau que j&rsquo;ai lus, et qui ont \u00e9crit sur la Trinit\u00e9, le Dieu unique et v\u00e9ritable, se sont accord\u00e9s \u00e0 prouver par l&rsquo;enseignement des Ecritures que le P\u00e8re, le Fils et l&rsquo;Esprit Saint sont un en unit\u00e9 de nature, ou de substance, et parfaitement \u00e9gaux entre eux. Ainsi ce ne sont pas trois dieux, mais un seul et m\u00eame Dieu.<\/em>\u00a0\u00bb<strong><sub>5<\/sub><\/strong>]<\/p>\n<p align=\"JUSTIFY\">\u00a0<\/p>\n<p align=\"CENTER\"><b>R.K. <\/b><\/p>\n<hr \/>\n<div id=\"ftn1\" dir=\"LTR\">\n<p align=\"JUSTIFY\">NOTES<\/p>\n<\/div>\n<p align=\"JUSTIFY\">\u00a0<\/p>\n<p align=\"JUSTIFY\"><strong>1. <\/strong><em>A Autolycus<\/em>, Livre 2, chapitre 15.<\/p>\n<div id=\"ftn2\" dir=\"LTR\">\n<p align=\"JUSTIFY\">\u00a0<\/p>\n<p align=\"JUSTIFY\"><strong>2.<\/strong> <em>Ibid<\/em>, Livre 2, chapitre 18.<\/p>\n<\/div>\n<div id=\"ftn3\" dir=\"LTR\">\n<p align=\"JUSTIFY\">\u00a0<\/p>\n<p align=\"JUSTIFY\"><strong>3.<\/strong> Tertullien, <em>Contre Praexas<\/em>, Chapitre II.<\/p>\n<\/div>\n<div id=\"ftn4\" dir=\"LTR\">\n<p align=\"JUSTIFY\">\u00a0<\/p>\n<p align=\"JUSTIFY\"><strong>4.<\/strong> La formulation d\u00e9finitive de ce texte est attribu\u00e9e \u00e0 l&rsquo;\u00e9v\u00eaque Fulgence de Ruspe vers 533.<\/p>\n<\/div>\n<div id=\"ftn5\" dir=\"LTR\">\n<p align=\"JUSTIFY\">\u00a0<\/p>\n<p align=\"JUSTIFY\"><strong>5.<\/strong> Saint-Augustin (354-430), <em>De la Trinit\u00e9<\/em>, I, IV, 7<\/p>\n<\/div>\n<p align=\"JUSTIFY\">\u00a0<\/p>\n","protected":false},"excerpt":{"rendered":"<p>Survol historique de la Trinit\u00e9 &nbsp; &nbsp; par Reynald KOZYCKI \u00a0 &nbsp; Les articles pr\u00e9c\u00e9dents ont d\u00e9montr\u00e9 que la Bible est suffisante pour apporter les \u00e9l\u00e9ments essentiels \u00e0 propos du \u00ab\u00a0myst\u00e8re\u00a0\u00bb de la nature de Dieu en trois personnes. Une formulation plus pr\u00e9cise sera apport\u00e9e entre le Il\u00e8me et le Verne si\u00e8cle suite \u00e0 de [&hellip;]<\/p>\n","protected":false},"author":21,"featured_media":0,"comment_status":"closed","ping_status":"closed","sticky":false,"template":"","format":"standard","meta":{"footnotes":""},"categories":[6,10,28,24],"tags":[],"class_list":["post-1167","post","type-post","status-publish","format-standard","hentry","category-dieu","category-histoire-de-leglise","category-jesus-christ","category-le-saint-esprit"],"_links":{"self":[{"href":"https:\/\/www.servir.caef.net\/index.php?rest_route=\/wp\/v2\/posts\/1167","targetHints":{"allow":["GET"]}}],"collection":[{"href":"https:\/\/www.servir.caef.net\/index.php?rest_route=\/wp\/v2\/posts"}],"about":[{"href":"https:\/\/www.servir.caef.net\/index.php?rest_route=\/wp\/v2\/types\/post"}],"author":[{"embeddable":true,"href":"https:\/\/www.servir.caef.net\/index.php?rest_route=\/wp\/v2\/users\/21"}],"replies":[{"embeddable":true,"href":"https:\/\/www.servir.caef.net\/index.php?rest_route=%2Fwp%2Fv2%2Fcomments&post=1167"}],"version-history":[{"count":0,"href":"https:\/\/www.servir.caef.net\/index.php?rest_route=\/wp\/v2\/posts\/1167\/revisions"}],"wp:attachment":[{"href":"https:\/\/www.servir.caef.net\/index.php?rest_route=%2Fwp%2Fv2%2Fmedia&parent=1167"}],"wp:term":[{"taxonomy":"category","embeddable":true,"href":"https:\/\/www.servir.caef.net\/index.php?rest_route=%2Fwp%2Fv2%2Fcategories&post=1167"},{"taxonomy":"post_tag","embeddable":true,"href":"https:\/\/www.servir.caef.net\/index.php?rest_route=%2Fwp%2Fv2%2Ftags&post=1167"}],"curies":[{"name":"wp","href":"https:\/\/api.w.org\/{rel}","templated":true}]}}