{"id":1253,"date":"2008-05-19T12:41:38","date_gmt":"2008-05-19T12:41:38","guid":{"rendered":"\/?p=1253"},"modified":"2016-11-23T08:42:17","modified_gmt":"2016-11-23T08:42:17","slug":"culture-environnement-%e2%80%93-medias","status":"publish","type":"post","link":"https:\/\/www.servir.caef.net\/?p=1253","title":{"rendered":"Culture \u2013 Environnement \u2013 M\u00e9dias"},"content":{"rendered":"<h1 style=\"text-align: center;\"><span style=\"color: #808000;\">Culture \u2013 Environnement \u2013 M\u00e9dias<\/span><\/h1>\n<p align=\"JUSTIFY\">\u00a0<\/p>\n<p align=\"JUSTIFY\">\u00a0<\/p>\n<p>&nbsp;<\/p>\n<p align=\"JUSTIFY\">L\u2019association <strong>Culture Environnement M\u00e9dias (CEM)<\/strong> a pour objet de promouvoir les valeurs chr\u00e9tiennes dans les domaines de la culture (litt\u00e9rature, arts plastiques, musique, cin\u00e9ma, etc.), de l&rsquo;environnement (protection, recherche, information) et des m\u00e9dias (radio, t\u00e9l\u00e9vision, presse, r\u00e9seaux informatiques). L&rsquo;association CEM entretient des liens privil\u00e9gi\u00e9s avec A Rocha France (protection de l&rsquo;environnement dans une perspective chr\u00e9tienne) qu&rsquo;elle a contribu\u00e9 \u00e0 fonder en avril 2000.<\/p>\n<p align=\"JUSTIFY\">\u00a0<\/p>\n<p align=\"JUSTIFY\"><!--more--><\/p>\n<p align=\"JUSTIFY\"><strong><a href=\"\/wp-content\/uploads\/2008\/pdf2008\/SERVIR%203-2008%20Cahier.pdf#page=22\"><img loading=\"lazy\" decoding=\"async\" title=\"iconePDF\" src=\"\/wp-content\/uploads\/2011\/01\/iconePDF.jpg\" alt=\"\" width=\"81\" height=\"76\" align=\"right\" hspace=\"8\" vspace=\"8\" \/><\/a>\u00a0<a href=\"\/wp-content\/uploads\/2008\/05\/baudin2.jpg\"><img loading=\"lazy\" decoding=\"async\" class=\"size-full wp-image-8348 alignleft\" style=\"margin: 10px;\" src=\"\/wp-content\/uploads\/2008\/05\/baudin2.jpg\" alt=\"baudin2\" width=\"78\" height=\"94\" \/><\/a>Fr\u00e9d\u00e9ric Baudin<\/strong> est le principal animateur de CEM. Ecrivain et conf\u00e9rencier, il a suivi une formation universitaire en \u00e9cologie, lettres modernes et th\u00e9ologie. Il est l&rsquo;auteur de nombreux articles et a publi\u00e9 plusieurs ouvrages, dont un roman, <em>En qu\u00eate de l&rsquo;infim<\/em>e, prix des auteurs protestants francophones d\u00e9cern\u00e9 par <em>La Cause<\/em> en 1998.<\/p>\n<p align=\"JUSTIFY\">\u00a0<\/p>\n<p align=\"JUSTIFY\">Ses derniers livres, <em>D&rsquo;un Jardin \u00e0 l&rsquo;Autre<\/em> et <em>Dieu est-il vert<\/em> ? (2007) sont parus aux \u00e9ditions CEM et CroirePocket. Fr\u00e9d\u00e9ric Baudin est vice-pr\u00e9sident de l<em>&lsquo;Alliance Evang\u00e9lique Fran\u00e7aise<\/em> et membre fondateur de l&rsquo;association <em>A Rocha France<\/em>.<\/p>\n<p align=\"JUSTIFY\">\u00a0<\/p>\n<p align=\"JUSTIFY\"><strong><a href=\"\/wp-content\/uploads\/2008\/05\/bibleco.jpg\"><img loading=\"lazy\" decoding=\"async\" class=\"size-full wp-image-8349 alignright\" style=\"margin: 10px;\" src=\"\/wp-content\/uploads\/2008\/05\/bibleco.jpg\" alt=\"bibleco\" width=\"152\" height=\"107\" srcset=\"https:\/\/www.servir.caef.net\/wp-content\/uploads\/2008\/05\/bibleco.jpg 152w, https:\/\/www.servir.caef.net\/wp-content\/uploads\/2008\/05\/bibleco-150x107.jpg 150w\" sizes=\"auto, (max-width: 152px) 100vw, 152px\" \/><\/a>CEM propose des conf\u00e9rences<\/strong> sur le th\u00e8me \u00ab\u00a0Culture et Foi\u00a0\u00bb : Protection de l&rsquo;environnement (<em>Bible et \u00e9cologie<\/em>, en collaboration avec A Rocha France), m\u00e9ditation sur les jardins dans la Bible (<em>D&rsquo;un jardin \u00e0 l&rsquo;Autre<\/em> : l&rsquo;arbre de vie de la Gen\u00e8se \u00e0 l&rsquo;Apocalypse), les rapports Nord-Sud (l&rsquo;aide humanitaire, le d\u00e9veloppement et l&rsquo;environnement, en collaboration avec le <em>Service d&rsquo;Entraide et de Liaison, SEL)<\/em>, le christianisme dans la culture contemporaine (les figures de J\u00e9sus esquiss\u00e9es par les th\u00e9ologiens et les artistes dans la litt\u00e9rature, le cin\u00e9ma, le th\u00e9\u00e2tre, et par divers courants religieux et philosophiques), la litt\u00e9rature et la foi chr\u00e9tienne (Mauriac, Bernanos, etc.), Blaise Pascal (Raison et foi dans la recherche de Dieu), la place des chr\u00e9tiens dans la soci\u00e9t\u00e9, etc.<\/p>\n<p align=\"JUSTIFY\">\u00a0<\/p>\n<p align=\"JUSTIFY\">En 2006 a \u00e9t\u00e9 cr\u00e9\u00e9e CEM-Ile-de-France dont l&rsquo;activit\u00e9 est centr\u00e9e autour du <em>Forum Culturel Protestant<\/em> dirig\u00e9 par Nicolas Farelly en r\u00e9gion parisienne (cf. <a href=\"http:\/\/www.forumculturelprotestant.com\">www.forumculturelprotestant.com<\/a>)<\/p>\n<p align=\"JUSTIFY\">\u00a0<\/p>\n<p style=\"text-align: center;\" align=\"JUSTIFY\">\u00a0<a href=\"\/wp-content\/uploads\/2008\/05\/ciel.jpg\"><img loading=\"lazy\" decoding=\"async\" src=\"\/wp-content\/uploads\/2008\/05\/ciel.jpg\" alt=\"ciel\" width=\"515\" height=\"92\" \/><\/a><\/p>\n","protected":false},"excerpt":{"rendered":"<p>Culture \u2013 Environnement \u2013 M\u00e9dias \u00a0 \u00a0 &nbsp; L\u2019association Culture Environnement M\u00e9dias (CEM) a pour objet de promouvoir les valeurs chr\u00e9tiennes dans les domaines de la culture (litt\u00e9rature, arts plastiques, musique, cin\u00e9ma, etc.), de l&rsquo;environnement (protection, recherche, information) et des m\u00e9dias (radio, t\u00e9l\u00e9vision, presse, r\u00e9seaux informatiques). L&rsquo;association CEM entretient des liens privil\u00e9gi\u00e9s avec A Rocha [&hellip;]<\/p>\n","protected":false},"author":46,"featured_media":0,"comment_status":"closed","ping_status":"closed","sticky":false,"template":"","format":"standard","meta":{"footnotes":""},"categories":[91,30,9,21],"tags":[],"class_list":["post-1253","post","type-post","status-publish","format-standard","hentry","category-medias","category-notes-de-lecture","category-oeuvres-et-missions","category-ethique"],"_links":{"self":[{"href":"https:\/\/www.servir.caef.net\/index.php?rest_route=\/wp\/v2\/posts\/1253","targetHints":{"allow":["GET"]}}],"collection":[{"href":"https:\/\/www.servir.caef.net\/index.php?rest_route=\/wp\/v2\/posts"}],"about":[{"href":"https:\/\/www.servir.caef.net\/index.php?rest_route=\/wp\/v2\/types\/post"}],"author":[{"embeddable":true,"href":"https:\/\/www.servir.caef.net\/index.php?rest_route=\/wp\/v2\/users\/46"}],"replies":[{"embeddable":true,"href":"https:\/\/www.servir.caef.net\/index.php?rest_route=%2Fwp%2Fv2%2Fcomments&post=1253"}],"version-history":[{"count":0,"href":"https:\/\/www.servir.caef.net\/index.php?rest_route=\/wp\/v2\/posts\/1253\/revisions"}],"wp:attachment":[{"href":"https:\/\/www.servir.caef.net\/index.php?rest_route=%2Fwp%2Fv2%2Fmedia&parent=1253"}],"wp:term":[{"taxonomy":"category","embeddable":true,"href":"https:\/\/www.servir.caef.net\/index.php?rest_route=%2Fwp%2Fv2%2Fcategories&post=1253"},{"taxonomy":"post_tag","embeddable":true,"href":"https:\/\/www.servir.caef.net\/index.php?rest_route=%2Fwp%2Fv2%2Ftags&post=1253"}],"curies":[{"name":"wp","href":"https:\/\/api.w.org\/{rel}","templated":true}]}}