{"id":1274,"date":"2008-05-19T13:46:38","date_gmt":"2008-05-19T13:46:38","guid":{"rendered":"\/?p=1274"},"modified":"2016-11-23T08:35:31","modified_gmt":"2016-11-23T08:35:31","slug":"legs-aux-generations-futures","status":"publish","type":"post","link":"https:\/\/www.servir.caef.net\/?p=1274","title":{"rendered":"Legs aux g\u00e9n\u00e9rations futures\u2026"},"content":{"rendered":"<h1 style=\"text-align: center;\"><span style=\"color: #00f;\"><a href=\"\/wp-content\/uploads\/2008\/pdf2008\/SERVIR%203-2008%20Cahier.pdf#page=26\"><img decoding=\"async\" title=\"iconePDF\" src=\"\/wp-content\/uploads\/2011\/01\/iconePDF.jpg\" alt=\"\" align=\"right\" hspace=\"8\" vspace=\"8\" \/><br \/><\/a><\/span><\/h1>\n<table class=\" alignleft\" style=\"width: 90%;\" cellspacing=\"0\" cellpadding=\"0\">\n<tbody>\n<tr>\n<td>\n<div style=\"background-image: url('\/wp-content\/uploads\/2008\/05\/fond-texte.jpg'); background-repeat: no-repeat;\" align=\"center\">\n<div id=\"centered\" style=\"margin: 0 auto; width: 480px;\">\n<h1><em><span style=\"color: #ffffff;\">Legs aux g\u00e9n\u00e9rations futures&#8230;<\/span><\/em><\/h1>\n<h1>\u00a0<\/h1>\n<h1><span style=\"background-color: #993300;\"><em><span style=\"color: #ffffff;\">TESTAMENT<sub>1<\/sub><\/span><\/em><\/span><\/h1>\n<p>&nbsp;<\/p>\n<p><span style=\"font-family: arial,helvetica,sans-serif; font-size: small;\">A mes chers enfants,<\/span><\/p>\n<p align=\"JUSTIFY\"><span style=\"font-family: arial,helvetica,sans-serif; font-size: small;\">\u00a0\u00a0<\/span><\/p>\n<p align=\"JUSTIFY\"><span style=\"font-family: arial,helvetica,sans-serif; font-size: small;\">A mon fils Jean, avec tout mon amour, je lui laisse une augmentation moyenne de temp\u00e9rature en France de 2 \u00e0 3 degr\u00e9s, des printemps et des automnes plus courts et des \u00e9t\u00e9s touch\u00e9s par des vagues de chaleur.<\/span><\/p>\n<p align=\"JUSTIFY\">\u00a0<\/p>\n<p align=\"JUSTIFY\"><span style=\"font-family: arial,helvetica,sans-serif; font-size: small;\">Je lui transmets aussi des s\u00e9cheresses plus fr\u00e9quentes, peu de gel\u00e9es et de neige en plaine, mes photographies des glaciers disparus ainsi que de grandes probabilit\u00e9s d&rsquo;avoir de grosses temp\u00eates et des inondations.<\/span><\/p>\n<p align=\"JUSTIFY\"><span style=\"font-family: arial,helvetica,sans-serif; font-size: small;\">\u00a0<\/span><\/p>\n<p align=\"JUSTIFY\"><span style=\"font-family: arial,helvetica,sans-serif; font-size: small;\">A ma fille Marie, ma perle, je laisse les terres basses couvertes par la mer \u00e0 l&rsquo;Ouest et en Camargue. Je lui donne aussi la maison sur l&rsquo;\u00eele si le niveau de la mer n&rsquo;est pas trop important. Je lui laisse les r\u00e9cifs de coraux, menac\u00e9s par la croissance du niveau marin et de la temp\u00e9rature de l&rsquo;eau.<\/span><\/p>\n<p align=\"JUSTIFY\">\u00a0<\/p>\n<p align=\"JUSTIFY\"><span style=\"font-family: arial,helvetica,sans-serif; font-size: small;\">A mon fils Paul, je l\u00e8gue &#8211; car il aime cela &#8211; tous mes biens agricoles, c&rsquo;est-\u00e0-dire une alarmante diminution du rendement des r\u00e9coltes. Elle est due aux s\u00e9cheresses et aux temp\u00e9ratures \u00e9lev\u00e9es oui ont favoris\u00e9 le pullulement de nouveaux parasites. Et cette diminution est aussi le r\u00e9sultat de la multiplication de parasites r\u00e9sistant aux traitements \u00e0 cause de mon usage trop important de pesticides.<\/span><\/p>\n<p align=\"JUSTIFY\"><span style=\"font-family: arial,helvetica,sans-serif; font-size: small;\">\u00a0<\/span><\/p>\n<p align=\"JUSTIFY\"><span style=\"font-family: arial,helvetica,sans-serif; font-size: small;\">Il pourra ainsi profiter de l&rsquo;acc\u00e9l\u00e9ration des processus de d\u00e9forestation, d&rsquo;\u00e9rosion et de d\u00e9sertification.<\/span><\/p>\n<p align=\"JUSTIFY\"><span style=\"font-family: arial,helvetica,sans-serif; font-size: small;\">\u00a0<\/span><\/p>\n<p align=\"JUSTIFY\"><span style=\"font-family: arial,helvetica,sans-serif; font-size: small;\">A Sara ma derni\u00e8re, je laisse l&rsquo;extension de maladies comme la malaria et la dengue provenant de la prolif\u00e9ration des moustiques du fait du manque de gel\u00e9es et d&rsquo;une majorit\u00e9 d&rsquo;hivers trop cl\u00e9ments.<\/span><span style=\"font-family: arial,helvetica,sans-serif; font-size: small;\">\u00a0<\/span><\/p>\n<p align=\"JUSTIFY\"><span style=\"font-family: arial,helvetica,sans-serif; font-size: small;\">Et \u00e0 tous, pour qu&rsquo;ils se la partagent comme des fr\u00e8res et s\u0153urs qui s&rsquo;aiment, je leur transmets une massive disparition des esp\u00e8ces. En plus de celles qui disparaissent chaque jour \u00e0 cause de la destruction de leur milieu de vie, 9 \u00e0 52 % des autres ne pourront pas s&rsquo;adapter \u00e0 temps aux changements climatiques dont moi et ceux de ma g\u00e9n\u00e9ration sommes responsables, et elles s&rsquo;\u00e9teindront.<\/span><\/p>\n<p align=\"JUSTIFY\"><span style=\"font-family: arial,helvetica,sans-serif; font-size: small;\">\u00a0<\/span><\/p>\n<p align=\"JUSTIFY\"><span style=\"font-family: arial,helvetica,sans-serif; font-size: small;\">Si nous ne pouvons tout \u00e9viter, il est encore temps de changer l&rsquo;h\u00e9ritage que nous allons laisser \u00e0 nos enfants et au moins freiner ces m\u00e9canismes destructeurs. Comme citoyen de cette terre, tu ne peux rester les bras crois\u00e9s en accusant les autres. Tu peux lutter \u00e0 ton niveau par tes choix personnels et par ton vote contre le r\u00e9chauffement climatique.<\/span><\/p>\n<p align=\"JUSTIFY\"><strong><span style=\"font-family: arial,helvetica,sans-serif; font-size: small;\">\u00a0<\/span><\/strong><\/p>\n<p align=\"JUSTIFY\"><strong><span style=\"color: #ffffff; font-family: arial,helvetica,sans-serif; font-size: small;\">Comme chr\u00e9tien, c&rsquo;est aussi ton obligation, car tu as re\u00e7u le mandat de Dieu pour, comme un Roi-Berger, prendre soin de cette Terre qu\u2019il t&rsquo;a confi\u00e9e.<\/span><\/strong><\/p>\n<p align=\"JUSTIFY\"><strong><span style=\"font-family: arial,helvetica,sans-serif; font-size: small;\">\u00a0<\/span><\/strong><\/p>\n<p align=\"JUSTIFY\">\u00a0<\/p>\n<hr \/>\n<p align=\"JUSTIFY\"><span style=\"font-family: arial,helvetica,sans-serif; font-size: small;\">NOTES<\/span><\/p>\n<p align=\"JUSTIFY\"><span style=\"font-family: arial,helvetica,sans-serif; font-size: small;\">\u00a0<\/span><\/p>\n<p align=\"JUSTIFY\"><span style=\"font-family: arial,helvetica,sans-serif; font-size: small;\"><strong>1. <\/strong>\u00a0Texte de Fran\u00e7ois-Jean MARTIN d\u2019apr\u00e8s un appel du WWF paru dans le <em>National Geographic<\/em>, version espagnole, D\u00e9cembre 2007.<\/span><\/p>\n<p align=\"JUSTIFY\"><span style=\"font-family: arial,helvetica,sans-serif; font-size: small;\">\u00a0<\/span><\/p>\n<p><span style=\"font-family: arial,helvetica,sans-serif; font-size: small;\">\u00a0<\/span><\/p>\n<\/div>\n<\/div>\n<\/td>\n<\/tr>\n<\/tbody>\n<\/table>\n<h1 style=\"text-align: center;\"><sub>\u00a0<\/sub><\/h1>\n<p align=\"JUSTIFY\">\u00a0<\/p>\n<p align=\"JUSTIFY\">\u00a0<\/p>\n","protected":false},"excerpt":{"rendered":"<p>Legs aux g\u00e9n\u00e9rations futures&#8230; \u00a0 TESTAMENT1 &nbsp; A mes chers enfants, \u00a0\u00a0 A mon fils Jean, avec tout mon amour, je lui laisse une augmentation moyenne de temp\u00e9rature en France de 2 \u00e0 3 degr\u00e9s, des printemps et des automnes plus courts et des \u00e9t\u00e9s touch\u00e9s par des vagues de chaleur. \u00a0 Je lui transmets [&hellip;]<\/p>\n","protected":false},"author":3,"featured_media":0,"comment_status":"closed","ping_status":"closed","sticky":false,"template":"","format":"standard","meta":{"footnotes":""},"categories":[50,21],"tags":[],"class_list":["post-1274","post","type-post","status-publish","format-standard","hentry","category-jeunesse","category-ethique"],"_links":{"self":[{"href":"https:\/\/www.servir.caef.net\/index.php?rest_route=\/wp\/v2\/posts\/1274","targetHints":{"allow":["GET"]}}],"collection":[{"href":"https:\/\/www.servir.caef.net\/index.php?rest_route=\/wp\/v2\/posts"}],"about":[{"href":"https:\/\/www.servir.caef.net\/index.php?rest_route=\/wp\/v2\/types\/post"}],"author":[{"embeddable":true,"href":"https:\/\/www.servir.caef.net\/index.php?rest_route=\/wp\/v2\/users\/3"}],"replies":[{"embeddable":true,"href":"https:\/\/www.servir.caef.net\/index.php?rest_route=%2Fwp%2Fv2%2Fcomments&post=1274"}],"version-history":[{"count":0,"href":"https:\/\/www.servir.caef.net\/index.php?rest_route=\/wp\/v2\/posts\/1274\/revisions"}],"wp:attachment":[{"href":"https:\/\/www.servir.caef.net\/index.php?rest_route=%2Fwp%2Fv2%2Fmedia&parent=1274"}],"wp:term":[{"taxonomy":"category","embeddable":true,"href":"https:\/\/www.servir.caef.net\/index.php?rest_route=%2Fwp%2Fv2%2Fcategories&post=1274"},{"taxonomy":"post_tag","embeddable":true,"href":"https:\/\/www.servir.caef.net\/index.php?rest_route=%2Fwp%2Fv2%2Ftags&post=1274"}],"curies":[{"name":"wp","href":"https:\/\/api.w.org\/{rel}","templated":true}]}}