{"id":13,"date":"1996-01-01T16:01:52","date_gmt":"1996-01-01T16:01:52","guid":{"rendered":"\/?p=13"},"modified":"2016-05-11T06:25:47","modified_gmt":"2016-05-11T06:25:47","slug":"histoire-des-caef-1","status":"publish","type":"post","link":"https:\/\/www.servir.caef.net\/?p=13","title":{"rendered":"Histoire des C.A.E.F. (1)"},"content":{"rendered":"<h1>Histoire des C.A.E.F.<\/h1>\n<p>&nbsp;<\/p>\n<p>&nbsp;<\/p>\n<p>&nbsp;<\/p>\n<h1 style=\"text-align: center;\">Histoire des CAEF (1)<\/h1>\n<p>&nbsp;<\/p>\n<h1 style=\"text-align: center;\"><strong>Les Fr\u00e8res\u00a0: Coup d&rsquo;\u0153il sur leur histoire<\/strong><\/h1>\n<p>&nbsp;<\/p>\n<p>\u00a0<a href=\"\/wp-content\/uploads\/1996\/01\/vieille-ville.jpg\"><img loading=\"lazy\" decoding=\"async\" class=\"size-full wp-image-8779 aligncenter\" src=\"\/wp-content\/uploads\/1996\/01\/vieille-ville.jpg\" alt=\"vieille ville\" width=\"495\" height=\"394\" srcset=\"https:\/\/www.servir.caef.net\/wp-content\/uploads\/1996\/01\/vieille-ville.jpg 495w, https:\/\/www.servir.caef.net\/wp-content\/uploads\/1996\/01\/vieille-ville-300x238.jpg 300w\" sizes=\"auto, (max-width: 495px) 100vw, 495px\" \/><\/a><\/p>\n<p>&nbsp;<\/p>\n<p style=\"text-align: justify;\"><strong><span style=\"font-family: Arial;\">Nos assembl\u00e9es ne sont seules \u00e9glises qui, dans l&rsquo;histoire, ont d\u00e9sir\u00e9 se constituer et vivre selon renseignement n\u00e9otestamentaire ! Etre fid\u00e8le \u00e0 l&rsquo;esprit de la premi\u00e8re \u00e9glise est un combat perp\u00e9tuel contre toutes sortes de forces qui tendent \u00e0 d\u00e9tourner les chr\u00e9tiens de la simplicit\u00e9 \u00e9vang\u00e9lique, d&rsquo;une stricte ob\u00e9issance \u00e0 l&rsquo;Ecriture.<\/span><\/strong><\/p>\n<p style=\"text-align: justify;\">\u00a0<\/p>\n<p style=\"text-align: justify;\">D\u00e9finir le \u00ab\u00a0mod\u00e8le n\u00e9otestamentaire\u00a0\u00bb de l&rsquo;\u00e9glise, l&rsquo;\u00e9glise id\u00e9ale, n&rsquo;est pas chose ais\u00e9e ! Ce qui s&rsquo;est pass\u00e9 dans les premi\u00e8res semaines qui ont suivi la Pentec\u00f4te ne peut pas s&rsquo;appliquer \u00e0 une communaut\u00e9 dont la croissance et le fonctionnement doivent s&rsquo;\u00e9tendre sur des g\u00e9n\u00e9rations ; et les \u00e9p\u00eetres des ap\u00f4tres ne d\u00e9crivent pas une Eglise dot\u00e9e de structures aux contours pr\u00e9cis en vue de l&rsquo;\u00e9tablissement d&rsquo;une communaut\u00e9 type. Le Nouveau Testament ne nous annonce pas une nouvelle loi, mais une nouvelle alliance, celle de l&rsquo;Esprit de libert\u00e9.<\/p>\n<p style=\"text-align: justify;\">\u00a0<\/p>\n<p style=\"text-align: justify;\">Toutefois cela n&rsquo;autorise nullement l&rsquo;anarchie, l&rsquo;individualisme, le libre choix de fonctionnement et de discipline, \u00e0 la mani\u00e8re de ce qui se produisait du temps des Juges, o\u00f9 chacun agissait selon ce qui lui semblait bon et juste. Des principes nous sont donn\u00e9s, et nous sommes appel\u00e9s \u00e0 discerner l&rsquo;esprit des enseignements scripturaires.<\/p>\n<p style=\"text-align: justify;\">\u00a0<\/p>\n<p style=\"text-align: justify;\">Tout au long de l&rsquo;histoire, des points secondaires comme l&rsquo;organisation, la direction, les c\u00e9r\u00e9monies dans l&rsquo;\u00e9glise, ont \u00e9t\u00e9 compris et d\u00e9velopp\u00e9s diff\u00e9remment par des hommes de Dieu \u00e0 la personnalit\u00e9 et aux sensibilit\u00e9s diverses, mais dont la fid\u00e9lit\u00e9 et la sinc\u00e9rit\u00e9 ne peuvent \u00eatre mises en doute. <strong>Et \u00e0 qui nous devons beaucoup<\/strong>, m\u00eame si nous n&rsquo;en sommes pas toujours conscients. C&rsquo;est \u00e0 leur suite, dans cette lign\u00e9e de fid\u00e8les, que nous voulons r\u00e9solument marcher.<\/p>\n<p style=\"text-align: justify;\">\u00a0<\/p>\n<p><!--more--><\/p>\n<p style=\"text-align: right;\"><span style=\"color: #0000ff;\"><a href=\"\/wp-content\/uploads\/Histoire%20des%20CAEF\/Histoire%20des%20CAEF_SP.pdf\"><span style=\"color: #0000ff;\"><strong>T\u00e9l\u00e9charger Version compl\u00e8te en PDF<\/strong><\/span><\/a><\/span><\/p>\n<p style=\"text-align: justify;\"><a href=\"\/wp-content\/uploads\/Histoire%20des%20CAEF\/Histoire%20des%20CAEF_SP.pdf\" target=\"_blank\"><img loading=\"lazy\" decoding=\"async\" title=\"iconePDF\" src=\"\/wp-content\/uploads\/2011\/01\/iconePDF.jpg\" alt=\"\" width=\"81\" height=\"76\" align=\"right\" hspace=\"8\" vspace=\"8\" \/><\/a><\/p>\n<p style=\"text-align: justify;\">\u00a0<\/p>\n<p style=\"text-align: justify;\">\u00a0<\/p>\n<p style=\"text-align: justify;\">\u00a0<\/p>\n<p style=\"text-align: justify;\">\u00a0<\/p>\n<p style=\"text-align: justify;\">\u00a0<\/p>\n<p style=\"text-align: justify;\">\u00a0<\/p>\n<p style=\"text-align: justify;\">\u00a0<\/p>\n<p style=\"text-align: justify;\">\u00a0<\/p>\n<p style=\"text-align: justify;\"><strong><a href=\"\/wp-content\/uploads\/1996\/pdf1996\/1996_01_11_histoirecaef01.pdf\" target=\"_blank\"><img loading=\"lazy\" decoding=\"async\" title=\"iconePDF\" src=\"\/wp-content\/uploads\/2011\/01\/iconePDF.jpg\" alt=\"\" width=\"81\" height=\"76\" align=\"right\" hspace=\"8\" vspace=\"8\" \/><\/a>Sans entrer dans le d\u00e9tail, rappelons quelques grandes \u00e9tapes capitales de l&rsquo;histoire de l&rsquo;Eglise, histoire dans laquelle nous nous inscrivons \u00e0 notre tour :<\/strong><\/p>\n<p style=\"text-align: justify;\">\u00a0<\/p>\n<p style=\"text-align: justify;\">\u00a0<\/p>\n<p style=\"text-align: justify;\">\u00a0<\/p>\n<h2><strong><span style=\"font-family: Arial;\">L&rsquo;EGLISE JUSQU&rsquo;AU XVI\u00e8me SIECLE<\/span><\/strong><\/h2>\n<h3><span style=\"font-family: Times New Roman;\"><strong>L&rsquo;\u00e9poque fondatrice, apostolique <\/strong><\/span><\/h3>\n<p style=\"text-align: justify;\">De 40 \u00e0 70 apr\u00e8s J\u00e9sus-Christ, les t\u00e9moins directs du minist\u00e8re terrestre de J\u00e9sus transmettent et transcrivent ce qui est n\u00e9cessaire au d\u00e9veloppement de l&rsquo;Eglise, ils r\u00e9digent le Nouveau Testament. C&rsquo;est le temps o\u00f9 l&rsquo;Asie Mineure et l&rsquo;Europe du Sud sont \u00e9vang\u00e9lis\u00e9es.<\/p>\n<p style=\"text-align: justify;\">\u00a0<\/p>\n<h3><strong><span style=\"font-family: Times New Roman;\">L&rsquo;Eglise pers\u00e9cut\u00e9e <\/span><\/strong><\/h3>\n<p style=\"text-align: justify;\">De la fin du 1er si\u00e8cle au d\u00e9but du IVe, les \u00e9glises se multiplient et s&rsquo;\u00e9tablissent tout en restant minoritaires dans la soci\u00e9t\u00e9. Les P\u00e8res d\u00e9finissent les fondements de la th\u00e9ologie chr\u00e9tienne et r\u00e9futent les grandes h\u00e9r\u00e9sies surgies souvent du sein de l&rsquo;Eglise elle-m\u00eame (mise en question de la divinit\u00e9 ou de l&rsquo;humanit\u00e9 de J\u00e9sus-Christ, doutes sur la personnalit\u00e9 de l&rsquo;Esprit Saint) ; ils combattent aussi l&rsquo;influence de pens\u00e9es h\u00e9t\u00e9rog\u00e8nes sur les convictions \u00e9vang\u00e9liques qui sont tent\u00e9es de s&rsquo;amalgamer avec elles (rationalisme ou mysticisme ; philosophies et religions orientales).<\/p>\n<p style=\"text-align: justify;\">\u00a0<\/p>\n<h3><strong><span style=\"font-family: Times New Roman;\">L&rsquo;Eglise dominatrice <\/span><\/strong><\/h3>\n<p style=\"text-align: justify;\">A la suite de l&rsquo;\u00e9dit de Milan (313) proclam\u00e9 par l&#8217;empereur Constantin, et sous ses successeurs, le christianisme devient religion de l&#8217;empire. Tout au long du Moyen Age, dans une des plus sombres p\u00e9riodes de l&rsquo;histoire de l&rsquo;Europe, l&rsquo;Eglise s&rsquo;impose comme une puissance religieuse et politique incontournable. Le christianisme devenu religion d&rsquo;Etat, s&rsquo;affadit, se corrompt par le pouvoir et l&rsquo;argent (corruption du haut et bas clerg\u00e9, attachement aux biens mat\u00e9riels, d\u00e9pravation des moeurs, absence d&rsquo;un enseignement biblique et de l&rsquo;annonce du salut gratuit en Christ).<\/p>\n<p style=\"text-align: justify;\">\u00a0<\/p>\n<p style=\"text-align: justify;\">Toutefois il faut noter plusieurs essais de r\u00e9forme int\u00e9rieure, h\u00e9las sans lendemain (d\u00e9crets pour la r\u00e9forme des moeurs du clerg\u00e9, cr\u00e9ation d&rsquo;ordres religieux \u00e0 la vie monastique s\u00e9v\u00e8re). La mission chr\u00e9tienne porte l&rsquo;Evangile en Europe du Nord, puis plus tard en Orient et jusqu&rsquo;en Chine.<\/p>\n<p style=\"text-align: justify;\">\u00a0<\/p>\n<h3><strong><span style=\"font-family: Times New Roman;\">La R\u00e9forme <\/span><\/strong><\/h3>\n<p style=\"text-align: justify;\">La red\u00e9couverte de la Bible par les <em>LUTHER, ZWINGLI, CALVIN<\/em> et autres r\u00e9formateurs au XVIe si\u00e8cle est \u00e0 l&rsquo;origine de la R\u00c9FORME. Ce puissant mouvement, en divers pays, a tent\u00e9 tout d&rsquo;abord (comme son nom l&rsquo;indique) de \u00ab\u00a0r\u00e9former\u00a0\u00bb de l&rsquo;int\u00e9rieur l&rsquo;\u00e9glise (la catholique romaine, la seule existant alors en Occident). Rapidement rejet\u00e9s et condamn\u00e9s, ces hommes ont cr\u00e9\u00e9 alors par la force des choses de nouvelles Eglises, luth\u00e9riennes, r\u00e9form\u00e9es, surnomm\u00e9es protestantes, huguenotes, etc. Le l6\u00e8me si\u00e8cle est un nouveau temps de pers\u00e9cutions, de souffrances, de deuils pour les croyants qui se heurtent \u00e0 l&rsquo;Eglise \u00e9tatique et aux pouvoirs politiques qu&rsquo;elle contr\u00f4le.<\/p>\n<p style=\"text-align: justify;\">\u00a0<\/p>\n<h2><strong><span style=\"font-family: Arial;\">LES MOUVEMENTS EVANGELIQUES MODERNES <\/span><\/strong><\/h2>\n<p style=\"text-align: justify;\">D\u00e8s la fin du XVII\u00e8me si\u00e8cle, les \u00e9glises n\u00e9es de la R\u00e9forme doivent faire face \u00e0 de nouveaux dangers : l&rsquo;esprit critique, le lib\u00e9ralisme du Si\u00e8cle des Lumi\u00e8res, qui mettent en doute les v\u00e9rit\u00e9s r\u00e9v\u00e9l\u00e9es.<\/p>\n<p style=\"text-align: justify;\">\u00a0<\/p>\n<p style=\"text-align: justify;\">Au XVIIIe si\u00e8cle, les Eglises protestantes sont devenues tr\u00e8s formalistes, attach\u00e9es \u00e0 des structures, peu pr\u00e9occup\u00e9es de la pr\u00e9dication de la Bible, aussi bien en Angleterre que sur le continent. La philosophie s&rsquo;est install\u00e9e dans la pens\u00e9e th\u00e9ologique ; les facult\u00e9s de th\u00e9ologie donnent alors un enseignement marqu\u00e9 par une critique lib\u00e9rale n\u00e9gative mettant en doute l&rsquo;authenticit\u00e9 et l&rsquo;autorit\u00e9 des textes bibliques. \u00ab\u00a0L&rsquo;h\u00e9ritage des R\u00e9formateurs, plus ou moins sauvegard\u00e9 dans les termes, \u00e9tait abandonn\u00e9 dans le fond\u00a0\u00bb \u00e9crit un pasteur protestant, Jacques Courvoisier, qui va jusqu&rsquo;\u00e0 parler pour cette p\u00e9riode de l&rsquo;\u00e9mergence d&rsquo;une \u00ab\u00a0civilisation a-chr\u00e9tienne<sup>1 <\/sup>\u00bb.<\/p>\n<p style=\"text-align: justify;\">\u00a0<\/p>\n<p style=\"text-align: justify;\">Mais une succession de r\u00e9actions \u00e9vang\u00e9liques va secouer ces Eglises protestantes lib\u00e9rales.<\/p>\n<p style=\"text-align: justify;\">\u00a0<\/p>\n<h3><strong><span style=\"font-family: Times New Roman;\">Le pi\u00e9tisme<\/span><\/strong><\/h3>\n<p style=\"text-align: justify;\">Au XVIIe si\u00e8cle d\u00e9j\u00e0, des hommes tels que <em>SPENER, le comte von ZINZENDORF,<\/em> pr\u00eachant une vie de pi\u00e9t\u00e9 personnelle renouvel\u00e9e, ont cr\u00e9\u00e9 de petites communaut\u00e9s en marge des \u00e9glises protestantes officielles et parfois m\u00eame dans leur sein (les \u00ab\u00a0conventicules\u00a0\u00bb, les \u00ab\u00a0petites \u00e9glises\u00a0\u00bb dans l&rsquo;\u00e9glise). Ces petites \u00e9glises moraves, attach\u00e9es \u00e0 l&rsquo;Ecriture, cultivaient une vie de pi\u00e9t\u00e9 simple et vivante en accord avec leurs convictions. On les qualifiait de \u00ab\u00a0pi\u00e9tistes\u00a0\u00bb.<\/p>\n<p style=\"text-align: justify;\">Au d\u00e9but du XVIIIe s., <em>FRANCKE <\/em>enseignait ce qui nous semble une \u00e9vidence : \u00ab\u00a0la n\u00e9cessit\u00e9 d&rsquo;une conversion radicale pour \u00eatre chr\u00e9tien<sup>2<\/sup> \u00bb. <em>ZINZENDORF<\/em> fut le premier initiateur de la mission protestante parmi les populations non christianis\u00e9es.<\/p>\n<p style=\"text-align: justify;\">Cet homme de Dieu remarquable passa d&rsquo;ailleurs quelques temps \u00e0 Gen\u00e8ve o\u00f9 son minist\u00e8re donna naissance \u00e0 une communaut\u00e9 morave qui rassemblait jusqu&rsquo;\u00e0 600 personnes au milieu du si\u00e8cle ! Cinquante ans plus tard, ce groupe de croyants, r\u00e9duit \u00e0 quelques dizaines de personnes, joua encore un r\u00f4le d\u00e9terminant dans la naissance de la premi\u00e8re Assembl\u00e9e de Fr\u00e8res ! La fid\u00e9lit\u00e9 de ces petites assembl\u00e9es moraves eut des r\u00e9sultats que l&rsquo;on oublie trop souvent : c&rsquo;est aussi dans une de ces communaut\u00e9s \u00e0 Londres que John Wesley, le p\u00e8re du m\u00e9thodisme, s&rsquo;\u00e9tait converti en entendant lire la pr\u00e9face de Luther \u00e9crite pour l&rsquo;\u00e9p\u00eetre aux Romains<sup>3<\/sup>.<\/p>\n<p style=\"text-align: justify;\">\u00a0<\/p>\n<h3><strong><span style=\"font-family: Times New Roman;\">Les grands r\u00e9veils du XVIIIe si\u00e8cle <\/span><\/strong><\/h3>\n<p style=\"text-align: justify;\">Au XVIIIe si\u00e8cle toujours, en Angleterre, dans l&rsquo;Eglise anglicane o\u00f9 la vie spirituelle est en sommeil, o\u00f9 l&rsquo;on m\u00e9conna\u00eet la pr\u00e9dication de la repentance et de la gr\u00e2ce, les messages d&rsquo;hommes de Dieu tels que George WHITEFIELD, puis John et Charles WESLEY, donnent naissance \u00e0 un profond r\u00e9veil<sup>4<\/sup>. Des centaines de communaut\u00e9s \u00ab\u00a0m\u00e9thodistes\u00a0\u00bb se cr\u00e9ent. Aux Etats-Unis, sur la c\u00f4te Est (La Nouvelle Angleterre), ce sont les pr\u00e9dications de Jonathan EDWARDS, puis de Wesley encore, qui am\u00e8nent \u00e0 la conversion des milliers de personnes. Mais les autorit\u00e9s des Eglises officielles ne sont pas touch\u00e9es. Pourtant, dans la derni\u00e8re d\u00e9cennie du XVIIIe si\u00e8cle, naissent les missions \u00e9trang\u00e8res qui conna\u00eetront un d\u00e9veloppement extraordinaire tout au long du si\u00e8cle suivant.<\/p>\n<p style=\"text-align: justify;\">\u00a0<\/p>\n<h3><strong><span style=\"font-family: Times New Roman;\">Nouvel affadissement de la foi <\/span><\/strong><\/h3>\n<p style=\"text-align: justify;\">Au d\u00e9but du XIXe si\u00e8cle, les Eglises m\u00e9thodistes \u00e2g\u00e9es de moins d&rsquo;un si\u00e8cle, d\u00e9laissent d\u00e9j\u00e0 la pr\u00e9dication de la repentance. Quant aux Eglises protestantes traditionnelles, elles sont dans un triste \u00e9tat : devenues des organismes reconnus et bien \u00e9tablis, elles n&rsquo;ont plus grande vie spirituelle. En France, \u00ab\u00a0le rationalisme a gagn\u00e9 la partie<sup>5<\/sup> \u00bb, un lib\u00e9ralisme parfois dominateur les caract\u00e9rise (A Paris, par exemple, on interdisait \u00e0 la nouvelle Soci\u00e9t\u00e9 des Missions Evang\u00e9liques cr\u00e9\u00e9e en 1822 de tenir ses r\u00e9unions dans les temples !).<\/p>\n<p style=\"text-align: justify;\">\u00a0<\/p>\n<p style=\"text-align: justify;\">Et c&rsquo;est dans ce contexte-l\u00e0, dans le premier quart du XIXe si\u00e8cle, que surgissent de nouveaux mouvements de r\u00e9veil, qui sont \u00e0 l&rsquo;origine des<strong> Assembl\u00e9es de Fr\u00e8res<\/strong> et des<strong> Eglises Libres.<\/strong> Les Assembl\u00e9es de Fr\u00e8res se situent dans la ligne de la R\u00e9forme calviniste. Pour respecter la chronologie, il nous faudra commencer par Gen\u00e8ve.(\u00e0 suivre<sup>6<\/sup>)<\/p>\n<p style=\"text-align: justify;\">\u00a0<\/p>\n<p style=\"text-align: center;\">J.-P.B.<\/p>\n<p style=\"text-align: justify;\">\u00a0<\/p>\n<hr \/>\n<p style=\"text-align: justify;\">NOTES<\/p>\n<p style=\"text-align: justify;\">\u00a0<\/p>\n<p style=\"text-align: justify;\"><strong>1.<\/strong> Jacques Courvoisier, Br\u00e8ve histoire du protestantisme, (Delachaux-Niestl\u00e9, 1952), p.80-81.<\/p>\n<p style=\"text-align: justify;\">\u00a0<\/p>\n<p style=\"text-align: justify;\"><strong>2.<\/strong> Jacques Courvoisier, ibid, p.84.<\/p>\n<p style=\"text-align: justify;\">\u00a0<\/p>\n<p style=\"text-align: justify;\"><strong>3.<\/strong> J.-M. Nicole, <em>Pr\u00e9cis de l&rsquo;Histoire de l&rsquo;Eglise <\/em>(Nogent : Editions de l&rsquo;Institut Biblique), p.212.<\/p>\n<p style=\"text-align: justify;\">\u00a0<\/p>\n<p style=\"text-align: justify;\"><strong>4. <\/strong>cf J.M.Nicole, ibid., pp.218ss. ; voir aussi Paul Perret, <em>Nos Eglises dissidentes,<\/em> pp.21ss.<\/p>\n<p style=\"text-align: justify;\">\u00a0<\/p>\n<p style=\"text-align: justify;\"><strong>5.<\/strong> Jacques Courvoisier, ibid, p.99. 6. La suite de c\u00e8ne pr\u00e9sentation de l&rsquo;origine et de l&rsquo;histoire de nos assembl\u00e9es para\u00eetra dans les num\u00e9ros suivants.<\/p>\n","protected":false},"excerpt":{"rendered":"<p>Histoire des C.A.E.F. &nbsp; &nbsp; &nbsp; Histoire des CAEF (1) &nbsp; Les Fr\u00e8res\u00a0: Coup d&rsquo;\u0153il sur leur histoire &nbsp; \u00a0 &nbsp; Nos assembl\u00e9es ne sont seules \u00e9glises qui, dans l&rsquo;histoire, ont d\u00e9sir\u00e9 se constituer et vivre selon renseignement n\u00e9otestamentaire ! Etre fid\u00e8le \u00e0 l&rsquo;esprit de la premi\u00e8re \u00e9glise est un combat perp\u00e9tuel contre toutes sortes [&hellip;]<\/p>\n","protected":false},"author":2,"featured_media":0,"comment_status":"closed","ping_status":"closed","sticky":false,"template":"","format":"standard","meta":{"footnotes":""},"categories":[3,10],"tags":[],"class_list":["post-13","post","type-post","status-publish","format-standard","hentry","category-caef","category-histoire-de-leglise"],"_links":{"self":[{"href":"https:\/\/www.servir.caef.net\/index.php?rest_route=\/wp\/v2\/posts\/13","targetHints":{"allow":["GET"]}}],"collection":[{"href":"https:\/\/www.servir.caef.net\/index.php?rest_route=\/wp\/v2\/posts"}],"about":[{"href":"https:\/\/www.servir.caef.net\/index.php?rest_route=\/wp\/v2\/types\/post"}],"author":[{"embeddable":true,"href":"https:\/\/www.servir.caef.net\/index.php?rest_route=\/wp\/v2\/users\/2"}],"replies":[{"embeddable":true,"href":"https:\/\/www.servir.caef.net\/index.php?rest_route=%2Fwp%2Fv2%2Fcomments&post=13"}],"version-history":[{"count":0,"href":"https:\/\/www.servir.caef.net\/index.php?rest_route=\/wp\/v2\/posts\/13\/revisions"}],"wp:attachment":[{"href":"https:\/\/www.servir.caef.net\/index.php?rest_route=%2Fwp%2Fv2%2Fmedia&parent=13"}],"wp:term":[{"taxonomy":"category","embeddable":true,"href":"https:\/\/www.servir.caef.net\/index.php?rest_route=%2Fwp%2Fv2%2Fcategories&post=13"},{"taxonomy":"post_tag","embeddable":true,"href":"https:\/\/www.servir.caef.net\/index.php?rest_route=%2Fwp%2Fv2%2Ftags&post=13"}],"curies":[{"name":"wp","href":"https:\/\/api.w.org\/{rel}","templated":true}]}}