{"id":1319,"date":"2008-07-20T09:46:18","date_gmt":"2008-07-20T09:46:18","guid":{"rendered":"\/?p=1319"},"modified":"2017-04-18T13:29:48","modified_gmt":"2017-04-18T13:29:48","slug":"le-peche-contre-le-saint-esprit","status":"publish","type":"post","link":"https:\/\/www.servir.caef.net\/?p=1319","title":{"rendered":"Grain \u00e0 moudre 1 &#8211; Le p\u00e9ch\u00e9 contre le Saint-Esprit"},"content":{"rendered":"<h1 style=\"text-align: center;\"><a href=\"\/wp-content\/uploads\/2007\/03\/Grain-\u00e0-moudre.jpg\"><img loading=\"lazy\" decoding=\"async\" class=\"alignnone size-full wp-image-2059\" src=\"\/wp-content\/uploads\/2007\/03\/Grain-\u00e0-moudre.jpg\" alt=\"Grain \u00e0 moudre\" width=\"380\" height=\"57\" srcset=\"https:\/\/www.servir.caef.net\/wp-content\/uploads\/2007\/03\/Grain-\u00e0-moudre.jpg 380w, https:\/\/www.servir.caef.net\/wp-content\/uploads\/2007\/03\/Grain-\u00e0-moudre-300x45.jpg 300w\" sizes=\"auto, (max-width: 380px) 100vw, 380px\" \/><\/a>I<\/h1>\n<p>&nbsp;<\/p>\n<h1 style=\"text-align: center;\">Le p\u00e9ch\u00e9 contre le Saint-Esprit<\/h1>\n<p align=\"JUSTIFY\">\u00a0<\/p>\n<p align=\"JUSTIFY\">\u00a0<\/p>\n<p align=\"JUSTIFY\">par <span style=\"font-size: 16px;\"><strong><span style=\"color: #b22222;\">Eric WAECHTER<\/span><\/strong><\/span><\/p>\n<p align=\"JUSTIFY\">\u00a0<a href=\"\/wp-content\/uploads\/2012\/12\/Waechter.jpg\"><img loading=\"lazy\" decoding=\"async\" class=\"size-full wp-image-6867 alignleft\" style=\"margin: 10px;\" src=\"\/wp-content\/uploads\/2012\/12\/Waechter.jpg\" alt=\"Waechter\" width=\"84\" height=\"107\" \/><\/a><\/p>\n<p align=\"JUSTIFY\"><strong><span style=\"background-color: #add8e6;\"><em>\u00ab\u00a0C&rsquo;est pourquoi je vous avertis : tout p\u00e9ch\u00e9, tout blasph\u00e8me sera pardonn\u00e9 aux hommes mais pas le blasph\u00e8me contre le Saint-Esprit\u00a0\u00bb (Mt 12.31, la Bible du Semeur).<\/em><\/span><\/strong><\/p>\n<p align=\"JUSTIFY\">\u00a0<\/p>\n<p>&nbsp;<\/p>\n<p align=\"JUSTIFY\">Selon certains, le croyant peut commettre ce p\u00e9ch\u00e9 et ne plus recevoir le pardon de Dieu <span style=\"background-color: #add8e6;\"><em>\u00ab\u00a0ni dans la vie pr\u00e9sente, ni dans le monde \u00e0 venir.\u00a0\u00bb (v.32)<\/em><\/span> La Bible le dit ; c&rsquo;est \u00e9crit ! En est-il vraiment ainsi ? Pris hors de son contexte, ce verset a de quoi inqui\u00e9ter, mais \u00e0 la lecture des versets qui pr\u00e9c\u00e8dent, les paroles de J\u00e9sus ont une autre vis\u00e9e, bien \u00e9loign\u00e9e de notre pr\u00e9ambule. C&rsquo;est \u00e0 partir du texte de l&rsquo;Evangile de Matthieu que nous allons mener notre r\u00e9flexion.<\/p>\n<p align=\"JUSTIFY\">\u00a0<\/p>\n<p align=\"JUSTIFY\"><!--more--><\/p>\n<p align=\"JUSTIFY\"><a href=\"\/wp-content\/uploads\/2008\/pdf2008\/SERVIR%204-2008%20Cahier.pdf#page=15\"><img loading=\"lazy\" decoding=\"async\" title=\"iconePDF\" src=\"\/wp-content\/uploads\/2011\/01\/iconePDF.jpg\" alt=\"\" width=\"81\" height=\"76\" align=\"right\" hspace=\"8\" vspace=\"8\" \/><\/a>Un premier indice devrait retenir notre attention. Les paroles de J\u00e9sus sont introduites par l&rsquo;expression <em><span style=\"background-color: #add8e6;\">\u00ab\u00a0c&rsquo;est pourquoi\u00a0\u00bb<\/span><\/em>, ce qui signifie que notre verset cl\u00f4t un d\u00e9veloppement commenc\u00e9 bien plus haut dans le texte. De quoi J\u00e9sus parlait-il ? Pour r\u00e9pondre \u00e0 la question, il nous faut au moins consid\u00e9rer l&rsquo;ensemble des <span style=\"background-color: #add8e6;\">v<\/span><em><span style=\"background-color: #add8e6;\">ersets 22 \u00e0 32 du chapitre 12<\/span><\/em>.<\/p>\n<p align=\"JUSTIFY\">\u00a0<\/p>\n<p align=\"JUSTIFY\">On am\u00e8ne \u00e0 J\u00e9sus un homme aveugle et muet parce qu&rsquo;il est sous l&#8217;emprise d&rsquo;un d\u00e9mon. J\u00e9sus d\u00e9livre l&rsquo;homme de son mal. La foule est \u00e9merveill\u00e9e par le miracle et reconna\u00eet J\u00e9sus comme le fils de David. Arrivent les pharisiens. Pour la quatri\u00e8me fois<strong><sub>1<\/sub><\/strong>. depuis le d\u00e9but de l&rsquo;Evangile de Matthieu, ils cherchent \u00e0 \u00ab\u00a0coincer\u00a0\u00bb J\u00e9sus et ses disciples. Pour la seconde fois, ils affirment que c&rsquo;est par le pouvoir du diable que J\u00e9sus chasse les d\u00e9mons<strong><sub>2<\/sub><\/strong>.<\/p>\n<p align=\"JUSTIFY\">\u00a0<\/p>\n<p align=\"JUSTIFY\">Apr\u00e8s avoir d\u00e9montr\u00e9 l&rsquo;illogisme de leurs propos<strong><sub>3<\/sub><\/strong>, J\u00e9sus r\u00e9pond que c&rsquo;est par l&rsquo;Esprit de Dieu qu&rsquo;il d\u00e9livre le poss\u00e9d\u00e9 de son d\u00e9mon, et cette d\u00e9livrance est un signe sensible de la venue du royaume de Dieu. Le Saint-Esprit d\u00e9ploie sa puissance (les miracles et les exorcismes) pour convaincre les hommes que J\u00e9sus est le Roi <em><span style=\"background-color: #add8e6;\">(v .23 et 28)<\/span><\/em>.<\/p>\n<p align=\"JUSTIFY\">\u00a0<\/p>\n<p align=\"JUSTIFY\">Le probl\u00e8me des pharisiens, c&rsquo;est qu&rsquo;ils refusent obstin\u00e9ment, malgr\u00e9 la d\u00e9monstration \u00e9clatante de la d\u00e9livrance de cet homme, de voir en J\u00e9sus le Roi divin. Pire encore, ils attribuent au diable l&rsquo;oeuvre que Dieu r\u00e9alise en J\u00e9sus par le Saint-Esprit. Cette insulte contre l&rsquo;honneur de Dieu a un nom : blasph\u00e8me.<\/p>\n<p align=\"JUSTIFY\">\u00a0<\/p>\n<p align=\"JUSTIFY\">De nos jours, celui qui refuse obstin\u00e9ment de se laisser convaincre par le Saint-Esprit de l&rsquo;imp\u00e9rieuse n\u00e9cessit\u00e9 de la repentance et de la conversion, court le risque de commettre le p\u00e9ch\u00e9 contre le Saint-Esprit. Celui qui, jusqu&rsquo;\u00e0 son dernier souffle, refuse le salut offert par J\u00e9sus, commet ce p\u00e9ch\u00e9 qui ne peut \u00eatre pardonn\u00e9 puisqu&rsquo;il est en lui-m\u00eame le refus de la gr\u00e2ce.<\/p>\n<p align=\"JUSTIFY\">\u00a0<\/p>\n<p align=\"CENTER\"><b>E.W. <\/b><\/p>\n<hr \/>\n<p align=\"JUSTIFY\">NOTES<\/p>\n<p align=\"JUSTIFY\">\u00a0<\/p>\n<p align=\"JUSTIFY\"><strong>1. <\/strong>\u00a0Mt 9.1ss, 32ss, 12.2ss et 12.10ss.<\/p>\n<div id=\"ftn2\" dir=\"LTR\">\n<p align=\"JUSTIFY\">\u00a0<\/p>\n<p align=\"JUSTIFY\"><strong>2. <\/strong>\u00a0La premi\u00e8re accusation se trouve en Mt 9.34ss.<\/p>\n<\/div>\n<div id=\"ftn3\" dir=\"LTR\">\n<p align=\"JUSTIFY\">\u00a0<\/p>\n<p align=\"JUSTIFY\"><strong>3. <\/strong>\u00a0v. 25 : Comment un royaume peut-il subsister si son ma\u00eetre, Satan, se met \u00e0 chasser Satan ? Et que dire du pouvoir par lequel les disciples des pharisiens chassaient les d\u00e9mons ? Les pharisiens se condamnent eux-m\u00eames par leurs propos.<\/p>\n<\/div>\n<p align=\"JUSTIFY\">\u00a0<\/p>\n","protected":false},"excerpt":{"rendered":"<p>I &nbsp; Le p\u00e9ch\u00e9 contre le Saint-Esprit \u00a0 \u00a0 par Eric WAECHTER \u00a0 \u00ab\u00a0C&rsquo;est pourquoi je vous avertis : tout p\u00e9ch\u00e9, tout blasph\u00e8me sera pardonn\u00e9 aux hommes mais pas le blasph\u00e8me contre le Saint-Esprit\u00a0\u00bb (Mt 12.31, la Bible du Semeur). \u00a0 &nbsp; Selon certains, le croyant peut commettre ce p\u00e9ch\u00e9 et ne plus recevoir le [&hellip;]<\/p>\n","protected":false},"author":58,"featured_media":0,"comment_status":"closed","ping_status":"closed","sticky":false,"template":"","format":"standard","meta":{"footnotes":""},"categories":[28,80,74,24],"tags":[],"class_list":["post-1319","post","type-post","status-publish","format-standard","hentry","category-jesus-christ","category-jugement","category-peche","category-le-saint-esprit"],"_links":{"self":[{"href":"https:\/\/www.servir.caef.net\/index.php?rest_route=\/wp\/v2\/posts\/1319","targetHints":{"allow":["GET"]}}],"collection":[{"href":"https:\/\/www.servir.caef.net\/index.php?rest_route=\/wp\/v2\/posts"}],"about":[{"href":"https:\/\/www.servir.caef.net\/index.php?rest_route=\/wp\/v2\/types\/post"}],"author":[{"embeddable":true,"href":"https:\/\/www.servir.caef.net\/index.php?rest_route=\/wp\/v2\/users\/58"}],"replies":[{"embeddable":true,"href":"https:\/\/www.servir.caef.net\/index.php?rest_route=%2Fwp%2Fv2%2Fcomments&post=1319"}],"version-history":[{"count":0,"href":"https:\/\/www.servir.caef.net\/index.php?rest_route=\/wp\/v2\/posts\/1319\/revisions"}],"wp:attachment":[{"href":"https:\/\/www.servir.caef.net\/index.php?rest_route=%2Fwp%2Fv2%2Fmedia&parent=1319"}],"wp:term":[{"taxonomy":"category","embeddable":true,"href":"https:\/\/www.servir.caef.net\/index.php?rest_route=%2Fwp%2Fv2%2Fcategories&post=1319"},{"taxonomy":"post_tag","embeddable":true,"href":"https:\/\/www.servir.caef.net\/index.php?rest_route=%2Fwp%2Fv2%2Ftags&post=1319"}],"curies":[{"name":"wp","href":"https:\/\/api.w.org\/{rel}","templated":true}]}}