{"id":1410,"date":"2008-12-21T10:18:31","date_gmt":"2008-12-21T10:18:31","guid":{"rendered":"\/?p=1410"},"modified":"2017-04-18T14:42:39","modified_gmt":"2017-04-18T14:42:39","slug":"la-cene-signe-de-la-communion","status":"publish","type":"post","link":"https:\/\/www.servir.caef.net\/?p=1410","title":{"rendered":"La C\u00e8ne, signe de la communion"},"content":{"rendered":"<h1 style=\"text-align: center;\">La C\u00e8ne, signe de la communion<\/h1>\n<p align=\"JUSTIFY\">\u00a0<\/p>\n<p style=\"text-align: center;\" align=\"JUSTIFY\"><a href=\"\/wp-content\/uploads\/2008\/12\/cene.jpg\"><img loading=\"lazy\" decoding=\"async\" class=\" wp-image-8442 aligncenter\" src=\"\/wp-content\/uploads\/2008\/12\/cene.jpg\" alt=\"cene\" width=\"401\" height=\"303\" srcset=\"https:\/\/www.servir.caef.net\/wp-content\/uploads\/2008\/12\/cene.jpg 669w, https:\/\/www.servir.caef.net\/wp-content\/uploads\/2008\/12\/cene-300x226.jpg 300w\" sizes=\"auto, (max-width: 401px) 100vw, 401px\" \/><\/a><\/p>\n<p align=\"JUSTIFY\">\u00a0<\/p>\n<p align=\"JUSTIFY\">par <span style=\"font-size: 16px;\"><strong><span style=\"color: #b22222;\">Marcel REUTENAUER<\/span><\/strong><\/span><\/p>\n<p align=\"JUSTIFY\">\u00a0<a href=\"\/wp-content\/uploads\/2007\/03\/Marcel-Reutenauer.jpg\"><img loading=\"lazy\" decoding=\"async\" class=\"size-full wp-image-2068 alignleft\" style=\"margin: 10px;\" src=\"\/wp-content\/uploads\/2007\/03\/Marcel-Reutenauer.jpg\" alt=\"Marcel Reutenauer\" width=\"112\" height=\"146\" \/><\/a><\/p>\n<p>&nbsp;<\/p>\n<p align=\"JUSTIFY\"><strong><span style=\"background-color: #add8e6;\"><em>\u00ab\u00a0La coupe de b\u00e9n\u00e9diction que nous b\u00e9nissons, n &lsquo;est-elle pas la communion au sang du Christ ? Le pain que nous rompons, n &lsquo;est-il pas la communion au corps du Christ ? Puisqu&rsquo;il y a un seul pain, nous qui sommes plusieurs, nous sommes un seul corps ; car nous participons tous \u00e0 un m\u00eame pain.\u00a0\u00bb (1 Co 10.16-17)<\/em><\/span><\/strong><\/p>\n<p align=\"JUSTIFY\">\u00a0<\/p>\n<p align=\"JUSTIFY\">La c\u00e8ne, institu\u00e9e par le Seigneur dans le cadre du souper pascal qui a pr\u00e9c\u00e9d\u00e9 son arrestation et sa crucifixion, est \u00e0 la fois la communion des participants avec le Christ et les uns avec les autres.<strong><sub>1<\/sub><\/strong><\/p>\n<p align=\"JUSTIFY\"><!--more--><\/p>\n<p align=\"JUSTIFY\">\u00a0<\/p>\n<p>&nbsp;<\/p>\n<h2>Communion avec le Seigneur<\/h2>\n<p align=\"JUSTIFY\">\u00a0<\/p>\n<p align=\"JUSTIFY\"><a href=\"\/wp-content\/uploads\/2008\/pdf2008\/SERVIR%206-2008%20Cahier.pdf#page=15\"><img loading=\"lazy\" decoding=\"async\" title=\"iconePDF\" src=\"\/wp-content\/uploads\/2011\/01\/iconePDF.jpg\" alt=\"\" width=\"81\" height=\"76\" align=\"right\" hspace=\"8\" vspace=\"8\" \/><\/a>Dans l&rsquo;AT, comme d&rsquo;ailleurs dans les religions pa\u00efennes, les repas sacrificiels symbolisent la relation du croyant avec la divinit\u00e9. \u00ab\u00a0Dans le sacrifice d&rsquo;actions de gr\u00e2ces <span style=\"background-color: #add8e6;\"><em>(Lv 7.11-21)<\/em><\/span>, la plus grande partie de la victime \u00e9tait mang\u00e9e par ceux qui avaient offert l&rsquo;animal \u00e0 l&rsquo;\u00c9ternel. Ce repas faisait participer tous les convives au b\u00e9n\u00e9fice du sacrifice. Le Seigneur les invitait en quelque sorte \u00e0 s&rsquo;asseoir \u00e0 sa table et \u00e0 partager le repas avec lui.\u00a0\u00bb.<strong><sub>2<\/sub><\/strong><\/p>\n<p align=\"JUSTIFY\">\u00a0<\/p>\n<p align=\"JUSTIFY\">Participer \u00e0 la c\u00e8ne n\u00e9cessite d&rsquo;\u00eatre en accord avec ses symboles. Le pain repr\u00e9sente le corps du Seigneur qui a donn\u00e9 sa vie, le vin de la coupe repr\u00e9sente le sang de Christ, r\u00e9pandu pour le pardon des p\u00e9ch\u00e9s. Si je mange \u00ab\u00a0la chair\u00a0\u00bb et bois \u00ab\u00a0le sang\u00a0\u00bb<strong><sub>3<\/sub><\/strong> je signifie que je crois en J\u00e9sus-Christ, fils de Dieu, \u00e0 l&rsquo;oeuvre de r\u00e9demption accomplie \u00e0 la croix, que je suis enfant de Dieu et que j&rsquo;ai la vie \u00e9ternelle.<\/p>\n<p align=\"JUSTIFY\">\u00a0<\/p>\n<p align=\"JUSTIFY\">D&rsquo;une mani\u00e8re g\u00e9n\u00e9rale, la communion avec le Seigneur exige l&rsquo;acceptation de l&rsquo;ensemble de l&rsquo;enseignement des ap\u00f4tres, le d\u00e9sir profond de vivre selon ses pr\u00e9ceptes et de ne pas pratiquer le p\u00e9ch\u00e9. Il y a \u00e9galement totale incompatibilit\u00e9 avec toute pratique idol\u00e2tre.<strong><sub>4<\/sub><\/strong><\/p>\n<p align=\"JUSTIFY\">\u00a0<\/p>\n<p align=\"JUSTIFY\">\u00a0<\/p>\n<h2>Communion entre les croyants<\/h2>\n<p align=\"JUSTIFY\">\u00a0<\/p>\n<p align=\"JUSTIFY\">Le pain rompu et distribu\u00e9, la coupe \u00e0 laquelle chacun boit sont une symbolique tr\u00e8s forte de l&rsquo;unit\u00e9 profonde qui unit tous ceux qui participent \u00e0 la c\u00e8ne.<\/p>\n<p align=\"JUSTIFY\">\u00a0<\/p>\n<p align=\"JUSTIFY\">\u00ab\u00a0Des diff\u00e9rentes dimensions de la c\u00e8ne, c&rsquo;est la dimension communautaire<strong><sub>5<\/sub><\/strong>, la &lsquo;communion fraternelle&rsquo; qui, dans les \u00c9critures, a droit aux mentions les plus abondantes. En instituant la c\u00e8ne, J\u00e9sus s&rsquo;adresse aux disciples en tant que groupe : tous les verbes \u00e0 l&rsquo;imp\u00e9ratif qu&rsquo;il utilise sont \u00e0 la deuxi\u00e8me personne du pluriel : prenez, mangez, buvez, faites&#8230; J\u00e9sus affirme que son sang est r\u00e9pandu pour beaucoup, une multitude ; la coupe de vin que nous buvons atteste cela et n&rsquo;est pas \u00e0 boire de fa\u00e7on individuelle ou \u00e9go\u00efste&#8230; Boire \u00e0 la coupe exprimait un geste communautaire symbolisant les bonnes relations.\u00a0\u00bb<strong><sub>6<\/sub><\/strong><\/p>\n<p align=\"JUSTIFY\">\u00a0<\/p>\n<p align=\"JUSTIFY\">Mais ces gestes ne doivent pas \u00eatre r\u00e9duits \u00e0 un simple \u00ab\u00a0compagnonnage\u00a0\u00bb ; ce n&rsquo;est pas simplement une exp\u00e9rience conviviale, mais l&rsquo;expression de l&rsquo;unit\u00e9 spirituelle dont Christ est la source. \u00ab\u00a0La communion indique qu&rsquo;entre les hommes qui y participent, existe un autre lien -combien plus fort ! &#8211; que celui de leur naissance, de leurs amiti\u00e9s humaines, de leur race, de leur nation, ou m\u00eame de leur pens\u00e9e : le lien de l&rsquo;amour que J\u00e9sus-Christ mort pour tous a nou\u00e9, noue et nouera lui-m\u00eame entre tous.\u00a0\u00bb<strong><sub>7<\/sub><\/strong><\/p>\n<p align=\"JUSTIFY\">\u00a0<\/p>\n<p align=\"JUSTIFY\">\u00ab\u00a0Comment cette unit\u00e9 se r\u00e9alisera-t-elle ? Par l&rsquo;habitation du Christ en chacun des membres du corps : <span style=\"background-color: #add8e6;\"><em>&lsquo;Moi en eux et toi en moi, afin qu&rsquo;ils soient parfaitement un&rsquo;<strong><sub>8<\/sub><\/strong><\/em><\/span>. Or, cette habitation du Christ dans le croyant est pr\u00e9cis\u00e9ment l&rsquo;une des v\u00e9rit\u00e9s que la c\u00e8ne symbolise : comme le pain p\u00e9n\u00e8tre en nous et devient os de mes os, chair de ma chair, ainsi la vie du Christ veut p\u00e9n\u00e9trer mon \u00eatre int\u00e9rieur et le reconstituer pour qu&rsquo;il soit de plus en plus conforme \u00e0 celui de mon Seigneur. Donc mes relations avec mes semblables seront transform\u00e9es. Si je les aborde avec <span style=\"background-color: #add8e6;\"><em>&lsquo;les sentiments qui \u00e9taient en J\u00e9sus-Christ&rsquo;<strong><sub>9<\/sub><\/strong><\/em><\/span>, plus de dissensions entre nous, plus de jalousie ni d&rsquo;incompatibilit\u00e9.\u00a0\u00bb<strong><sub>10<\/sub><\/strong><\/p>\n<p align=\"JUSTIFY\">\u00a0<\/p>\n<p align=\"JUSTIFY\">\u00a0<\/p>\n<h2>Avertissements et obstacles \u00e0 \u00e9viter<\/h2>\n<p align=\"JUSTIFY\">\u00a0<\/p>\n<p align=\"JUSTIFY\">L\u2019ap\u00f4tre Paul avertit contre le fait de prendre la c\u00e8ne indignement et invite chacun des participants \u00e0 s&rsquo;examiner soi-m\u00eame. L&rsquo;enjeu central est l&rsquo;unit\u00e9 entre ceux qui mangent du m\u00eame pain.<\/p>\n<p align=\"JUSTIFY\">\u00a0<\/p>\n<p align=\"JUSTIFY\">Ainsi, l&rsquo;existence d&rsquo;inimiti\u00e9s ou de dissensions est qualifi\u00e9e de \u00ab\u00a0sacril\u00e8ge\u00a0\u00bb par Calvin.<strong><sub>11<\/sub><\/strong> Il serait grave, \u00e9crit Alfred Kuen, de participer \u00e0 la table du Seigneur avec quelqu&rsquo;un que nous n&rsquo;inviterions pas \u00e0 notre table ou dont nous n&rsquo;accepterions pas une invitation \u00e0 d\u00eener. Car la c\u00e8ne est un repas en commun, et, puisque c&rsquo;est un repas symbolique, c&rsquo;est d&rsquo;autant plus important, car tout ce que le repas signifie y est impliqu\u00e9.<strong><sub>12<\/sub><\/strong> L&rsquo;esprit de parti<strong><sub>13<\/sub><\/strong>, les proc\u00e8s des uns contre les autres<sub><strong>14<\/strong>,<\/sub> l&rsquo;\u00e9go\u00efsme, le fait de ne pas s&rsquo;attendre les uns les autres et de ne pas partager<strong><sub>15<\/sub><\/strong>, tels sont les reproches que l&rsquo;ap\u00f4tre Paul adresse aux Corinthiens.<\/p>\n<p align=\"JUSTIFY\">\u00a0<\/p>\n<p align=\"JUSTIFY\">Sur un autre plan, il y a lieu de veiller \u00e0 l&rsquo;unit\u00e9 en ne s&rsquo;excommuniant pas mutuellement sur la base de divergences d&rsquo;opinions mineures. L&rsquo;acc\u00e8s \u00e0 la table du Seigneur est pour quiconque reconna\u00eet que <em><span style=\"background-color: #add8e6;\">\u00ab Christ est mort pour nos p\u00e9ch\u00e9s, selon les \u00c9critures ; il a \u00e9t\u00e9 enseveli, il est ressuscit\u00e9 le troisi\u00e8me jour, selon les \u00c9critures. \u00bb<strong><sub>16<\/sub><\/strong><\/span><\/em> Le conseil de l&rsquo;ap\u00f4tre Paul aux Philippiens reste valable pour tous les temps : <span style=\"background-color: #add8e6;\"><em>\u00ab\u00a0Si vous avez sur quelque point une pens\u00e9e diff\u00e9rente, Dieu vous r\u00e9v\u00e9lera aussi ce qui en est. Seulement, au point o\u00f9 nous sommes parvenus, avan\u00e7ons ensemble\u00a0\u00bb (3.15-16)<\/em><\/span><\/p>\n<p align=\"JUSTIFY\">\u00a0<\/p>\n<p align=\"JUSTIFY\">\u00ab\u00a0Chercher l&rsquo;identit\u00e9 de vues sur tous les points est un pi\u00e8ge qui m\u00e8ne facilement \u00e0 une sorte de dictature \u00ab spirituelle \u00bb et intellectuelle et \u00e0 la division. Au cours des si\u00e8cles, d&rsquo;innombrables doctrines sont devenues tour \u00e0 tour des pommes de discorde. Plac\u00e9e sur le chandelier, une question sur laquelle on aurait bien pu conserver des interpr\u00e9tations diff\u00e9rentes devenait [&#8230;] la pierre de touche de la fid\u00e9lit\u00e9 \u00e0 la volont\u00e9 de Dieu &#8211; et l&rsquo;on excluait de la c\u00e8ne tous ceux qui n&rsquo;adoptaient pas le point de vue du parti r\u00e9gnant.\u00a0\u00bb<strong><sub>17<\/sub><\/strong><\/p>\n<p align=\"JUSTIFY\">\u00a0<\/p>\n<p align=\"JUSTIFY\">\u00a0<\/p>\n<h2>Implications \u00e0 red\u00e9couvrir<\/h2>\n<p align=\"JUSTIFY\">\u00a0<\/p>\n<p align=\"JUSTIFY\">La communion manifest\u00e9e par la c\u00e9l\u00e9bration de la c\u00e8ne ne doit pas se limiter \u00e0 l&rsquo;instant v\u00e9cu dans le cadre du culte.<\/p>\n<p align=\"JUSTIFY\">\u00a0<\/p>\n<p align=\"JUSTIFY\">L\u2019amour du Christ et l&rsquo;amour mutuel nous appellent \u00e0 concr\u00e9tiser notre lien fraternel, \u00e0 partager les joies et souffrances des fr\u00e8res et s\u0153urs en la foi. L\u2019intercession comme le secours mat\u00e9riel envers celui qui est dans le besoin doivent d\u00e9couler normalement de l&rsquo;unit\u00e9 spirituelle. \u00ab\u00a0En <em><span style=\"background-color: #add8e6;\">Ac 2.42<\/span><\/em>, &lsquo;<strong>communion<\/strong>&lsquo; peut d\u00e9signer un don concret, le partage des biens, ou ce lien spirituel qui soudait les fr\u00e8res de J\u00e9rusalem et s&rsquo;exprimait ext\u00e9rieurement par la mise en commun des ressources mat\u00e9rielles.\u00a0\u00bb<strong><sub>18<\/sub><\/strong><\/p>\n<p align=\"JUSTIFY\">\u00a0<\/p>\n<p align=\"JUSTIFY\">Que le Seigneur nous accorde, chaque fois que nous c\u00e9l\u00e9brons la c\u00e8ne dans nos cultes, de ne pas nous limiter \u00e0 un acte superficiel de routine, mais que nous en comprenions de mieux en mieux le(s) sens profond(s) et qu&rsquo;ainsi, nos rencontres soient l&rsquo;occasion de devenir \u00ab meilleurs \u00bb.<strong><sub>19<\/sub><\/strong><\/p>\n<p align=\"JUSTIFY\">\u00a0<\/p>\n<p lang=\"en-GB\" align=\"CENTER\"><b>M.R.<\/b><\/p>\n<hr \/>\n<p align=\"JUSTIFY\">NOTES<\/p>\n<p align=\"JUSTIFY\">\u00a0<\/p>\n<p align=\"JUSTIFY\"><strong>1. <\/strong>\u00a0Mt 26.26-29 ; Mc 14.22-25 ; Lc 22.14-20. Le repas du Seigneur n&rsquo;est constitu\u00e9 que par une partie du repas pascal. A l&rsquo;origine, les premiers croyants c\u00e9l\u00e9braient \u00e9galement la c\u00e8ne au d\u00e9but des repas fraternels qui les r\u00e9unissaient (1 Co 11.17-34).<\/p>\n<div id=\"ftn2\" dir=\"LTR\">\n<p align=\"JUSTIFY\">\u00a0<\/p>\n<p align=\"JUSTIFY\"><strong>2.<\/strong> \u00a0Kuen A. \u00ab<em>\u00a0Le repas du Seigneur<\/em>\u00a0\u00bb, Emma\u00fcs, 1999, p. 141.<\/p>\n<\/div>\n<div id=\"ftn3\" dir=\"LTR\">\n<p align=\"JUSTIFY\">\u00a0<\/p>\n<p align=\"JUSTIFY\"><strong>3.<\/strong> \u00a0Jn 6.47-58<\/p>\n<\/div>\n<div id=\"ftn4\" dir=\"LTR\">\n<p align=\"JUSTIFY\">\u00a0<\/p>\n<p align=\"JUSTIFY\"><strong>4.<\/strong> \u00a01 Co 10.21<\/p>\n<\/div>\n<div id=\"ftn5\" dir=\"LTR\">\n<p align=\"JUSTIFY\">\u00a0<\/p>\n<p align=\"JUSTIFY\"><strong>5. <\/strong>\u00a0Ac 2.46-47<\/p>\n<p align=\"JUSTIFY\">\u00a0<\/p>\n<\/div>\n<div id=\"ftn6\" dir=\"LTR\">\n<p align=\"JUSTIFY\"><strong>6.<\/strong> \u00a0Zimmerlin E., <em>\u00ab\u00a0Alliances et c\u00e8ne\u00a0\u00bb<\/em> (tome 2), Editions Mennonites, 1992, p. 50-51<\/p>\n<p align=\"JUSTIFY\">\u00a0<\/p>\n<\/div>\n<div id=\"ftn7\" dir=\"LTR\">\n<p align=\"JUSTIFY\"><strong>7. <\/strong>\u00a0Kuen A. ibid, p. 143, citant P Maury, \u00ab\u00a0<em>La sainte-c\u00e8ne\u00a0<\/em>\u00bb in Les sacrements, Editions Je sers, 1942<\/p>\n<\/div>\n<div id=\"ftn8\" dir=\"LTR\">\n<p align=\"JUSTIFY\">\u00a0<\/p>\n<p align=\"JUSTIFY\"><strong>8.<\/strong> \u00a0Jn 17.20-23<\/p>\n<\/div>\n<div id=\"ftn9\" dir=\"LTR\">\n<p align=\"JUSTIFY\">\u00a0<\/p>\n<p align=\"JUSTIFY\"><strong>9.<\/strong> \u00a0Ph 2.5<\/p>\n<\/div>\n<div id=\"ftn10\" dir=\"LTR\">\n<p align=\"JUSTIFY\">\u00a0<\/p>\n<p align=\"JUSTIFY\"><strong>10.<\/strong> \u00a0<span lang=\"de-DE\">Kuen A. ibid, p. 144<\/span><\/p>\n<\/div>\n<div id=\"ftn11\" dir=\"LTR\">\n<p align=\"JUSTIFY\">\u00a0<\/p>\n<p align=\"JUSTIFY\"><strong>11.<\/strong> \u00a0Calvin, \u00ab\u00a0<em>Petit trait\u00e9 de la Sainte C\u00e8ne<\/em>\u00a0\u00bb dans Trois trait\u00e9s, Labor et Fides, 1934, p. 117<\/p>\n<\/div>\n<div id=\"ftn12\" dir=\"LTR\">\n<p lang=\"de-DE\" align=\"JUSTIFY\">\u00a0<\/p>\n<p lang=\"de-DE\" align=\"JUSTIFY\"><strong>12. <\/strong>\u00a0Kuen A. ibid. p. 146<\/p>\n<\/div>\n<div id=\"ftn13\" dir=\"LTR\">\n<p lang=\"en-GB\" align=\"JUSTIFY\">\u00a0<\/p>\n<p lang=\"en-GB\" align=\"JUSTIFY\"><strong>13. <\/strong>\u00a01 Co 11.18 (cp 1 Co 1.12-13)<\/p>\n<\/div>\n<div id=\"ftn14\" dir=\"LTR\">\n<p lang=\"en-GB\" align=\"JUSTIFY\">\u00a0<\/p>\n<p lang=\"en-GB\" align=\"JUSTIFY\"><strong>14. <\/strong>\u00a01 Co 6.1-5<\/p>\n<\/div>\n<div id=\"ftn15\" dir=\"LTR\">\n<p lang=\"en-GB\" align=\"JUSTIFY\">\u00a0<\/p>\n<p lang=\"en-GB\" align=\"JUSTIFY\"><strong>15.<\/strong> \u00a01 Co 11.20-22<\/p>\n<\/div>\n<div id=\"ftn16\" dir=\"LTR\">\n<p lang=\"en-GB\" align=\"JUSTIFY\">\u00a0<\/p>\n<p lang=\"en-GB\" align=\"JUSTIFY\"><strong>16.<\/strong> \u00a01 Co 15.1-4<\/p>\n<\/div>\n<div id=\"ftn17\" dir=\"LTR\">\n<p lang=\"de-DE\" align=\"JUSTIFY\">\u00a0<\/p>\n<p lang=\"de-DE\" align=\"JUSTIFY\"><strong>17.<\/strong> \u00a0Kuen A. ibid. p. 149<\/p>\n<\/div>\n<div id=\"ftn18\" dir=\"LTR\">\n<p align=\"JUSTIFY\">\u00a0<\/p>\n<p align=\"JUSTIFY\"><strong>18. <\/strong>\u00a0<em>Dictionnaire Biblique pour Tous<\/em>, Article \u00ab\u00a0Communion\u00a0\u00bb, Editions 1 1 R,1995<\/p>\n<\/div>\n<div id=\"ftn19\" dir=\"LTR\">\n<p align=\"JUSTIFY\">\u00a0<\/p>\n<p align=\"JUSTIFY\"><strong>19.<\/strong> \u00a0Cp 1 Co 11.17<\/p>\n<\/div>\n<p align=\"JUSTIFY\">\u00a0<\/p>\n","protected":false},"excerpt":{"rendered":"<p>La C\u00e8ne, signe de la communion \u00a0 \u00a0 par Marcel REUTENAUER \u00a0 &nbsp; \u00ab\u00a0La coupe de b\u00e9n\u00e9diction que nous b\u00e9nissons, n &lsquo;est-elle pas la communion au sang du Christ ? Le pain que nous rompons, n &lsquo;est-il pas la communion au corps du Christ ? Puisqu&rsquo;il y a un seul pain, nous qui sommes plusieurs, [&hellip;]<\/p>\n","protected":false},"author":22,"featured_media":0,"comment_status":"closed","ping_status":"closed","sticky":false,"template":"","format":"standard","meta":{"footnotes":""},"categories":[79,28,13,11],"tags":[],"class_list":["post-1410","post","type-post","status-publish","format-standard","hentry","category-amour","category-jesus-christ","category-la-vie-de-leglise","category-la-vie-du-chretien"],"_links":{"self":[{"href":"https:\/\/www.servir.caef.net\/index.php?rest_route=\/wp\/v2\/posts\/1410","targetHints":{"allow":["GET"]}}],"collection":[{"href":"https:\/\/www.servir.caef.net\/index.php?rest_route=\/wp\/v2\/posts"}],"about":[{"href":"https:\/\/www.servir.caef.net\/index.php?rest_route=\/wp\/v2\/types\/post"}],"author":[{"embeddable":true,"href":"https:\/\/www.servir.caef.net\/index.php?rest_route=\/wp\/v2\/users\/22"}],"replies":[{"embeddable":true,"href":"https:\/\/www.servir.caef.net\/index.php?rest_route=%2Fwp%2Fv2%2Fcomments&post=1410"}],"version-history":[{"count":0,"href":"https:\/\/www.servir.caef.net\/index.php?rest_route=\/wp\/v2\/posts\/1410\/revisions"}],"wp:attachment":[{"href":"https:\/\/www.servir.caef.net\/index.php?rest_route=%2Fwp%2Fv2%2Fmedia&parent=1410"}],"wp:term":[{"taxonomy":"category","embeddable":true,"href":"https:\/\/www.servir.caef.net\/index.php?rest_route=%2Fwp%2Fv2%2Fcategories&post=1410"},{"taxonomy":"post_tag","embeddable":true,"href":"https:\/\/www.servir.caef.net\/index.php?rest_route=%2Fwp%2Fv2%2Ftags&post=1410"}],"curies":[{"name":"wp","href":"https:\/\/api.w.org\/{rel}","templated":true}]}}