{"id":1435,"date":"2006-01-21T14:10:46","date_gmt":"2006-01-21T14:10:46","guid":{"rendered":"\/?p=1435"},"modified":"2016-09-13T14:22:40","modified_gmt":"2016-09-13T14:22:40","slug":"editorial-du-n%c2%b01-janvier-fevrier-2006","status":"publish","type":"post","link":"https:\/\/www.servir.caef.net\/?p=1435","title":{"rendered":"Editorial du n\u00b01 Janvier-F\u00e9vrier 2006 &#8211; Solitudes"},"content":{"rendered":"<p style=\"text-align: center;\"><a href=\"\/wp-content\/uploads\/2006\/01\/2006_01_00-couverture-PM.jpg\"><img loading=\"lazy\" decoding=\"async\" class=\"aligncenter size-medium wp-image-6343\" title=\"2006_01_00 couverture PM\" src=\"\/wp-content\/uploads\/2006\/01\/2006_01_00-couverture-PM-220x300.jpg\" alt=\"\" width=\"220\" height=\"300\" srcset=\"https:\/\/www.servir.caef.net\/wp-content\/uploads\/2006\/01\/2006_01_00-couverture-PM-220x300.jpg 220w, https:\/\/www.servir.caef.net\/wp-content\/uploads\/2006\/01\/2006_01_00-couverture-PM-750x1024.jpg 750w, https:\/\/www.servir.caef.net\/wp-content\/uploads\/2006\/01\/2006_01_00-couverture-PM.jpg 891w\" sizes=\"auto, (max-width: 220px) 100vw, 220px\" \/><\/a><\/p>\n<h1 style=\"text-align: center;\">\u00a0<\/h1>\n<h1 style=\"text-align: center;\">\u00a0Editorial du n\u00b01 Janvier-F\u00e9vrier 2006<\/h1>\n<p>&nbsp;<\/p>\n<h1 style=\"text-align: center;\">\u00ab Solitudes \u00bb<\/h1>\n<p><span style=\"font-size: medium;\"><strong>\u00a0<\/strong><\/span><\/p>\n<p><span style=\"font-size: medium; color: #800000;\"><strong>Par Fran\u00e7oise Lombet<\/strong><\/span><\/p>\n<p>&nbsp;<\/p>\n<p align=\"JUSTIFY\">Le refrain bien connu dit : \u00ab la solitude, \u00e7a n&rsquo;existe pas ! \u00bb. Et pourtant, diff\u00e9rentes formes de solitudes ne cessent d&rsquo;appara\u00eetre alors que les moyens de communication se modernisent, se diversifient et que l&rsquo;on peut d&rsquo;un \u00ab clic \u00bb entrer en relation, en r\u00e9seau, avec tous ces gens \u00e9loign\u00e9s g\u00e9ographiquement les uns des autres. Mais sommes-nous r\u00e9ellement sortis de l&rsquo;isolement, de la solitude quand on fixe, seul, son \u00e9cran de t\u00e9l\u00e9vision, de console de jeux ou d&rsquo;ordinateur, sans le contact humain ?<\/p>\n<p align=\"JUSTIFY\">\u00a0<\/p>\n<p align=\"JUSTIFY\"><!--more--><\/p>\n<p align=\"JUSTIFY\"><a href=\"\/wp-content\/uploads\/2006\/pdf2006\/2006_01_01_editorial.pdf\"><img loading=\"lazy\" decoding=\"async\" title=\"iconePDF\" src=\"\/wp-content\/uploads\/2011\/01\/iconePDF.jpg\" alt=\"\" width=\"81\" height=\"76\" align=\"right\" hspace=\"8\" vspace=\"8\" \/><\/a>Au commencement, Dieu a fait ce constat : <em><span style=\"background-color: #add8e6;\">\u00ab II n&rsquo;est pas bon que l&rsquo;homme soit seul ! \u00bb<\/span><\/em>, mais ailleurs, les auteurs bibliques reconnaissent la n\u00e9cessit\u00e9 de la solitude dans le but de rencontrer Dieu. J\u00e9sus se mettait \u00e0 l&rsquo;\u00e9cart pour prier, laissant la foule et ses disciples. Dans des circonstances plus \u00e9prouvantes, il a souhait\u00e9 \u00eatre accompagn\u00e9 de deux disciples qui&#8230; se sont endormis.<\/p>\n<p align=\"JUSTIFY\">\u00a0<\/p>\n<p align=\"JUSTIFY\">La peur de la solitude nous renvoie \u00e0 la peur de la mort.<\/p>\n<p align=\"JUSTIFY\">\u00a0<\/p>\n<p align=\"JUSTIFY\">La Parole de Dieu nous enseigne que nous sommes seuls lorsque nous sommes loin de Dieu. Pascal parle de \u00ab ce grand vide en forme de Dieu \u00bb. La solitude est devenue un probl\u00e8me majeur dans notre soci\u00e9t\u00e9.<\/p>\n<p align=\"JUSTIFY\">\u00a0<\/p>\n<p align=\"JUSTIFY\">Alors des solutions, des encouragements, des r\u00e9ponses de l&rsquo;Eglise ?<\/p>\n<p align=\"JUSTIFY\">\u00a0<\/p>\n<p align=\"JUSTIFY\">Dieu a institu\u00e9 le mariage mais aussi la famille qu&rsquo;est l&rsquo;Eglise. Dieu a voulu que nous formions un seul corps, nous supportant dans nos diff\u00e9rences et nous souciant les uns des autres.<\/p>\n<p align=\"JUSTIFY\">\u00a0<\/p>\n<p align=\"JUSTIFY\">En r\u00e9sum\u00e9 : allons \u00e0 la rencontre de Dieu, recherchons sa pr\u00e9sence, parlons avec Lui, \u00ab seul dans notre chambre \u00bb, ce sera pour notre bien. Puis sortons de cet \u00e9change en t\u00eate-\u00e0-t\u00eate, en c\u0153ur \u00e0 c\u0153ur, pour aller vers les autres.<\/p>\n<p align=\"JUSTIFY\">\u00a0<\/p>\n<p align=\"JUSTIFY\">Ne restons pas solitaires, devenons solidaires de nos contemporains, ouvriers avec Dieu pour leur apporter son message, son amour.<\/p>\n<p align=\"JUSTIFY\">\u00a0<\/p>\n<p align=\"CENTER\"><b>F.L.<\/b><\/p>\n<p align=\"JUSTIFY\">\u00a0<\/p>\n","protected":false},"excerpt":{"rendered":"<p>\u00a0 \u00a0Editorial du n\u00b01 Janvier-F\u00e9vrier 2006 &nbsp; \u00ab Solitudes \u00bb \u00a0 Par Fran\u00e7oise Lombet &nbsp; Le refrain bien connu dit : \u00ab la solitude, \u00e7a n&rsquo;existe pas ! \u00bb. Et pourtant, diff\u00e9rentes formes de solitudes ne cessent d&rsquo;appara\u00eetre alors que les moyens de communication se modernisent, se diversifient et que l&rsquo;on peut d&rsquo;un \u00ab clic [&hellip;]<\/p>\n","protected":false},"author":50,"featured_media":0,"comment_status":"closed","ping_status":"closed","sticky":false,"template":"","format":"standard","meta":{"footnotes":""},"categories":[46,39,88],"tags":[],"class_list":["post-1435","post","type-post","status-publish","format-standard","hentry","category-dieu-et-la-mort","category-editorial","category-souffrance"],"_links":{"self":[{"href":"https:\/\/www.servir.caef.net\/index.php?rest_route=\/wp\/v2\/posts\/1435","targetHints":{"allow":["GET"]}}],"collection":[{"href":"https:\/\/www.servir.caef.net\/index.php?rest_route=\/wp\/v2\/posts"}],"about":[{"href":"https:\/\/www.servir.caef.net\/index.php?rest_route=\/wp\/v2\/types\/post"}],"author":[{"embeddable":true,"href":"https:\/\/www.servir.caef.net\/index.php?rest_route=\/wp\/v2\/users\/50"}],"replies":[{"embeddable":true,"href":"https:\/\/www.servir.caef.net\/index.php?rest_route=%2Fwp%2Fv2%2Fcomments&post=1435"}],"version-history":[{"count":0,"href":"https:\/\/www.servir.caef.net\/index.php?rest_route=\/wp\/v2\/posts\/1435\/revisions"}],"wp:attachment":[{"href":"https:\/\/www.servir.caef.net\/index.php?rest_route=%2Fwp%2Fv2%2Fmedia&parent=1435"}],"wp:term":[{"taxonomy":"category","embeddable":true,"href":"https:\/\/www.servir.caef.net\/index.php?rest_route=%2Fwp%2Fv2%2Fcategories&post=1435"},{"taxonomy":"post_tag","embeddable":true,"href":"https:\/\/www.servir.caef.net\/index.php?rest_route=%2Fwp%2Fv2%2Ftags&post=1435"}],"curies":[{"name":"wp","href":"https:\/\/api.w.org\/{rel}","templated":true}]}}