{"id":1471,"date":"2006-01-21T20:47:24","date_gmt":"2006-01-21T20:47:24","guid":{"rendered":"\/?p=1471"},"modified":"2016-09-13T14:19:06","modified_gmt":"2016-09-13T14:19:06","slug":"leglise-locale-une-communaute","status":"publish","type":"post","link":"https:\/\/www.servir.caef.net\/?p=1471","title":{"rendered":"L&rsquo;\u00e9glise locale : une communaut\u00e9 ?"},"content":{"rendered":"<h1 style=\"text-align: center;\" align=\"JUSTIFY\">L&rsquo;\u00e9glise locale : une communaut\u00e9 ?<\/h1>\n<p>&nbsp;<\/p>\n<p align=\"JUSTIFY\">\u00a0<a href=\"\/wp-content\/uploads\/2015\/09\/salle-classe-4.jpg\"><img loading=\"lazy\" decoding=\"async\" class=\" size-full wp-image-9145 aligncenter\" src=\"\/wp-content\/uploads\/2015\/09\/salle-classe-4.jpg\" alt=\"salle-classe-4\" width=\"599\" height=\"339\" srcset=\"https:\/\/www.servir.caef.net\/wp-content\/uploads\/2015\/09\/salle-classe-4.jpg 599w, https:\/\/www.servir.caef.net\/wp-content\/uploads\/2015\/09\/salle-classe-4-300x170.jpg 300w\" sizes=\"auto, (max-width: 599px) 100vw, 599px\" \/><\/a><\/p>\n<p align=\"JUSTIFY\">\u00a0<\/p>\n<p align=\"JUSTIFY\"><strong>par <span style=\"font-size: 16px;\"><span style=\"color: #b22222;\">Marie-Christine FAVE<\/span><\/span><\/strong><\/p>\n<p align=\"JUSTIFY\"><strong><br \/> <\/strong><\/p>\n<p>&nbsp;<\/p>\n<p align=\"JUSTIFY\"><strong>La solitude s&rsquo;incruste dans divers param\u00e8tres de vie ; on pensera naturellement aux c\u00e9libataires, aux conjoints devenus seuls par veuvage ou par divorce, aux personnes \u00e2g\u00e9es souvent isol\u00e9es pour raison de sant\u00e9, sans oublier les personnes souffrant d&rsquo;un handicap. L &lsquo;\u00e9glise locale ne peut ni ne doit rester insensible \u00e0 ces situations.<\/strong><\/p>\n<p align=\"JUSTIFY\">\u00a0<\/p>\n<p align=\"JUSTIFY\"><!--more--><\/p>\n<h2>Que proposer ?<\/h2>\n<p align=\"JUSTIFY\">\u00a0<\/p>\n<p align=\"JUSTIFY\"><a href=\"\/wp-content\/uploads\/2006\/pdf2006\/2006_01_17_legliselocaleunecommunaute.pdf\" target=\"_blank\"><img loading=\"lazy\" decoding=\"async\" title=\"iconePDF\" src=\"\/wp-content\/uploads\/2011\/01\/iconePDF.jpg\" alt=\"\" width=\"81\" height=\"76\" align=\"right\" hspace=\"8\" vspace=\"8\" \/><\/a>A chacun de voir, bien s\u00fbr. Les lignes suivantes font simplement part de quelques t\u00e9moignages recueillis aupr\u00e8s de Jean-Luc Tabailloux (CAEF Grenoble, rue Germain), Reynald Kuffer (CAEF Grenoble, rue Casimir P\u00e9rier), et Christiane Wanner (CAEF \u00ab La Bonne Nouvelle \u00bb Strasbourg).<\/p>\n<p align=\"JUSTIFY\">\u00a0<\/p>\n<p align=\"JUSTIFY\">\u00a0<\/p>\n<h2>Pas encore au top, mais&#8230;<\/h2>\n<p align=\"JUSTIFY\">\u00a0<\/p>\n<p align=\"JUSTIFY\">Tout d&rsquo;abord, comme le souligne Jean-Luc, \u00ab on n&rsquo;est pas parfait sur la question \u00bb. Peut-\u00eatre auriez-vous envie de r\u00e9pondre : nous aussi ? R\u00e9cemment, une personne m&rsquo;expliquait sa difficult\u00e9 pour trouver quelqu&rsquo;un qui puisse amener au culte une dame qui a du mal \u00e0 marcher, et pourtant son assembl\u00e9e est grande &#8230; On ne peut regarder les besoins sans se sentir parfois d\u00e9courag\u00e9 devant l&rsquo;ampleur, ou encore d\u00e9\u00e7u par un manque de r\u00e9ponse, et constater alors : il reste du chemin \u00e0 parcourir&#8230;<\/p>\n<p align=\"JUSTIFY\">\u00a0<\/p>\n<p align=\"JUSTIFY\">Toutefois, \u00ab ceux qui sont dans l&rsquo;\u00e9glise sont un peu moins seuls que ceux qui n&rsquo;y sont pas. \u00bb assure Jean Luc. \u00ab Quand je suis arriv\u00e9e \u00e0 Grenoble, se rappelle Brigitte, handicap\u00e9e suite \u00e0 un accident, c&rsquo;\u00e9tait une ville inconnue pour moi. Avec les voisins, on se croisait : un bonjour mais sans plus. S&rsquo;il n&rsquo;y avait pas eu l&rsquo;\u00e9glise, j&rsquo;aurais err\u00e9. Pour moi, assister au culte, c&rsquo;est un rayon de soleil. Pendant deux heures, on se sent aim\u00e9, entour\u00e9. Il y a toujours quelqu&rsquo;un qui me sourit, des personnes avec qui parler. On sent l&rsquo;amour de Dieu \u00e0 travers les chr\u00e9tiens. \u00bb<\/p>\n<p align=\"JUSTIFY\">\u00a0<\/p>\n<p align=\"JUSTIFY\">\u00a0<\/p>\n<h2>Faire sa part comme on peut, quand on peut&#8230;<\/h2>\n<p align=\"JUSTIFY\">\u00a0<\/p>\n<p align=\"JUSTIFY\">\u00ab On recommande de participer \u00e0 une activit\u00e9 de l&rsquo;\u00e9glise ou \u00e0 un groupe de quartier, si c&rsquo;est possible \u00bb affirme Jean-Luc. Pour Martine, veuve, maman seule, \u00ab le week-end avec les rencontres en petits groupes et le culte, c&rsquo;est mon ressourcement, je refais le plein. \u00bb Jean-Luc soul\u00e8ve ainsi \u00ab la responsabilit\u00e9 de la personne seule : elle a le choix de s&rsquo;enfermer ou d&rsquo;aller vers les autres \u00bb. \u00ab Certains sont seuls, ajoute Reynald, parce qu&rsquo;ils ont cr\u00e9\u00e9 le vide autour d&rsquo;eux, par l&rsquo;amertume par exemple. \u00bb.<\/p>\n<p align=\"JUSTIFY\">\u00a0<\/p>\n<p align=\"JUSTIFY\">On ne peut \u00e9videmment pas g\u00e9n\u00e9raliser, et malgr\u00e9 les efforts, il peut rester un poids et un sentiment de solitude. \u00ab La solitude est un \u00e9tat qui par d\u00e9finition isole, reconna\u00eet Christiane. Elle enferme quelquefois, ce qui accro\u00eet le sentiment d&rsquo;abandon. D&rsquo;o\u00f9 la difficult\u00e9 d&rsquo;int\u00e9gration et de participation &lsquo;active&rsquo; \u00e0 la vie de l&rsquo;\u00e9glise \u00bb.<\/p>\n<p align=\"JUSTIFY\">\u00a0<\/p>\n<p align=\"JUSTIFY\"><a href=\"\/wp-content\/uploads\/2008\/12\/repas-2.jpg\"><img loading=\"lazy\" decoding=\"async\" class=\" size-full wp-image-8446 alignright\" src=\"\/wp-content\/uploads\/2008\/12\/repas-2.jpg\" alt=\"repas-2\" width=\"278\" height=\"177\" hspace=\"10\" \/><\/a>Pour Reynald, \u00ab certains ressemblent davantage \u00e0 ces &lsquo;pauvres&rsquo; que le Seigneur nous envoie \u00bb. Ils se d\u00e9battent avec leurs difficult\u00e9s, divorce, famille monoparentale&#8230; \u00ab On visite, on aide, ajoute Reynald. On essaie de prendre soin des solitaires. Il faut l&rsquo;avoir v\u00e9cu pour comprendre ce que c&rsquo;est que de rentrer seul apr\u00e8s le culte. Les familles ne s&rsquo;en rendent pas toujours compte. Dans notre assembl\u00e9e, nous organisons un repas en commun environ une fois par mois. Chaque famille apporte une, deux ou trois parts en plus pour les \u00e9tudiants ou les personnes seules et invite \u00e0 sa table dans l&rsquo;\u00e9glise. Cela permet des \u00e9changes. Et pour les autres dimanches, les familles essayent d&rsquo;inviter. \u00bb<\/p>\n<p align=\"JUSTIFY\">\u00a0<\/p>\n<p align=\"JUSTIFY\">\u00a0<\/p>\n<h2>Tisser de nouveaux liens&#8230;<\/h2>\n<p align=\"JUSTIFY\">\u00a0<\/p>\n<p align=\"JUSTIFY\">\u00ab Les responsables du domaine &lsquo;Action Pastorale&rsquo; dont je fais partie, explique Christiane, invitent \u00e0 titre personnel les membres de l&rsquo;Eglise pour partager un repas 2 ou 3 fois par an. L&rsquo;objectif est de tisser et de renforcer les liens fraternels, d&rsquo;approfondir les relations \u00e9bauch\u00e9es lors du culte du dimanche matin et ainsi de d\u00e9velopper le tissu fraternel en favorisant de nouveaux contacts entre les personnes.<\/p>\n<p align=\"JUSTIFY\">\u00a0<\/p>\n<p align=\"JUSTIFY\">Les initiatives sont bas\u00e9es sur une observation attentive et un contact fraternel soutenu qui m&rsquo;aident \u00e0 discerner les besoins. Ces repas r\u00e9unissent en moyenne 20 \u00e0 30 personnes chaque fois. Ce nombre volontairement limit\u00e9 permet la qualit\u00e9 des \u00e9changes. Ces repas deviennent un lieu de vie o\u00f9 s&rsquo;articulent nos diff\u00e9rentes sensibilit\u00e9s et o\u00f9 s&rsquo;\u00e9tablit la confiance.<\/p>\n<p align=\"JUSTIFY\">\u00a0<\/p>\n<p align=\"JUSTIFY\">Nous portons aussi une attention particuli\u00e8re \u00e0 l&rsquo;accueil et \u00e0 l&rsquo;int\u00e9gration des personnes nouvelles qui fr\u00e9quentent l&rsquo;Eglise. Nous organisons \u00e0 leur intention des rencontres autour d&rsquo;un repas. C&rsquo;est l\u00e0 que s&rsquo;offre la possibilit\u00e9 d&rsquo;\u00e9changes sur le plan relationnel et sur la vie de l&rsquo;\u00e9glise et ses multiples facettes. Diff\u00e9rents lieux de rencontres sont propos\u00e9s : r\u00e9unions d&rsquo;\u00e9tudes bibliques, de pri\u00e8res, groupes de quartier, de jeunes, de dames, de personnes \u00e2g\u00e9es, chorale&#8230;, et chaque ann\u00e9e une veill\u00e9e pour Vivre No\u00ebl ensemble&rsquo;.<\/p>\n<p align=\"JUSTIFY\">\u00a0<\/p>\n<p align=\"JUSTIFY\">Les visites aux personnes isol\u00e9es sont r\u00e9guli\u00e8rement faites et une petite \u00e9quipe s&rsquo;y engage fid\u00e8lement. \u00bb<\/p>\n<p align=\"JUSTIFY\">\u00a0<\/p>\n<p align=\"JUSTIFY\">\u00a0<\/p>\n<h2>Les petites attentions&#8230;<\/h2>\n<p align=\"JUSTIFY\">\u00a0<\/p>\n<p align=\"JUSTIFY\">\u00ab Je veille \u00e0 manifester de l&rsquo;affection aux personnes, souligne Christiane, et j&rsquo;encourage les uns et les autres \u00e0 construire des passerelles par le biais de petites attentions : cartes d&rsquo;anniversaire, cartes de soutien et d&rsquo;encouragement sign\u00e9es collectivement lors de rencontres, appels t\u00e9l\u00e9phoniques, courriels, sont autant &lsquo;d&rsquo;outils&rsquo; pour construire et maintenir les relations dans une confiance r\u00e9ciproque. \u00bb<\/p>\n<p align=\"JUSTIFY\">\u00a0<\/p>\n<p align=\"JUSTIFY\">\u00a0<\/p>\n<h2>Donner envie&#8230;<\/h2>\n<p align=\"JUSTIFY\">\u00a0<\/p>\n<p align=\"JUSTIFY\"><a href=\"\/wp-content\/uploads\/2008\/01\/main-tendue.jpg\"><br \/><\/a>Pour en revenir \u00e0 la question de l&rsquo;aide dans ces divers services, Christiane se rappelle de l&rsquo;une ou l&rsquo;autre personne qui, \u00e0 la suite d&rsquo;un repas, lui d\u00e9clare : \u00ab Je voudrais t&rsquo;aider \u00bb. \u00ab Si une personne re\u00e7oit quelque chose, conclut Christiane, elle aura envie de reproduire. Il faut donner envie, faire go\u00fbter les avantages et les joies dans le service. Cela stimule. \u00bb<\/p>\n<p align=\"JUSTIFY\">\u00a0<\/p>\n<p align=\"JUSTIFY\">\u00a0<\/p>\n<h2>Trouver sa satisfaction en Dieu&#8230;<\/h2>\n<p align=\"JUSTIFY\">\u00a0<\/p>\n<p align=\"JUSTIFY\"><a href=\"\/wp-content\/uploads\/2012\/01\/fille-lit-bible.jpg\"><img loading=\"lazy\" decoding=\"async\" class=\"  wp-image-7274 alignright\" src=\"\/wp-content\/uploads\/2012\/01\/fille-lit-bible.jpg\" alt=\"fille-lit-bible\" width=\"215\" height=\"146\" srcset=\"https:\/\/www.servir.caef.net\/wp-content\/uploads\/2012\/01\/fille-lit-bible.jpg 769w, https:\/\/www.servir.caef.net\/wp-content\/uploads\/2012\/01\/fille-lit-bible-300x203.jpg 300w\" sizes=\"auto, (max-width: 215px) 100vw, 215px\" \/><\/a>Si nous devons veiller \u00e0 ce que nos assembl\u00e9es ressemblent de plus en plus \u00e0 des communaut\u00e9s, \u00e0 des familles, nous devons \u00e9galement \u00ab enseigner \u00e0 trouver sa satisfaction en Dieu dans les temps de solitude \u00bb comme le souligne Jean-Luc.<\/p>\n<p align=\"JUSTIFY\">\u00a0<\/p>\n<p align=\"CENTER\"><b>M-C.F<\/b><\/p>\n","protected":false},"excerpt":{"rendered":"<p>L&rsquo;\u00e9glise locale : une communaut\u00e9 ? &nbsp; \u00a0 \u00a0 par Marie-Christine FAVE &nbsp; La solitude s&rsquo;incruste dans divers param\u00e8tres de vie ; on pensera naturellement aux c\u00e9libataires, aux conjoints devenus seuls par veuvage ou par divorce, aux personnes \u00e2g\u00e9es souvent isol\u00e9es pour raison de sant\u00e9, sans oublier les personnes souffrant d&rsquo;un handicap. L &lsquo;\u00e9glise locale [&hellip;]<\/p>\n","protected":false},"author":34,"featured_media":0,"comment_status":"closed","ping_status":"closed","sticky":false,"template":"","format":"standard","meta":{"footnotes":""},"categories":[79,88,13],"tags":[],"class_list":["post-1471","post","type-post","status-publish","format-standard","hentry","category-amour","category-souffrance","category-la-vie-de-leglise"],"_links":{"self":[{"href":"https:\/\/www.servir.caef.net\/index.php?rest_route=\/wp\/v2\/posts\/1471","targetHints":{"allow":["GET"]}}],"collection":[{"href":"https:\/\/www.servir.caef.net\/index.php?rest_route=\/wp\/v2\/posts"}],"about":[{"href":"https:\/\/www.servir.caef.net\/index.php?rest_route=\/wp\/v2\/types\/post"}],"author":[{"embeddable":true,"href":"https:\/\/www.servir.caef.net\/index.php?rest_route=\/wp\/v2\/users\/34"}],"replies":[{"embeddable":true,"href":"https:\/\/www.servir.caef.net\/index.php?rest_route=%2Fwp%2Fv2%2Fcomments&post=1471"}],"version-history":[{"count":0,"href":"https:\/\/www.servir.caef.net\/index.php?rest_route=\/wp\/v2\/posts\/1471\/revisions"}],"wp:attachment":[{"href":"https:\/\/www.servir.caef.net\/index.php?rest_route=%2Fwp%2Fv2%2Fmedia&parent=1471"}],"wp:term":[{"taxonomy":"category","embeddable":true,"href":"https:\/\/www.servir.caef.net\/index.php?rest_route=%2Fwp%2Fv2%2Fcategories&post=1471"},{"taxonomy":"post_tag","embeddable":true,"href":"https:\/\/www.servir.caef.net\/index.php?rest_route=%2Fwp%2Fv2%2Ftags&post=1471"}],"curies":[{"name":"wp","href":"https:\/\/api.w.org\/{rel}","templated":true}]}}