{"id":1545,"date":"2006-03-23T06:27:06","date_gmt":"2006-03-23T06:27:06","guid":{"rendered":"\/?p=1545"},"modified":"2014-09-26T08:25:23","modified_gmt":"2014-09-26T08:25:23","slug":"in-memoriam-gaston-racine","status":"publish","type":"post","link":"https:\/\/www.servir.caef.net\/?p=1545","title":{"rendered":"In memoriam : Gaston RACINE"},"content":{"rendered":"<h1 style=\"text-align: center;\" align=\"JUSTIFY\"><a href=\"\/wp-content\/uploads\/2011\/07\/in-memoriam.gif\"><img loading=\"lazy\" decoding=\"async\" class=\"alignnone size-full wp-image-8567\" alt=\"in-memoriam\" src=\"\/wp-content\/uploads\/2011\/07\/in-memoriam.gif\" width=\"301\" height=\"62\" \/><\/a>\u00a0<\/h1>\n<h1 style=\"text-align: center;\" align=\"JUSTIFY\">\u00a0<\/h1>\n<h1 style=\"text-align: center;\" align=\"JUSTIFY\">Gaston RACINE<\/h1>\n<p align=\"JUSTIFY\">\u00a0<\/p>\n<p align=\"JUSTIFY\"><strong>par<\/strong> <span style=\"font-size: 16px;\"><strong><span style=\"color: #b22222;\">Francis BAILET<\/span><\/strong><\/span><\/p>\n<p align=\"JUSTIFY\">\u00a0<\/p>\n<p>&nbsp;<\/p>\n<p>&nbsp;<\/p>\n<table style=\"width: 80%;\" border=\"1\" cellspacing=\"3\" cellpadding=\"2\">\n<colgroup>\n<col width=\"80%\" \/><\/colgroup>\n<tbody>\n<tr>\n<td width=\"80%\">\n<p align=\"JUSTIFY\"><strong>A Montr\u00e9al, \u00e0 l&rsquo;aube du 27 f\u00e9vrier 2006, dans sa 89\u00e8me ann\u00e9e, le Seigneur a repris \u00e0 Lui, son fid\u00e8le serviteur Gaston RACINE.<\/strong><\/p>\n<p align=\"JUSTIFY\">\u00a0<\/p>\n<p style=\"text-align: center;\"><a href=\"\/wp-content\/uploads\/2011\/04\/RACINE.gif\"><img loading=\"lazy\" decoding=\"async\" class=\"alignnone size-medium wp-image-1546\" title=\"RACINE\" alt=\"G.Racine\" src=\"\/wp-content\/uploads\/2011\/04\/RACINE-228x300.gif\" width=\"150\" height=\"197\" align=\"left\" hspace=\"10\" vspace=\"10\" srcset=\"https:\/\/www.servir.caef.net\/wp-content\/uploads\/2011\/04\/RACINE-228x300.gif 228w, https:\/\/www.servir.caef.net\/wp-content\/uploads\/2011\/04\/RACINE.gif 482w\" sizes=\"auto, (max-width: 150px) 100vw, 150px\" \/><\/a><\/p>\n<p align=\"JUSTIFY\">\u00a0<\/p>\n<p align=\"JUSTIFY\">N\u00e9 en Suisse dans le canton de Neuch\u00e2tel, Gaston Racine fut \u00e9lev\u00e9 dans un milieu tr\u00e8s pieux et se convertit au Christ \u00e0 l&rsquo;\u00e2ge de 14 ans.<\/p>\n<p align=\"JUSTIFY\">Tr\u00e8s jeune, il dut apprendre, \u00e0 l&rsquo;\u00e9cole de la souffrance, \u00e0 renoncer \u00e0 ses plans et \u00e0 ses projets pour se soumettre \u00e0 la volont\u00e9 de Dieu. Gu\u00e9ri et fortifi\u00e9, il re\u00e7ut l&rsquo;appel au service par ces paroles du proph\u00e8te J\u00e9r\u00e9mie : <em><span style=\"background-color: #add8e6;\">\u00ab Ne dis pas : je suis un enfant,&#8230; Je mets mes paroles dans ta bouche \u00bb (lire Jr 1. 4 \u00e0 10).<\/span><\/em><\/p>\n<\/td>\n<\/tr>\n<\/tbody>\n<\/table>\n<p>&nbsp;<\/p>\n<p align=\"JUSTIFY\">\u00a0<\/p>\n<p align=\"JUSTIFY\"><!--more--><\/p>\n<p align=\"JUSTIFY\"><a href=\"\/wp-content\/uploads\/2006\/pdf2006\/2006_02_28_inmemoriamgastonracine.pdf\" target=\"_blank\"><img loading=\"lazy\" decoding=\"async\" title=\"iconePDF\" alt=\"\" src=\"..\/wp-content\/uploads\/2011\/01\/iconePDF.jpg\" width=\"81\" height=\"76\" align=\"right\" hspace=\"8\" vspace=\"8\" \/><\/a>Pendant plus de 60 ans, G. Racine a exerc\u00e9 un minist\u00e8re pastoral et d&rsquo;enseignement biblique dans divers pays du monde, accueilli dans les Eglises les plus diverses, \u00e0 la d\u00e9couverte et \u00e0 l&rsquo;exp\u00e9rience de l&rsquo;unit\u00e9 du corps de Christ. Les assembl\u00e9es de France, Belgique, Suisse et Italie ont b\u00e9n\u00e9fici\u00e9 tout particuli\u00e8rement de son enseignement.<\/p>\n<p align=\"JUSTIFY\">\u00a0<\/p>\n<p align=\"JUSTIFY\">Il faut mentionner sa fid\u00e8le collaboration avec notre fr\u00e8re Marc ERNST \u00e0 la revue \u00ab SERVIR \u00bb depuis juin 1949, date de son premier article. Durant de nombreuses ann\u00e9es, chaque mois, dans la rubrique \u00ab Vie chr\u00e9tienne, Doctrine et Vie \u00bb, ses articles ont \u00e9t\u00e9 en b\u00e9n\u00e9diction \u00e0 beaucoup.<\/p>\n<p align=\"JUSTIFY\">\u00a0<\/p>\n<p align=\"JUSTIFY\">Mentionnons encore son minist\u00e8re parmi les jeunes et les adultes dans les camps de l&rsquo;Hermon, Genval, Vennes-sur-Lausanne, Poggio et les camps G.B.U.<\/p>\n<p align=\"JUSTIFY\">\u00a0<\/p>\n<p align=\"JUSTIFY\">Etabli au Canada, apr\u00e8s son mariage avec Eva Arendt il cr\u00e9a les camps Mahana\u00efm.<\/p>\n<p align=\"JUSTIFY\">\u00a0<\/p>\n<p align=\"JUSTIFY\">A Nice, la fondation de l&rsquo;assembl\u00e9e du Refuge le 1er dimanche de d\u00e9cembre 1950 a \u00e9t\u00e9 le d\u00e9part d&rsquo;un riche t\u00e9moignage qui fut en b\u00e9n\u00e9diction \u00e0 beaucoup. Ce t\u00e9moignage se poursuit encore aujourd&rsquo;hui.<\/p>\n<p align=\"JUSTIFY\">\u00a0<\/p>\n<p align=\"JUSTIFY\">Nous ne voulons pas exalter un homme, car toute la gloire en revient \u00e0 Dieu. G. Racine disait humblement qu&rsquo;il n&rsquo;\u00e9tait qu&rsquo;une voix.<\/p>\n<p align=\"JUSTIFY\">\u00a0<\/p>\n<p align=\"JUSTIFY\">Rendons gr\u00e2ces \u00e0 Dieu qui a donn\u00e9 un serviteur \u00e0 son Eglise. Que sa cons\u00e9cration et son t\u00e9moignage de Foi soient un encouragement \u00e0 aimer la Parole, \u00e0 la faire conna\u00eetre et \u00e0 la vivre comme il nous l&rsquo;a enseign\u00e9.<\/p>\n<p align=\"JUSTIFY\">\u00a0<\/p>\n<p align=\"JUSTIFY\">R\u00e9jouissons-nous malgr\u00e9 la tristesse de la s\u00e9paration, car notre fr\u00e8re bien-aim\u00e9 est aupr\u00e8s du Seigneur qui l&rsquo;a accueilli.<\/p>\n<p align=\"JUSTIFY\">\u00a0<\/p>\n<p align=\"JUSTIFY\">Nous disons \u00e0 sa ch\u00e8re \u00e9pouse Eva qui l&rsquo;a si efficacement soutenu dans son minis-t\u00e8re et \u00e0 toute sa famille notre fraternelle affection.<\/p>\n<p align=\"JUSTIFY\">\u00a0<\/p>\n<p style=\"text-align: center;\"><strong>F.B.<\/strong><\/p>\n<p align=\"JUSTIFY\">\u00a0<\/p>\n<p>&nbsp;<\/p>\n<table style=\"width: 80%;\" border=\"1\" cellspacing=\"3\" cellpadding=\"2\">\n<colgroup>\n<col width=\"80%\" \/><\/colgroup>\n<tbody>\n<tr>\n<td bgcolor=\"#ffffff\" width=\"80%\">\n<h3 style=\"text-align: center;\"><strong>Etre chr\u00e9tien seul<\/strong><\/h3>\n<p align=\"JUSTIFY\">\u00a0<\/p>\n<p align=\"JUSTIFY\">Il y a dans la vie du chr\u00e9tien des heures, des journ\u00e9es, des p\u00e9riodes o\u00f9 nous \u00e9prouvons les gr\u00e2ces sensibles de notre Dieu. Temps heureux, jours de bonheur o\u00f9 l&rsquo;\u00e2me est consciente de l&rsquo;amour de son Sauveur et reconna\u00eet que <em><span style=\"background-color: #add8e6;\">Ses commandements ne sont pas p\u00e9nibles (1Jn 5.3)<\/span><\/em>. Puis, soudainement, le chr\u00e9tien se trouve plong\u00e9 dans les t\u00e9n\u00e8bres.<\/p>\n<p align=\"JUSTIFY\">\u00a0<\/p>\n<p align=\"JUSTIFY\">Les jours mauvais ne nous ont peut-\u00eatre pas encore atteints dans toute leur rigueur, mais cependant nous ressentons que nous ne sommes plus au pays de l&rsquo;abondance spirituelle, mais dans le d\u00e9sert, le je\u00fbne et la solitude aux affreux hurlements.<\/p>\n<p align=\"JUSTIFY\">\u00a0<\/p>\n<p align=\"JUSTIFY\">La satisfaction int\u00e9rieure comme jadis fait place \u00e0 un sentiment de m\u00e9diocrit\u00e9 profonde. Un essaim de mauvaises pens\u00e9es nous assaille, certains souvenirs, certaines images nous obs\u00e8dent et une voix nous crie : \u00ab Ote donc ton masque, tu n&rsquo;es qu&rsquo;un vil hypocrite, tu es indigne de l&rsquo;amour de Dieu, et cela est si vrai que tu n&rsquo;\u00e9prouves plus Sa tendresse ! Dieu t&rsquo;abandonne, te rejette, ne r\u00e9pond plus m\u00eame \u00e0 ta pri\u00e8re. Tu as v\u00e9cu dans l&rsquo;illusion, et maintenant tu es seul&#8230; seul&#8230; et personne ne peut vraiment te secourir. \u00bb<\/p>\n<p align=\"JUSTIFY\">\u00a0<\/p>\n<p align=\"JUSTIFY\">C&rsquo;est l&rsquo;heure favorable o\u00f9 le tentateur s&rsquo;approche pour s&rsquo;essayer de nous d\u00e9tourner de la volont\u00e9 de Dieu en nous sugg\u00e9rant mille moyens de nous sortir de peine sans Dieu, puisque Dieu semble nous avoir abandonn\u00e9s et livr\u00e9s \u00e0 la merci du destructeur, qui se fait soudain s\u00e9ducteur. Comme J\u00e9sus au jour de la tentation, il est important pour nous de savoir r\u00e9pondre \u00e0 Satan : <em><span style=\"background-color: #add8e6;\">\u00ab II est \u00e9crit \u00bb<\/span><\/em>.<\/p>\n<p align=\"JUSTIFY\">\u00a0<\/p>\n<p align=\"JUSTIFY\">Certes, au point culminant de l&rsquo;\u00e9preuve, nous ne sentons peut-\u00eatre plus l&rsquo;amour de Dieu et nous ne voyons plus le Seigneur, mais nous savons ce que dit la Bible : <em><span style=\"background-color: #add8e6;\">\u00ab Dieu constate son amour envers nous, en ce que, lorsque nous \u00e9tions encore des p\u00e9cheurs, Christ est mort pour nous \u00bb (Rm 5.8)<\/span><\/em>.<\/p>\n<p align=\"JUSTIFY\">\u00a0<\/p>\n<p align=\"JUSTIFY\">Voil\u00e0 ce que je sais ! Voil\u00e0 ce qui est vrai !<\/p>\n<p align=\"JUSTIFY\">\u00a0<\/p>\n<p align=\"JUSTIFY\">Je ne suis pas plus aim\u00e9 de Dieu quand je nage dans la joie, ni moins aim\u00e9 de Lui quand je traverse la vall\u00e9e des larmes. Il ne m&rsquo;aime pas parce que je me crois blanc, et ne cesse pas de m&rsquo;aimer quand je me vois tout noir ! Dieu M&rsquo;aime tel que je suis. Son amour est immuable.<\/p>\n<p align=\"JUSTIFY\">\u00a0<\/p>\n<p align=\"JUSTIFY\">Cette certitude doit nous amener \u00e0 une stabilit\u00e9 spirituelle merveilleuse qui se manifestera par une d\u00e9pr\u00e9occupation plus totale de nous-m\u00eame et de ce que nous ressentons, afin qu&rsquo;en tout temps nous puissions rendre t\u00e9moignage au grand amour de Dieu.<\/p>\n<p align=\"JUSTIFY\">Gaston RACINE (7 avril 1964)<\/p>\n<p align=\"JUSTIFY\">\u00a0<\/p>\n<\/td>\n<\/tr>\n<\/tbody>\n<\/table>\n<p>&nbsp;<\/p>\n<p align=\"JUSTIFY\">\u00a0<\/p>\n","protected":false},"excerpt":{"rendered":"<p>\u00a0 \u00a0 Gaston RACINE \u00a0 par Francis BAILET \u00a0 &nbsp; &nbsp; A Montr\u00e9al, \u00e0 l&rsquo;aube du 27 f\u00e9vrier 2006, dans sa 89\u00e8me ann\u00e9e, le Seigneur a repris \u00e0 Lui, son fid\u00e8le serviteur Gaston RACINE. \u00a0 \u00a0 N\u00e9 en Suisse dans le canton de Neuch\u00e2tel, Gaston Racine fut \u00e9lev\u00e9 dans un milieu tr\u00e8s pieux et se [&hellip;]<\/p>\n","protected":false},"author":13,"featured_media":0,"comment_status":"closed","ping_status":"closed","sticky":false,"template":"","format":"standard","meta":{"footnotes":""},"categories":[15],"tags":[],"class_list":["post-1545","post","type-post","status-publish","format-standard","hentry","category-in-memoriam"],"_links":{"self":[{"href":"https:\/\/www.servir.caef.net\/index.php?rest_route=\/wp\/v2\/posts\/1545","targetHints":{"allow":["GET"]}}],"collection":[{"href":"https:\/\/www.servir.caef.net\/index.php?rest_route=\/wp\/v2\/posts"}],"about":[{"href":"https:\/\/www.servir.caef.net\/index.php?rest_route=\/wp\/v2\/types\/post"}],"author":[{"embeddable":true,"href":"https:\/\/www.servir.caef.net\/index.php?rest_route=\/wp\/v2\/users\/13"}],"replies":[{"embeddable":true,"href":"https:\/\/www.servir.caef.net\/index.php?rest_route=%2Fwp%2Fv2%2Fcomments&post=1545"}],"version-history":[{"count":0,"href":"https:\/\/www.servir.caef.net\/index.php?rest_route=\/wp\/v2\/posts\/1545\/revisions"}],"wp:attachment":[{"href":"https:\/\/www.servir.caef.net\/index.php?rest_route=%2Fwp%2Fv2%2Fmedia&parent=1545"}],"wp:term":[{"taxonomy":"category","embeddable":true,"href":"https:\/\/www.servir.caef.net\/index.php?rest_route=%2Fwp%2Fv2%2Fcategories&post=1545"},{"taxonomy":"post_tag","embeddable":true,"href":"https:\/\/www.servir.caef.net\/index.php?rest_route=%2Fwp%2Fv2%2Ftags&post=1545"}],"curies":[{"name":"wp","href":"https:\/\/api.w.org\/{rel}","templated":true}]}}