{"id":166,"date":"2009-03-08T10:25:16","date_gmt":"2009-03-08T10:25:16","guid":{"rendered":"\/?p=166"},"modified":"2017-04-19T07:30:48","modified_gmt":"2017-04-19T07:30:48","slug":"des-oeuvres-a-duree-limitee","status":"publish","type":"post","link":"https:\/\/www.servir.caef.net\/?p=166","title":{"rendered":"Grain \u00e0 moudre &#8211; Des oeuvres \u00e0 dur\u00e9e limit\u00e9e ?"},"content":{"rendered":"<p><img loading=\"lazy\" decoding=\"async\" class=\"aligncenter\" title=\"Grain \u00e0 moudre\" src=\"\/wp-content\/themes\/magicblue\/grainamoudre.jpg\" alt=\"\" width=\"350\" height=\"45\" align=\"left\" hspace=\"12\" \/><\/p>\n<h3>\u00a0<\/h3>\n<p>&nbsp;<\/p>\n<p>&nbsp;<\/p>\n<h1 style=\"text-align: center;\">Des oeuvres \u00e0 dur\u00e9e limit\u00e9e ?<\/h1>\n<p>&nbsp;<\/p>\n<p><span style=\"font-size: 16px;\"><span style=\"color: #b22222;\"><strong>Par Robert Souza<br \/> <\/strong><\/span><\/span><\/p>\n<p>&nbsp;<\/p>\n<h3><span style=\"background-color: #add8e6;\"><em>Nul ne peut s\u2019attribuer une autre mission que celle qu\u2019il a re\u00e7ue de Dieu. (Jn 3.27, <\/em>Bible du Semeur<em>)<\/em><\/span><\/h3>\n<p>&nbsp;<\/p>\n<p><img decoding=\"async\" style=\"width: 109px; height: 161px;\" title=\"Robert Souza\" src=\"\/wp-content\/uploads\/2011\/02\/Robert-Souza2.jpg\" alt=\"\" width=\"109\" align=\"left\" hspace=\"12\" \/><\/p>\n<p style=\"text-align: justify;\">Parmi les textes du Nouveau Testament qui peuvent servir de base \u00e0 une r\u00e9flexion sur le th\u00e8me \u00ab \u00c9glises et \u0153uvres \u00bb<strong><sub><span style=\"position: relative; top: -2pt;\">1<\/span><\/sub><\/strong>, le r\u00e9cit que nous trouvons vers la fin du <span style=\"background-color: #add8e6;\"><em>chapitre 3 de l\u2019\u00e9vangile de Jean<\/em><\/span><strong><sub><span style=\"position: relative; top: -3pt;\">2<\/span><\/sub><\/strong> est particuli\u00e8rement int\u00e9ressant.<\/p>\n<div>\u00a0<\/div>\n<div style=\"text-align: justify;\">Le mouvement de Jean-Baptiste est r\u00e9cent, il est jeune et dynamique et il r\u00e9pond \u00e0 un appel de Dieu : <span style=\"background-color: #ccffff;\"><em>Un homme parut, envoy\u00e9<\/em> <em>par Dieu ; il s\u2019appelait Jean. <\/em><\/span>Jean-Baptiste est le pr\u00e9curseur et il remplit sa mission avec passion et d\u00e9vouement. Chose int\u00e9ressante : il ne s\u2019offusque pas de voir ses meilleurs disciples s\u2019en aller pour suivre J\u00e9sus. Cela lui semble tout naturel. Jean a bien saisi la diff\u00e9rence entre construire une \u0153uvre (personnelle) et accomplir l\u2019\u0153uvre que Dieu confie. \u00c0 travers les \u00e2ges, le Seigneur a suscit\u00e9 d\u2019innombrables mouvements spirituels qui, par leur enthousiasme, par l\u2019accent particulier mis sur telle ou telle v\u00e9rit\u00e9 trop oubli\u00e9e, par la r\u00e9ponse apport\u00e9e \u00e0 un besoin n\u00e9glig\u00e9, ont stimul\u00e9 ou r\u00e9veill\u00e9 l\u2019\u00c9glise. Ces \u0153uvres ont souvent jou\u00e9 un r\u00f4le de pr\u00e9curseur dans tel ou tel domaine.<\/div>\n<div><!--more--><\/div>\n<div>\u00a0<\/div>\n<div>\u00a0<\/div>\n<h3><strong>Mais chacun est tent\u00e9\u2026<sub><span style=\"position: relative; top: -4.5pt;\">3<\/span><\/sub><\/strong><\/h3>\n<div>\u00a0<\/div>\n<div style=\"text-align: justify;\"><a href=\"\/wp-content\/uploads\/2009\/pdf2009\/Servir2009_2.pdf#page=7\" target=\"_blank\"><img loading=\"lazy\" decoding=\"async\" title=\"iconePDF\" src=\"\/wp-content\/uploads\/2011\/01\/iconePDF.jpg\" alt=\"\" width=\"81\" height=\"76\" align=\"right\" hspace=\"8\" vspace=\"8\" \/><\/a>Tout mouvement spirituel subit des tentations (dont certaines sont mises en \u00e9vidence dans ce texte) qui portent sur ce qu\u2019on pourrait appeler le c\u00f4t\u00e9 \u00ab ambigu \u00bb de ces \u0153uvres qui sont au service de l\u2019\u00c9glise, qui sont m\u00eame les bras, les jambes, la voix de l\u2019\u00c9glise, sans \u00eatre elles-m\u00eames des \u00e9glises locales. Il y a toujours, en particulier, la tentation de se laisser distraire de la mission \u00e0 accomplir, pour tout investir dans la p\u00e9rennisation du mouvement lui-m\u00eame.<\/div>\n<div>\u00a0<\/div>\n<div>\u00a0<\/div>\n<div style=\"text-align: justify;\">Jean-Baptiste n\u2019approuve pas l\u2019attitude de ses disciples, mais cela n\u2019emp\u00eache pas que ceux-ci manifestent \u00e0 la fois un <strong>esprit de concurrence<\/strong> et un <strong>esprit comptable <\/strong>de mauvais aloi<em>.<\/em>Il est vrai qu\u2019ils ont \u00e9t\u00e9 provoqu\u00e9s par un Juif anonyme qui \u2013 peut-\u00eatre avec perfidie, pour semer la zizanie \u2013 a demand\u00e9 : Quel bapt\u00eame purifie le mieux ? Celui de Jean ou celui de J\u00e9sus ? Les disciples du Baptiseur sont troubl\u00e9s. Ils se mettent \u00e0 craindre la concurrence de J\u00e9sus et \u00e0 compter les baptis\u00e9s. C\u2019est toujours mauvais signe ! Ils glissent ainsi vers une mentalit\u00e9 sectaire, car de \u00ab nos \u00bb baptis\u00e9s \u00e0 <strong>nos adeptes<\/strong>, il n\u2019y a qu\u2019un pas. Jean-Baptiste lui-m\u00eame est un \u00ab ouvreur \u00bb, mais il est \u00e9vident ici que certains de ses disciples se renferment d\u00e9j\u00e0 dans un \u00ab culte du fondateur \u00bb qui fait passer la volont\u00e9 et le plan de Dieu au second plan.<\/div>\n<div>\u00a0<\/div>\n<div>\u00a0<\/div>\n<h3><strong>Une histoire sans fin ?<\/strong><\/h3>\n<div><img loading=\"lazy\" decoding=\"async\" class=\"alignright size-medium wp-image-242\" style=\"width: 300px; height: 202px;\" title=\"mains2_2009\" src=\"\/wp-content\/uploads\/2011\/02\/mains2_2009-300x200.jpg\" alt=\"\" width=\"300\" height=\"202\" align=\"right\" hspace=\"12\" \/><\/div>\n<div>\u00a0<\/div>\n<div style=\"text-align: justify;\">Au fait, qu\u2019est devenu le mouvement de Jean ? S\u2019est-il \u00e9teint avec son fondateur, mission accomplie ? Pas du tout ! Quand Paul arrive \u00e0 \u00c9ph\u00e8se vers l\u2019an 52, il est confront\u00e9 \u00e0 un groupe de disciples de Jean-Baptiste qui n\u2019avaient <span style=\"background-color: #add8e6;\"><em>m\u00eame pas entendu qu\u2019il y ait un Esprit Saint<\/em><\/span><strong><sub><span style=\"position: relative; top: -2.5pt;\">4<\/span><\/sub><\/strong>.Ensuite, un texte du III<span style=\"position: relative; top: -2.5pt;\">e<\/span> si\u00e8cle parle de certains disciples de Jean qui croyaient que leur ma\u00eetre \u00e9tait lui-m\u00eame le Christ. Mais le plus fort est qu\u2019aujourd\u2019hui encore, au XXI<span style=\"position: relative; top: -2.5pt;\">e<\/span> si\u00e8cle, il subsiste en Syrie et en Irak des confr\u00e9ries d\u2019adeptes du Baptiseur. Il y a des mouvements qui ont la vie dure !<\/div>\n<div style=\"text-align: justify;\">\u00a0<\/div>\n<div style=\"text-align: justify;\">\u00a0<\/div>\n<div style=\"text-align: justify;\">Les mouvements spirituels vont et viennent. Les \u0153uvres apparaissent et disparaissent selon les \u00e9poques et les besoins. L\u2019\u00c9glise reste ! Il faut admettre que nous sommes beaucoup plus dou\u00e9s pour faire na\u00eetre ces organisations et pour les perp\u00e9tuer que pour les laisser dispara\u00eetre quand elles ont servi. Il y a un avertissement dans le fait que les disciples de Jean ont cru que J\u00e9sus cherchait \u00e0 r\u00e9cup\u00e9rer leur meilleure id\u00e9e : le bapt\u00eame, la purification. <strong>Aucun mouvement n\u2019est propri\u00e9taire de son message : on ne poss\u00e8de pas la v\u00e9rit\u00e9 ! <\/strong>On est saisi par une v\u00e9rit\u00e9 qui inspire une action et motive un minist\u00e8re. Le mieux qui puisse arriver \u00e0 un mouvement spirituel est de voir son id\u00e9e-force reconnue et adopt\u00e9e par le plus grand nombre ! Mais alors surgit le danger que les membres du mouvement en arrivent \u00e0 regretter un tel succ\u00e8s\u2026 Ensuite, insensiblement,l\u2019organisation risque de se radicaliser et de devenir excessive dans la formulation de son message ou dans les formes que prend son action, pour se m\u00e9nager une raison d\u2019\u00eatre et \u2013 surtout \u2013 de <strong>durer<\/strong>.<\/div>\n<div style=\"line-height: 10pt;\">\u00a0<\/div>\n<div style=\"line-height: 10pt;\">\u00a0<\/div>\n<h3><strong>Un devoir de discernement<\/strong><\/h3>\n<div>\u00a0<\/div>\n<div style=\"text-align: justify;\">Que le Seigneur nous donne de la sagesse ! Soutenons sans faiblir les \u0153uvres que Dieu met sur notre c\u0153ur et qui sont, de toute \u00e9vidence, porteuses d\u2019une vision et g\u00e9n\u00e9ratrices d\u2019une action qui glorifient le Seigneur. Mais ayons aussi le courage, le cas \u00e9ch\u00e9ant, d\u2019admettre et de faire admettre que tel mouvement a fait son temps, que les ressources investies pour l\u2019emp\u00eacher de dispara\u00eetre pourraient \u00eatre mieux employ\u00e9es ailleurs. La mission des mouvements spirituels que Dieu suscite est de stimuler et de r\u00e9veiller les \u00e9glises, puis parfois \u2013 le moment venu \u2013 de s\u2019effacer comme Jean-Baptiste s\u2019est effac\u00e9. La devise de Jean est valable \u00e9galement pour nos \u0153uvres : <span style=\"background-color: #add8e6;\"><em>Il faut que lui [le<\/em> <\/span><em><span style=\"background-color: #add8e6;\">Christ] croisse et que, moi, je diminue<\/span>.<\/em><\/div>\n<div>\u00a0<\/div>\n<div>\u00a0<\/div>\n<div style=\"text-align: center;\"><strong>R.S.<\/strong><\/div>\n<div>\u00a0<\/div>\n<div>\n<hr \/>\n<p>NOTES<\/p><\/div>\n<div>\u00a0<\/div>\n<div>\u00a0<\/div>\n<div><span style=\"font-size: 12px;\"><strong>1. <\/strong>On trouvera \u00e9galement du \u00ab grain \u00e0 moudre \u00bb en consid\u00e9rant es relations entre \u00e9quipes missionnaires et \u00e9glises locales (Actes, \u00e9p\u00eetres de Paul).<\/span><\/div>\n<div><span style=\"font-size: 12px;\"><br \/> <\/span><\/div>\n<div>\u00a0<\/div>\n<div><span style=\"font-size: 12px;\"><strong>2. <\/strong>Versets 22 \u00e0 30.<\/span><\/div>\n<div><span style=\"font-size: 12px;\"><br \/> <\/span><\/div>\n<div>\u00a0<\/div>\n<div><span style=\"font-size: 12px;\"><strong>3. <\/strong>Jc 1.14, Colombe<\/span><\/div>\n<div>\u00a0<\/div>\n<div>\u00a0<\/div>\n<div><span style=\"font-size: 12px;\"><strong><span style=\"position: relative; top: -2pt;\">4<\/span>. <\/strong>Actes 19.2<\/span><\/div>\n","protected":false},"excerpt":{"rendered":"<p>\u00a0 &nbsp; &nbsp; Des oeuvres \u00e0 dur\u00e9e limit\u00e9e ? &nbsp; Par Robert Souza &nbsp; Nul ne peut s\u2019attribuer une autre mission que celle qu\u2019il a re\u00e7ue de Dieu. (Jn 3.27, Bible du Semeur) &nbsp; Parmi les textes du Nouveau Testament qui peuvent servir de base \u00e0 une r\u00e9flexion sur le th\u00e8me \u00ab \u00c9glises et \u0153uvres [&hellip;]<\/p>\n","protected":false},"author":20,"featured_media":0,"comment_status":"closed","ping_status":"closed","sticky":false,"template":"","format":"standard","meta":{"footnotes":""},"categories":[14,13],"tags":[],"class_list":["post-166","post","type-post","status-publish","format-standard","hentry","category-eglises-et-oeuvres","category-la-vie-de-leglise"],"_links":{"self":[{"href":"https:\/\/www.servir.caef.net\/index.php?rest_route=\/wp\/v2\/posts\/166","targetHints":{"allow":["GET"]}}],"collection":[{"href":"https:\/\/www.servir.caef.net\/index.php?rest_route=\/wp\/v2\/posts"}],"about":[{"href":"https:\/\/www.servir.caef.net\/index.php?rest_route=\/wp\/v2\/types\/post"}],"author":[{"embeddable":true,"href":"https:\/\/www.servir.caef.net\/index.php?rest_route=\/wp\/v2\/users\/20"}],"replies":[{"embeddable":true,"href":"https:\/\/www.servir.caef.net\/index.php?rest_route=%2Fwp%2Fv2%2Fcomments&post=166"}],"version-history":[{"count":0,"href":"https:\/\/www.servir.caef.net\/index.php?rest_route=\/wp\/v2\/posts\/166\/revisions"}],"wp:attachment":[{"href":"https:\/\/www.servir.caef.net\/index.php?rest_route=%2Fwp%2Fv2%2Fmedia&parent=166"}],"wp:term":[{"taxonomy":"category","embeddable":true,"href":"https:\/\/www.servir.caef.net\/index.php?rest_route=%2Fwp%2Fv2%2Fcategories&post=166"},{"taxonomy":"post_tag","embeddable":true,"href":"https:\/\/www.servir.caef.net\/index.php?rest_route=%2Fwp%2Fv2%2Ftags&post=166"}],"curies":[{"name":"wp","href":"https:\/\/api.w.org\/{rel}","templated":true}]}}