{"id":1726,"date":"2006-05-06T17:03:27","date_gmt":"2006-05-06T17:03:27","guid":{"rendered":"\/?p=1726"},"modified":"2016-09-14T06:55:55","modified_gmt":"2016-09-14T06:55:55","slug":"desir-d%e2%80%99enfant-quand-la-nature-l%e2%80%99empeche","status":"publish","type":"post","link":"https:\/\/www.servir.caef.net\/?p=1726","title":{"rendered":"D\u00e9sir d\u2019enfant : quand la nature l\u2019emp\u00eache&#8230;"},"content":{"rendered":"<h1 style=\"text-align: center;\">D\u00e9sir d\u2019enfant : quand la nature l\u2019emp\u00eache&#8230;<\/h1>\n<p>&nbsp;<\/p>\n<h3 style=\"text-align: center;\">\u00a0<a href=\"\/wp-content\/uploads\/2015\/01\/interview.jpg\"><img loading=\"lazy\" decoding=\"async\" class=\"alignnone size-full wp-image-8710\" src=\"\/wp-content\/uploads\/2015\/01\/interview.jpg\" alt=\"interview\" width=\"329\" height=\"126\" srcset=\"https:\/\/www.servir.caef.net\/wp-content\/uploads\/2015\/01\/interview.jpg 329w, https:\/\/www.servir.caef.net\/wp-content\/uploads\/2015\/01\/interview-300x114.jpg 300w\" sizes=\"auto, (max-width: 329px) 100vw, 329px\" \/><\/a><\/h3>\n<h3 style=\"text-align: center;\">Interview par <span style=\"color: #b22222;\"><strong><span style=\"font-size: 16px;\">Marcel REUTENAUER<\/span><\/strong><\/span> aupr\u00e8s de 2 couples<br \/> n&rsquo;ayant pas pu procr\u00e9er et qui ont \u00e9t\u00e9 amen\u00e9s \u00e0 choisir l&rsquo;adoption<\/h3>\n<p align=\"JUSTIFY\">\u00a0<\/p>\n<p align=\"JUSTIFY\">\u00a0<\/p>\n<p>&nbsp;<\/p>\n<h2><a href=\"\/wp-content\/uploads\/2014\/04\/dialogue-2.jpg\"><img loading=\"lazy\" decoding=\"async\" class=\"  wp-image-8166 alignleft\" src=\"\/wp-content\/uploads\/2014\/04\/dialogue-2.jpg\" alt=\"dialogue-2\" width=\"115\" height=\"120\" \/><\/a>Pouvez-vous relater la p\u00e9riode de prise de conscience de l&rsquo;impossibilit\u00e9 d&rsquo;avoir un enfant ; vos questions, vos sentiments&#8230; ? Quelle importance pour chacun des conjoints et pour la vie de couple ? Acceptation et r\u00e9volte ?<\/h2>\n<p>&nbsp;<\/p>\n<p align=\"JUSTIFY\"><!--more--><\/p>\n<p align=\"JUSTIFY\"><strong><a href=\"\/wp-content\/uploads\/2006\/pdf2006\/2006_03_22_desirdenfant.pdf\" target=\"_blank\"><img loading=\"lazy\" decoding=\"async\" title=\"iconePDF\" src=\"\/wp-content\/uploads\/2011\/01\/iconePDF.jpg\" alt=\"\" width=\"81\" height=\"76\" align=\"right\" hspace=\"8\" vspace=\"8\" \/><\/a>Couple A : <\/strong>Lorsque l&rsquo;on se marie on pense avec \u00e9vidence fonder une famille, puis on pense qu&rsquo;avec les techniques d&rsquo;aujourd&rsquo;hui nous ma\u00eetrisons la procr\u00e9ation, on finit ses \u00e9tudes, on cherche un travail et ensuite on se sent pr\u00eat pour devenir parents. C&rsquo;est alors que les mois passent et rien n&rsquo;arrive.<\/p>\n<p align=\"JUSTIFY\">\u00a0<\/p>\n<p align=\"JUSTIFY\">On se tourne ensuite vers les m\u00e9decins, les examens, et un jour sans qu&rsquo;on y soit pr\u00e9par\u00e9 l&rsquo;annonce tombe, brutale : vous n&rsquo;aurez jamais d&rsquo;enfant.<\/p>\n<p align=\"JUSTIFY\">\u00a0<\/p>\n<p align=\"JUSTIFY\">La vie s&rsquo;\u00e9croule. Quoi ? Comment ? On ne comprend pas. Depuis toute petite, je le sens, je suis faite pour avoir des enfants ! Je crie au Seigneur ma d\u00e9tresse mais personne n&rsquo;a l&rsquo;air d&rsquo;entendre mes supplications.<\/p>\n<p align=\"JUSTIFY\">\u00a0<\/p>\n<p align=\"JUSTIFY\">\u00a0<\/p>\n<p align=\"JUSTIFY\">Les m\u00e9decins nous conduisent vers des voies que l&rsquo;on ne soup\u00e7onnait pas. C&rsquo;est le d\u00e9but d&rsquo;un long parcours. O\u00f9 est l&rsquo;amour ? O\u00f9 est le fruit de l&rsquo;amour ?<\/p>\n<p align=\"JUSTIFY\">\u00a0<\/p>\n<p align=\"JUSTIFY\">O\u00f9 est l&rsquo;amour de Dieu qui prend soin de ses enfants ?<\/p>\n<p align=\"JUSTIFY\">\u00a0<\/p>\n<p align=\"JUSTIFY\">\u00a0<\/p>\n<p align=\"JUSTIFY\"><strong>Couple B :<\/strong> Ce n&rsquo;\u00e9tait pas une impossibilit\u00e9 m\u00e9dicale mais un constat, devenu une certitude au bout de quelques ann\u00e9es, apr\u00e8s des d\u00e9ceptions multiples. Question : pourquoi ne pouvons-nous pas faire comme \u00ab tout le monde \u00bb ? R\u00e9ponse \u00e9vidente pour nous pendant plus de 10 ans : pour \u00eatre plus disponibles pour le service auquel le Seigneur nous appelait. Donc pas du tout de r\u00e9volte mais une acceptation sereine.<\/p>\n<p align=\"JUSTIFY\">\u00a0<\/p>\n<p align=\"JUSTIFY\">\u00a0<\/p>\n<h2><a href=\"\/wp-content\/uploads\/2014\/04\/dialogue-2.jpg\"><img loading=\"lazy\" decoding=\"async\" class=\"  wp-image-8166 alignleft\" src=\"\/wp-content\/uploads\/2014\/04\/dialogue-2.jpg\" alt=\"dialogue-2\" width=\"115\" height=\"120\" \/><\/a>Quelles r\u00e9flexions et quelles d\u00e9marches avez-vous envisag\u00e9es\/ faites en face de l&rsquo;\u00e9vidence qui s&rsquo;imposait \u00e0 vous ? Quelle \u00ab solution \u00bb avez-vous pu trouver pour votre situation ?<\/h2>\n<p align=\"JUSTIFY\">\u00a0<\/p>\n<p align=\"JUSTIFY\"><strong>Couple A :<\/strong> Les ann\u00e9es passent et toujours rien, la science permet beaucoup de choses,&#8230; mais la vie ? C&rsquo;est \u00e0 ce moment-l\u00e0 que l&rsquo;on se rend compte \u00e0 quel point il faut un nombre ind\u00e9finissable d&rsquo;\u00e9tapes pour permettre la vie.<\/p>\n<p align=\"JUSTIFY\">\u00a0<\/p>\n<p align=\"JUSTIFY\">\u00a0<\/p>\n<p align=\"JUSTIFY\">Dieu a cr\u00e9e la vie d&rsquo;une mani\u00e8re magnifique, mais Dieu seul en a le secret. Pourquoi, au dernier moment, quand tout est r\u00e9uni le Seigneur dit-il non ? On ne le saura jamais.<\/p>\n<p align=\"JUSTIFY\">\u00a0<\/p>\n<p align=\"JUSTIFY\">C&rsquo;est vrai que c&rsquo;est dur pour le couple, la souffrance morale, la souffrance physique. Pour une femme il me semble que c&rsquo;est plus facile dans la mesure o\u00f9 j&rsquo;ai pu en parler librement. Pour un homme c&rsquo;est plus difficile.<\/p>\n<p align=\"JUSTIFY\">\u00a0<\/p>\n<p align=\"JUSTIFY\">Premi\u00e8rement il s&rsquo;est senti atteint dans sa virilit\u00e9 d&rsquo;homme et en plus il me voyait endurer toutes sortes de traitements, de piq\u00fbres, d&rsquo;examens pour le moins douloureux. Il s&rsquo;est senti seul \u00e0 ce moment-l\u00e0 ; personne ne l&rsquo;a vraiment \u00e9cout\u00e9, encourag\u00e9 \u00e0 parler. Et il a commenc\u00e9 tout doucement \u00e0 tomber dans la d\u00e9pression. Au niveau spirituel c&rsquo;est un combat quotidien.<\/p>\n<p align=\"JUSTIFY\">\u00a0<\/p>\n<p align=\"JUSTIFY\">\u00a0<\/p>\n<p align=\"JUSTIFY\">En ce qui concerne les traitements, l&rsquo;\u00e9thique ou la spiritualit\u00e9 je crois que sinc\u00e8rement chacun doit voir quelles sont ses limites ; ceci est tr\u00e8s personnel. Je crois qu&rsquo;il n&rsquo;appartient \u00e0 personne de juger ou de comprendre, car lors du jugement dernier, ce sera nous et nous seuls qui serons devant Dieu.<\/p>\n<p align=\"JUSTIFY\">\u00a0<\/p>\n<p align=\"JUSTIFY\">\u00a0<\/p>\n<p align=\"JUSTIFY\"><strong>Couple B :<\/strong> Apr\u00e8s une douzaine d&rsquo;ann\u00e9es au service des enfants des autres la question s&rsquo;est repos\u00e9e : allons-nous rester sans enfants ou faut-il penser \u00e0 l&rsquo;adoption (\u00e0 l&rsquo;\u00e9poque c&rsquo;\u00e9tait quasiment la seule solution) ? Que veux-tu de nous Seigneur ? La r\u00e9ponse n&rsquo;a pas \u00e9t\u00e9 tr\u00e8s claire tout de suite, mais petit \u00e0 petit, pas tous les deux en m\u00eame temps, &#8211; M. a \u00e9t\u00e9 plus long \u00e0 convaincre que Mme &#8211; l&rsquo;id\u00e9e a fait son chemin.<\/p>\n<p align=\"JUSTIFY\">\u00a0<\/p>\n<p align=\"JUSTIFY\">Et nous avons commenc\u00e9 les d\u00e9marches, le \u00ab parcours du combattant \u00bb pendant lequel Dieu a ferm\u00e9 et ouvert des portes, parcours avec des moments de d\u00e9couragement et de doutes, alternant avec des joies et des certitudes. Pour aboutir \u00e0 l&rsquo;adoption de deux enfants. Le Seigneur a donn\u00e9.<\/p>\n<p align=\"JUSTIFY\">\u00a0<\/p>\n<p align=\"JUSTIFY\">\u00a0<\/p>\n<p align=\"JUSTIFY\">\u00a0<\/p>\n<h2><a href=\"\/wp-content\/uploads\/2014\/04\/dialogue-2.jpg\"><img loading=\"lazy\" decoding=\"async\" class=\"  wp-image-8166 alignleft\" src=\"\/wp-content\/uploads\/2014\/04\/dialogue-2.jpg\" alt=\"dialogue-2\" width=\"115\" height=\"120\" \/><\/a>Quelles ont pu \u00eatre les aides (ou les difficult\u00e9s) de la part de votre entourage dans la situation que vous viviez ?<\/h2>\n<p align=\"JUSTIFY\">\u00a0<\/p>\n<p align=\"JUSTIFY\"><strong>Couple A :<\/strong> Un jour, une porte s&rsquo;est ouverte : l&rsquo;adoption. Ce ne fut pas facile et, l\u00e0 aussi, on peut \u00eatre amen\u00e9 \u00e0 prendre des d\u00e9cisions d&rsquo;ordre spirituel. Le Conseil G\u00e9n\u00e9ral nous a d\u00e9livr\u00e9 l&rsquo;agr\u00e9ment d&rsquo;adoption sans aucune difficult\u00e9. Pourtant s&rsquo;ils avaient pu voir \u00e0 l&rsquo;int\u00e9rieur de nous, ils auraient vu l&rsquo;\u00e9tendue de notre souffrance.<\/p>\n<p align=\"JUSTIFY\">\u00a0<\/p>\n<p align=\"JUSTIFY\">\u00a0<\/p>\n<p align=\"JUSTIFY\">Tout d&rsquo;abord, nous avons fait appel \u00e0 une association chr\u00e9tienne, ce fut un \u00e9chec. Malgr\u00e9 toute notre bonne volont\u00e9 et la leur, nous nous sommes heurt\u00e9s \u00e0 un blocage administratif pour que l&rsquo;association obtienne un agr\u00e9ment. Les mois pass\u00e9s et cet agr\u00e9ment ne venant pas, nous avons d\u00e9cid\u00e9 de prendre en charge notre adoption. Nous nous sommes tourn\u00e9s vers le Vietnam, un pays o\u00f9 l&rsquo;adoption permet une d\u00e9marche individuelle.<\/p>\n<p align=\"JUSTIFY\">\u00a0<\/p>\n<p align=\"JUSTIFY\">L&rsquo;histoire serait longue \u00e0 raconter, mais nous avons pu vivre de v\u00e9ritables miracles. Une succession d&rsquo;interventions que Dieu seul pouvait orchestrer, car nous ne sommes rien. Le Vietnam peu enclin \u00e0 voir des Fran\u00e7ais adopter des enfants, nous a mis des b\u00e2tons dans les roues. Mais gr\u00e2ce \u00e0 Dieu, 10 ans apr\u00e8s notre mariage nous revenions avec un b\u00e9b\u00e9 \u00e2g\u00e9 de 2 mois. Depuis la vie a chang\u00e9, cette petite fille nous a redonn\u00e9 le go\u00fbt de vivre, de faire des projets, nous sommes heureux.<\/p>\n<p align=\"JUSTIFY\">\u00a0<\/p>\n<p align=\"JUSTIFY\"><strong>Couple B :<\/strong> Avant l&rsquo;adoption, ce qui nous a aid\u00e9s c&rsquo;est certainement des fr\u00e8res et s\u0153urs qui priaient pour nous, mais aussi un service prenant et enrichissant pour le Seigneur, avec beaucoup de b\u00e9n\u00e9dictions.<\/p>\n<p align=\"JUSTIFY\">\u00a0<\/p>\n<p align=\"JUSTIFY\">Les difficult\u00e9s ont \u00e9t\u00e9, d&rsquo;une part, le regard des autres, parfois interrogatifs, parfois de commis\u00e9ration (pour ne pas dire de piti\u00e9 !), donnant le sentiment d&rsquo;\u00eatre \u00ab anormaux \u00bb. Il y a eu aussi quelques r\u00e9flexions maladroites &#8230; D&rsquo;autre part, c&rsquo;\u00e9tait notre propre regard sur la situation : se sentir diff\u00e9rents alors que l&rsquo;enfant avait une place naturelle et privil\u00e9gi\u00e9e dans beaucoup de foyers ; s&rsquo;envisager de vieillir sans enfants&#8230;<\/p>\n<p align=\"JUSTIFY\">\u00a0<\/p>\n<p align=\"JUSTIFY\">Apr\u00e8s l&rsquo;adoption, nous avons le souvenir de l&rsquo;accueil formidable de nos enfants, tant par la famille que par notre \u00e9glise. Tout le monde les a adopt\u00e9s, aim\u00e9s, entour\u00e9s. Pas de grosses difficult\u00e9s d&rsquo;adaptation, tant de notre c\u00f4t\u00e9 que de celui des enfants. Autre \u00e9tape de notre vie, aussi riche mais diff\u00e9rente, plus s\u00e9dentaire, plus centr\u00e9e sur la famille.<\/p>\n<p align=\"JUSTIFY\">\u00a0<\/p>\n<p align=\"JUSTIFY\">\u00a0<\/p>\n<h2><a href=\"\/wp-content\/uploads\/2014\/04\/dialogue-2.jpg\"><img loading=\"lazy\" decoding=\"async\" class=\"  wp-image-8166 alignleft\" src=\"\/wp-content\/uploads\/2014\/04\/dialogue-2.jpg\" alt=\"dialogue-2\" width=\"115\" height=\"120\" \/><\/a>Souhaitez-vous exprimer quelque chose qui vous tient \u00e0 c\u0153ur et que mes questions n&rsquo;ont pas abord\u00e9 ?<\/h2>\n<p align=\"JUSTIFY\">\u00a0<\/p>\n<p align=\"JUSTIFY\"><strong>Couple A :<\/strong> Nous aurions bien aim\u00e9 &#8211; surtout moi &#8211; avoir un deuxi\u00e8me enfant mais c&rsquo;est tr\u00e8s difficile surtout lorsque l&rsquo;on vous r\u00e9pond, vous avez un enfant vous \u00eates une famille, vous n&rsquo;\u00eates donc pas prioritaires, on ne vous donnera pas d&rsquo;enfant, allez dans un pays \u00e9tranger. On y retournerait volontiers&#8230; mais un manque de moyens nous emp\u00eache de recommencer. Affaire \u00e0 suivre on ne sait jamais ! Dieu est fid\u00e8le, et pas forc\u00e9ment l\u00e0 o\u00f9 nous l&rsquo;attendons&#8230;<\/p>\n<p align=\"JUSTIFY\">\u00a0<\/p>\n<p align=\"JUSTIFY\"><strong>Couple B :<\/strong> Pour nous il a \u00e9t\u00e9 tr\u00e8s important de ne pas se dire : le Seigneur ne nous permet pas d&rsquo;avoir des enfants, donc ad eternam nous n&rsquo;en aurons pas. C&rsquo;est une question \u00e0 remettre devant Dieu.<\/p>\n<p align=\"JUSTIFY\">\u00a0<\/p>\n<p align=\"JUSTIFY\">\u00a0<\/p>\n<p align=\"JUSTIFY\">Nous b\u00e9nissons le Seigneur pour tout ce que nous avons v\u00e9cu avant d&rsquo;avoir des enfants, et aussi apr\u00e8s. Deux tranches de vie. Avec beaucoup de questionnements, de joies et de difficult\u00e9s tant dans l&rsquo;une que dans l&rsquo;autre.<\/p>\n<p align=\"JUSTIFY\">\u00a0<\/p>\n<p align=\"JUSTIFY\">\u00a0<\/p>\n<p align=\"JUSTIFY\">Au milieu de tous les moyens actuels pour pallier l&rsquo;impossibilit\u00e9 d&rsquo;avoir des enfants de fa\u00e7on naturelle, l&rsquo;adoption reste une piste qu&rsquo;il ne faut pas n\u00e9gliger. Des enfants attendent&#8230;<\/p>\n<p align=\"JUSTIFY\">\u00a0<\/p>\n","protected":false},"excerpt":{"rendered":"<p>D\u00e9sir d\u2019enfant : quand la nature l\u2019emp\u00eache&#8230; &nbsp; \u00a0 Interview par Marcel REUTENAUER aupr\u00e8s de 2 couples n&rsquo;ayant pas pu procr\u00e9er et qui ont \u00e9t\u00e9 amen\u00e9s \u00e0 choisir l&rsquo;adoption \u00a0 \u00a0 &nbsp; Pouvez-vous relater la p\u00e9riode de prise de conscience de l&rsquo;impossibilit\u00e9 d&rsquo;avoir un enfant ; vos questions, vos sentiments&#8230; ? Quelle importance pour chacun [&hellip;]<\/p>\n","protected":false},"author":22,"featured_media":0,"comment_status":"closed","ping_status":"closed","sticky":false,"template":"","format":"standard","meta":{"footnotes":""},"categories":[70,29,21,33],"tags":[],"class_list":["post-1726","post","type-post","status-publish","format-standard","hentry","category-le-couple","category-la-famille","category-ethique","category-temoignages"],"_links":{"self":[{"href":"https:\/\/www.servir.caef.net\/index.php?rest_route=\/wp\/v2\/posts\/1726","targetHints":{"allow":["GET"]}}],"collection":[{"href":"https:\/\/www.servir.caef.net\/index.php?rest_route=\/wp\/v2\/posts"}],"about":[{"href":"https:\/\/www.servir.caef.net\/index.php?rest_route=\/wp\/v2\/types\/post"}],"author":[{"embeddable":true,"href":"https:\/\/www.servir.caef.net\/index.php?rest_route=\/wp\/v2\/users\/22"}],"replies":[{"embeddable":true,"href":"https:\/\/www.servir.caef.net\/index.php?rest_route=%2Fwp%2Fv2%2Fcomments&post=1726"}],"version-history":[{"count":0,"href":"https:\/\/www.servir.caef.net\/index.php?rest_route=\/wp\/v2\/posts\/1726\/revisions"}],"wp:attachment":[{"href":"https:\/\/www.servir.caef.net\/index.php?rest_route=%2Fwp%2Fv2%2Fmedia&parent=1726"}],"wp:term":[{"taxonomy":"category","embeddable":true,"href":"https:\/\/www.servir.caef.net\/index.php?rest_route=%2Fwp%2Fv2%2Fcategories&post=1726"},{"taxonomy":"post_tag","embeddable":true,"href":"https:\/\/www.servir.caef.net\/index.php?rest_route=%2Fwp%2Fv2%2Ftags&post=1726"}],"curies":[{"name":"wp","href":"https:\/\/api.w.org\/{rel}","templated":true}]}}