{"id":1747,"date":"2006-03-06T20:21:19","date_gmt":"2006-03-06T20:21:19","guid":{"rendered":"\/?p=1747"},"modified":"2016-09-13T14:39:29","modified_gmt":"2016-09-13T14:39:29","slug":"soirees-prochrist-2006-a-lyon-1er","status":"publish","type":"post","link":"https:\/\/www.servir.caef.net\/?p=1747","title":{"rendered":"Soir\u00e9es ProChrist 2006 \u00e0 Lyon 1er"},"content":{"rendered":"<h1 style=\"text-align: center;\">\u00a0Soir\u00e9es ProChrist 2006 \u00e0 Lyon 1er<\/h1>\n<p>&nbsp;<\/p>\n<p><a href=\"\/wp-content\/uploads\/2006\/03\/pro-Christ-2006.jpg\"><img loading=\"lazy\" decoding=\"async\" class=\" size-full wp-image-9218 aligncenter\" src=\"\/wp-content\/uploads\/2006\/03\/pro-Christ-2006.jpg\" alt=\"pro Christ 2006\" width=\"316\" height=\"218\" srcset=\"https:\/\/www.servir.caef.net\/wp-content\/uploads\/2006\/03\/pro-Christ-2006.jpg 316w, https:\/\/www.servir.caef.net\/wp-content\/uploads\/2006\/03\/pro-Christ-2006-300x207.jpg 300w\" sizes=\"auto, (max-width: 316px) 100vw, 316px\" \/><\/a><\/p>\n<p>&nbsp;<\/p>\n<p style=\"text-align: justify;\">\u00a0\u00a0<\/p>\n<p style=\"text-align: justify;\">Du 20 au 27 mars, <strong>l&rsquo;Eglise de \u00ab La Bonne Nouvelle \u00bb de Lyon 1er<\/strong> a particip\u00e9 \u00e0 l&rsquo;action d&rsquo;\u00e9vang\u00e9lisation ProChrist 2006. La mobilisation des membres de l&rsquo;Eglise conjugu\u00e9e \u00e0 l&rsquo;aide efficace de l&rsquo;\u00e9quipe de l&rsquo;Institut Biblique de Gen\u00e8ve (IBG), venue nous \u00ab \u00e9pauler \u00bb dans cet important effort d&rsquo;\u00e9vang\u00e9lisation, nous a sans doute permis de vivre l&rsquo;effort d\u2019\u00e9vang\u00e9lisation avec le plus d&rsquo;impact aupr\u00e8s des non-croyants depuis le d\u00e9marrage de l&rsquo;Oeuvre. Tous les soirs, entre 8 et 16 non-croyants assistaient en effet aux rencontres. Il faut dire qu&rsquo;\u00e0 la qualit\u00e9 du programme retransmis par satellite s&rsquo;ajoutait celle du pr\u00e9-programme local anim\u00e9 par l&rsquo;\u00e9quipe de l&rsquo;IBG (\u00e0 l&rsquo;exception des deux derniers jours).<\/p>\n<p style=\"text-align: justify;\">\u00a0<\/p>\n<p style=\"text-align: justify;\"><!--more--><\/p>\n<p style=\"text-align: justify;\"><a href=\"\/wp-content\/uploads\/2006\/pdf2006\/2006_03_29_soireesprochristalyon1.pdf\" target=\"_blank\"><img loading=\"lazy\" decoding=\"async\" title=\"iconePDF\" src=\"\/wp-content\/uploads\/2011\/01\/iconePDF.jpg\" alt=\"\" width=\"81\" height=\"76\" align=\"right\" hspace=\"8\" vspace=\"8\" \/><\/a>Autre \u00e9l\u00e9ment significatif : pour la premi\u00e8re fois depuis bien des ann\u00e9es, la moiti\u00e9 des personnes non-croyantes qui sont venues \u00e9couter l&rsquo;Evangile sont venues sans aucun contact pr\u00e9alable avec l&rsquo;Eglise, simplement apr\u00e8s avoir re\u00e7u une invitation dans la bo\u00eete aux lettres, vu une affiche ou avoir rencontr\u00e9 l&rsquo;\u00e9quipe IBG dans la rue. Comme si la d\u00e9sesp\u00e9rance de nos contemporains \u00e9tait telle, qu&rsquo;ils soient dans l&rsquo;attente que quelqu&rsquo;un veuille bien leur pr\u00e9senter l&rsquo;Evangile de la gr\u00e2ce de Dieu&#8230;<\/p>\n<p style=\"text-align: justify;\">\u00a0<\/p>\n<p style=\"text-align: justify;\">Nous sommes convaincus que c&rsquo;est l&rsquo;Esprit de Dieu Lui-m\u00eame qui, dans Sa providence, a conduit chacune de ces personnes \u00e0 venir entendre Sa Parole dans nos locaux du 38 quai St Vincent. Jour apr\u00e8s jour, la liste de ceux qui demandaient un entretien ou qui souhaitaient que l&rsquo;Evangile leur soit pr\u00e9sent\u00e9 personnellement s&rsquo;est allong\u00e9e.<\/p>\n<p style=\"text-align: justify;\">\u00a0<\/p>\n<p style=\"text-align: justify;\">Priez non seulement que plusieurs de ces personnes parviennent r\u00e9ellement au salut dans Sa gr\u00e2ce, mais qu&rsquo;elles deviennent d&rsquo;authentiques disciples et s&rsquo;int\u00e8grent \u00e0 l&rsquo;Eglise locale conform\u00e9ment \u00e0 Son plan souverain. Nous avons \u00e9t\u00e9 tr\u00e8s heureux de l&rsquo;excellente collaboration avec l&rsquo;\u00e9quipe IBG dont le dynamisme et l&rsquo;engagement ont \u00e9t\u00e9 exemplaires.<\/p>\n<p style=\"text-align: justify;\">\u00a0<\/p>\n<p style=\"text-align: justify;\">Nous rendons gr\u00e2ces au Seigneur pour l&rsquo;oeuvre accomplie dans la vie des croyants et des non-croyants \u00e0 l&rsquo;occasion de cet effort ProChrist.<\/p>\n<p style=\"text-align: justify;\">\u00a0<\/p>\n<p style=\"text-align: justify;\">Les soir\u00e9es qui se sont d\u00e9roul\u00e9es dans la Halle Olympique de Munich (D) ont \u00e9t\u00e9 retransmises dans pr\u00e8s de 1300 sites dans 21 pays d&rsquo;Europe et traduites en 16 langues.<\/p>\n<p style=\"text-align: justify;\">\u00a0<\/p>\n<p style=\"text-align: justify;\">En France, tous les sites de r\u00e9ception ont \u00e9t\u00e9 impressionn\u00e9s, voire enthousiasm\u00e9s, par la qualit\u00e9 de ces soir\u00e9es \u00e0 tous points de vue : beaut\u00e9 de l&rsquo;image et du son, traduction remarquable, contenu du programme appr\u00e9ci\u00e9 pour sa diversit\u00e9 et son \u00e0 propos, messages adapt\u00e9s et profonds. Tous ont \u00e9t\u00e9 encourag\u00e9s par la venue de non-croyants \u00e0 ces rencontres.<\/p>\n<p>&nbsp;<\/p>\n<p>&nbsp;<\/p>\n<p style=\"text-align: center;\">Jean-Paul REMPP<\/p>\n","protected":false},"excerpt":{"rendered":"<p>\u00a0Soir\u00e9es ProChrist 2006 \u00e0 Lyon 1er &nbsp; &nbsp; \u00a0\u00a0 Du 20 au 27 mars, l&rsquo;Eglise de \u00ab La Bonne Nouvelle \u00bb de Lyon 1er a particip\u00e9 \u00e0 l&rsquo;action d&rsquo;\u00e9vang\u00e9lisation ProChrist 2006. La mobilisation des membres de l&rsquo;Eglise conjugu\u00e9e \u00e0 l&rsquo;aide efficace de l&rsquo;\u00e9quipe de l&rsquo;Institut Biblique de Gen\u00e8ve (IBG), venue nous \u00ab \u00e9pauler \u00bb dans [&hellip;]<\/p>\n","protected":false},"author":12,"featured_media":0,"comment_status":"closed","ping_status":"closed","sticky":false,"template":"","format":"standard","meta":{"footnotes":""},"categories":[5,8],"tags":[],"class_list":["post-1747","post","type-post","status-publish","format-standard","hentry","category-conferences-et-congres","category-evangelisation"],"_links":{"self":[{"href":"https:\/\/www.servir.caef.net\/index.php?rest_route=\/wp\/v2\/posts\/1747","targetHints":{"allow":["GET"]}}],"collection":[{"href":"https:\/\/www.servir.caef.net\/index.php?rest_route=\/wp\/v2\/posts"}],"about":[{"href":"https:\/\/www.servir.caef.net\/index.php?rest_route=\/wp\/v2\/types\/post"}],"author":[{"embeddable":true,"href":"https:\/\/www.servir.caef.net\/index.php?rest_route=\/wp\/v2\/users\/12"}],"replies":[{"embeddable":true,"href":"https:\/\/www.servir.caef.net\/index.php?rest_route=%2Fwp%2Fv2%2Fcomments&post=1747"}],"version-history":[{"count":0,"href":"https:\/\/www.servir.caef.net\/index.php?rest_route=\/wp\/v2\/posts\/1747\/revisions"}],"wp:attachment":[{"href":"https:\/\/www.servir.caef.net\/index.php?rest_route=%2Fwp%2Fv2%2Fmedia&parent=1747"}],"wp:term":[{"taxonomy":"category","embeddable":true,"href":"https:\/\/www.servir.caef.net\/index.php?rest_route=%2Fwp%2Fv2%2Fcategories&post=1747"},{"taxonomy":"post_tag","embeddable":true,"href":"https:\/\/www.servir.caef.net\/index.php?rest_route=%2Fwp%2Fv2%2Ftags&post=1747"}],"curies":[{"name":"wp","href":"https:\/\/api.w.org\/{rel}","templated":true}]}}