{"id":1780,"date":"2006-07-07T11:54:28","date_gmt":"2006-07-07T11:54:28","guid":{"rendered":"\/?p=1780"},"modified":"2016-09-14T07:05:26","modified_gmt":"2016-09-14T07:05:26","slug":"la-verite-vous-rendra-libres","status":"publish","type":"post","link":"https:\/\/www.servir.caef.net\/?p=1780","title":{"rendered":"La v\u00e9rit\u00e9 vous rendra libres"},"content":{"rendered":"<h1 style=\"text-align: center;\" align=\"JUSTIFY\">La v\u00e9rit\u00e9 vous rendra libres<\/h1>\n<p>&nbsp;<\/p>\n<p align=\"JUSTIFY\"><a href=\"\/wp-content\/uploads\/2013\/09\/colombe.jpg\"><img loading=\"lazy\" decoding=\"async\" class=\"  wp-image-7369 aligncenter\" src=\"\/wp-content\/uploads\/2013\/09\/colombe.jpg\" alt=\"colombe\" width=\"465\" height=\"361\" srcset=\"https:\/\/www.servir.caef.net\/wp-content\/uploads\/2013\/09\/colombe.jpg 600w, https:\/\/www.servir.caef.net\/wp-content\/uploads\/2013\/09\/colombe-300x233.jpg 300w\" sizes=\"auto, (max-width: 465px) 100vw, 465px\" \/><\/a><\/p>\n<p align=\"JUSTIFY\">\u00a0<\/p>\n<p align=\"JUSTIFY\"><strong>par<\/strong> <span style=\"font-size: 16px;\"><span style=\"color: #b22222;\"><strong>Daniel BRESCH<\/strong><\/span><\/span><\/p>\n<p align=\"JUSTIFY\">\u00a0<\/p>\n<p align=\"JUSTIFY\"><strong><span style=\"background-color: #add8e6;\"><em>\u00ab J\u00e9sus, donc, disait aux Juifs qui avaient mis leur confiance en lui : Si vous demeurez dans ma parole, vous \u00eates vraiment mes disciples ; vous conna\u00eetrez la v\u00e9rit\u00e9, et la v\u00e9rit\u00e9 vous rendra libres. \u00bb (Jean 8.31-32)<\/em><\/span><\/strong><\/p>\n<p align=\"JUSTIFY\">\u00a0<\/p>\n<p>&nbsp;<\/p>\n<p align=\"JUSTIFY\">Jean rapporte ici une parole de J\u00e9sus qui pr\u00e9sente en quelques mots judicieusement choisis une somme remarquable de notions spirituelles et pratiques de port\u00e9e immense. Elle nous ouvre la voie \u00e0 une exploration du vocabulaire biblique ou, plus largement, de th\u00e9ologie biblique.<\/p>\n<p align=\"JUSTIFY\">\u00a0<\/p>\n<p align=\"JUSTIFY\"><!--more--><\/p>\n<p align=\"JUSTIFY\"><a href=\"\/wp-content\/uploads\/2006\/pdf2006\/2006_04_08_laveritevousrendralibres.pdf\" target=\"_blank\"><img loading=\"lazy\" decoding=\"async\" title=\"iconePDF\" src=\"\/wp-content\/uploads\/2011\/01\/iconePDF.jpg\" alt=\"\" width=\"81\" height=\"76\" align=\"right\" hspace=\"8\" vspace=\"8\" \/><\/a>Mais, pour entrer dans le vif du sujet, posons-nous la question : sommes-nous encore capables de nous laisser surprendre, voire choquer, par de tels propos de J\u00e9sus ? Ou bien nous prenons-nous simplement pour des spectateurs d\u00e9j\u00e0 instruits que plus rien n&rsquo;\u00e9tonne ?<\/p>\n<p align=\"JUSTIFY\">\u00a0<\/p>\n<p align=\"JUSTIFY\">\u00a0<\/p>\n<h2>J\u00e9sus, que dis-tu l\u00e0 ?<\/h2>\n<p align=\"JUSTIFY\">\u00a0<\/p>\n<p align=\"JUSTIFY\">Oui, qui es-tu, toi qui, profitant d&rsquo;une c\u00e9l\u00e9bration solennelle &#8211; la f\u00eate des tabernacles &#8211; viens d\u00e9clarer : <em><span style=\"background-color: #add8e6;\">\u00ab Si quelqu&rsquo;un a soif, qu&rsquo;il vienne \u00e0 moi, et que boive celui qui croit en moi \u00bb (7.37-39)<\/span><\/em> ? Tu pr\u00e9tends donc \u00eatre la source de la vie ! Et tu rench\u00e9ris en te proclamant la lumi\u00e8re du monde <em><span style=\"background-color: #add8e6;\">(8.12)<\/span><\/em>, et en insistant avoir la ma\u00eetrise de la Parole divine<span style=\"background-color: #add8e6;\"><em> (31)<\/em><\/span> ! Tel est le contexte de la pol\u00e9mique d\u00e9clench\u00e9e.<\/p>\n<p align=\"JUSTIFY\">\u00a0<\/p>\n<p align=\"JUSTIFY\">Avant d&rsquo;y revenir, attachons-nous \u00e0 pr\u00e9sent \u00e0 cet appel que J\u00e9sus adresse \u00e0 ceux qui, pour toutes sortes de motifs, semblent attir\u00e9s par son message. Se joindront-ils au groupe des disciples de ce ma\u00eetre, pour le suivre et apprendre plus de lui ? En effet, la compr\u00e9hension des termes m\u00eame, employ\u00e9s par J\u00e9sus, \u00e9claire admirablement les enjeux soulev\u00e9s.<\/p>\n<p align=\"JUSTIFY\">\u00a0<\/p>\n<p align=\"JUSTIFY\">\u00a0<\/p>\n<ul>\n<li><span style=\"font-size: 16px;\">Premi\u00e8re affirmation : <strong><em>\u00ab Si vous demeurez&#8230; \u00bb<\/em><\/strong><\/span><\/li>\n<\/ul>\n<p align=\"JUSTIFY\">\u00a0<\/p>\n<p align=\"JUSTIFY\">Non seulement \u00eatre impressionn\u00e9s ou \u00e9mus, s&rsquo;enthousiasmer, mais vous d\u00e9terminer clairement, continuer humblement et fermement, pers\u00e9v\u00e9rer. Demeurer est un terme bien johannique <em><span style=\"background-color: #add8e6;\">(15.4, 9 ; 1 Jn 2.24, etc.)<\/span><\/em>. C&rsquo;est ainsi que se \u00abprouve\u00bb la foi, qu&rsquo;elle se cultive et se d\u00e9veloppe. Cela implique une \u00e9coute suivie, attentive, \u00e9veill\u00e9e, ob\u00e9issante, <em><span style=\"background-color: #add8e6;\">\u00abcomme \u00e9coutent les disciples\u00bb (Es 50.4).<span style=\"text-decoration: underline;\"><strong> \u00ab Dans ma parole&#8230; \u00bb<\/strong><\/span><\/span><\/em><\/p>\n<p align=\"JUSTIFY\">\u00a0<\/p>\n<p align=\"JUSTIFY\"><a href=\"\/wp-content\/uploads\/2013\/07\/Jesus-disciples-2.jpg\"><img loading=\"lazy\" decoding=\"async\" class=\"  wp-image-8712 alignleft\" src=\"\/wp-content\/uploads\/2013\/07\/Jesus-disciples-2.jpg\" alt=\"Jesus-disciples-2\" width=\"290\" height=\"195\" hspace=\"10\" srcset=\"https:\/\/www.servir.caef.net\/wp-content\/uploads\/2013\/07\/Jesus-disciples-2.jpg 514w, https:\/\/www.servir.caef.net\/wp-content\/uploads\/2013\/07\/Jesus-disciples-2-300x201.jpg 300w\" sizes=\"auto, (max-width: 290px) 100vw, 290px\" \/><\/a>Non des mots, des lettres, des sons, mais la communication vivante et authentique de personne \u00e0 personne, qui donne du sens et de la sagesse \u00e0 la pens\u00e9e, de la force et de l&rsquo;esp\u00e9rance dans l&rsquo;action. On a parfois tendance \u00e0 consid\u00e9rer cette interpellation comme un appel typique d\u2019\u00e9vang\u00e9lisation. Elle l&rsquo;est, sans doute, mais elle vise ici des personnes qui d\u00e9j\u00e0 se sont mises en route. Alors, que l&rsquo;on soit sur le seuil de la foi, jeune chr\u00e9tien ou plus avanc\u00e9 en exp\u00e9rience, tous, sans distinction, nous avons besoin d&rsquo;entendre et de r\u00e9-entendre cet appel et sa suite. C&rsquo;est le m\u00eame Evangile qui fait na\u00eetre et qui maintient la foi.<\/p>\n<p align=\"JUSTIFY\">\u00a0<\/p>\n<p align=\"JUSTIFY\">\u00a0<\/p>\n<ul>\n<li><span style=\"font-size: 16px;\">Deuxi\u00e8me affirmation : <strong><em>\u00ab Vous conna\u00eetrez.. \u00bb<\/em><\/strong><\/span><\/li>\n<\/ul>\n<p align=\"JUSTIFY\">\u00a0<\/p>\n<p align=\"JUSTIFY\">Rappelons bri\u00e8vement le sens terme <em>\u00ab conna\u00eetre \u00bb<\/em> dans le langage biblique C&rsquo;est, bien s\u00fbr, prendre connaissance faits et de relations par une d\u00e9marche logique, par laquelle se construit un savoir objectif. C&rsquo;est aussi discerner le sens vrai d&rsquo;une parole ou d&rsquo;un \u00e9v\u00e9nement (exemples n\u00e9gatifs : <span style=\"background-color: #add8e6;\"><em>Mc 4.13 ; 8.21<\/em><\/span>). Mais, plus encore, il signifie un engagement de tout l&rsquo;\u00eatre dans une entente profonde, une communion r\u00e9ciproque d&rsquo;amour <em><span style=\"background-color: #add8e6;\">(10. 15 ; 17.3, 25-26 ; Jr 24.7 ; 31.33-3 <strong>\u00ab La v\u00e9rit\u00e9&#8230; \u00bb<\/strong><\/span><\/em><\/p>\n<p align=\"JUSTIFY\">\u00a0<\/p>\n<p align=\"JUSTIFY\">Dans notre univers de pens\u00e9e tributaire de la culture classique occidentale, le mot v\u00e9hicule surtout le concept d&rsquo;exactitude \u00e9tablie et de certitude qui en d\u00e9coule. Dans ce sens \u00ab scientifique \u00bb il comporte la notion d&rsquo;abstraction, dans le domaine de la vie humaine il embrasse celle de sagesse, dans la sph\u00e8re de la sp\u00e9culation religieuse et mystique celle de \u00ab gnose \u00bb. Il en va diff\u00e9remment dans le cadre biblique. La famille des mots h\u00e9bra\u00efques se rattachant \u00e0 la notion de v\u00e9rit\u00e9 \u00e9voque fondamentalement ce qui est stable, s\u00fbr, ferme, constant et fid\u00e8le, donc fiable. Il s&rsquo;agit moins d&rsquo;un concept th\u00e9orique que de r\u00e9alit\u00e9s imbriqu\u00e9es dans l&rsquo;existence.<\/p>\n<p align=\"JUSTIFY\">\u00a0<\/p>\n<p align=\"JUSTIFY\">Un homme de v\u00e9rit\u00e9 est un homme int\u00e8gre, loyal, sur qui l&rsquo;on peut compter <span style=\"background-color: #add8e6;\"><em>(Ex 18.21)<\/em><\/span>. Est vrai ce dont on reconna\u00eet la justesse et la solidit\u00e9 \u00e9prouv\u00e9es. Le Dieu de la Bible est un Dieu de v\u00e9rit\u00e9 <span style=\"background-color: #add8e6;\"><em>(Ps 31.6)<\/em><\/span>, le Dieu de l&rsquo;Alliance qui ne peut faillir \u00e0 ses promesses. Ses paroles sont v\u00e9rit\u00e9 <span style=\"background-color: #add8e6;\"><em>(2 S 7.28 ; Jn 17.17)<\/em><\/span>. Ses jugements sont justes. On peut lui faire enti\u00e8rement confiance, contrairement aux idoles trompeuses qui d\u00e9\u00e7oivent. Le contraire de la v\u00e9rit\u00e9 n&rsquo;est pas l&rsquo;erreur ou l&rsquo;ignorance, mais le mensonge. &#8211; Le terme grec pour v\u00e9rit\u00e9 (la langue \u00e9crite du Nouveau Testament) veut dire \u00ab ce qui appara\u00eet \u00e0 d\u00e9couvert, ce qui ne peut \u00eatre cach\u00e9 \u00bb. Son usage dans les Ecritures d\u00e9signe alors bien ce qui est r\u00e9v\u00e9l\u00e9.<\/p>\n<p align=\"JUSTIFY\">\u00a0<\/p>\n<p align=\"JUSTIFY\">J\u00e9sus est la v\u00e9rit\u00e9, parce qu&rsquo;en lui nous sont d\u00e9voil\u00e9es les r\u00e9alit\u00e9s de l&rsquo;homme, de Dieu, du monde <span style=\"background-color: #add8e6;\"><em>(8.26)<\/em><\/span>. Dans cette perspective on saisit la force des paroles de J\u00e9sus lorsqu&rsquo;il affirme avoir le t\u00e9moignage de son P\u00e8re et des Ecritures <span style=\"background-color: #add8e6;\"><em>(Jn 5.31-39)<\/em><\/span>. Il est <span style=\"background-color: #add8e6;\"><em>\u00ab l&rsquo;amen \u00bb, le t\u00e9moin fid\u00e8le et vrai (Ap 3.14 ; 2 Co 1.19-20)<\/em><\/span>.<\/p>\n<p align=\"JUSTIFY\">\u00a0<\/p>\n<p>&nbsp;<\/p>\n<table style=\"width: 605px;\" border=\"1\" cellspacing=\"3\" cellpadding=\"2\">\n<colgroup>\n<col width=\"593\" \/><\/colgroup>\n<tbody>\n<tr>\n<td width=\"593\">\n<p align=\"JUSTIFY\">L&rsquo;homme n&rsquo;est qu&rsquo;un sujet plein d&rsquo;erreur naturelle, et ineffa\u00e7able sans la gr\u00e2ce. Rien ne lui montre la v\u00e9rit\u00e9. Tout l&rsquo;abuse. Ces deux principes de v\u00e9rit\u00e9, la raison et les sens, outre qu&rsquo;ils manquent chacun de sinc\u00e9rit\u00e9, s&rsquo;abusent r\u00e9ciproquement l&rsquo;un l&rsquo;autre&#8230;<\/p>\n<p align=\"JUSTIFY\">Blaise Pascal, Pens\u00e9es 47<\/p>\n<\/td>\n<\/tr>\n<\/tbody>\n<\/table>\n<p>&nbsp;<\/p>\n<p align=\"JUSTIFY\">\u00a0<\/p>\n<p align=\"JUSTIFY\">\u00a0<\/p>\n<ul>\n<li><span style=\"font-size: 16px;\">Troisi\u00e8me affirmation : <strong><em>\u00ab &#8230;vous rendra libres. \u00bb<\/em><\/strong><\/span><\/li>\n<\/ul>\n<p align=\"JUSTIFY\">\u00a0<\/p>\n<p align=\"JUSTIFY\">Le terme employ\u00e9 (dans Jean, uniquement ici) d\u00e9signe l&rsquo;homme libre ou affranchi, qui n&rsquo;appartient \u00e0 aucun ma\u00eetre, par opposition \u00e0 l&rsquo;esclave qui, pour le monde ancien, est une chose. L\u2019Ancien Testament n&rsquo;a pas vraiment de mot \u00e9quivalent, mais la lib\u00e9ration ou affranchissement est une r\u00e9alit\u00e9 tr\u00e8s pr\u00e9sente dans l&rsquo;histoire d&rsquo;Isra\u00ebl : d\u00e9livrance de la servitude en Egypte, lib\u00e9ration de la captivit\u00e9 \u00e0 Babylone, et les termes sont : d\u00e9livrer, sauver, racheter, ran\u00e7on, renvoyer libre &#8230;<\/p>\n<p align=\"JUSTIFY\">\u00a0<\/p>\n<p align=\"JUSTIFY\">La libert\u00e9 est toujours li\u00e9e \u00e0 une action lib\u00e9ratrice op\u00e9r\u00e9e par Dieu, le r\u00e9dempteur : le peuple d\u00e9livr\u00e9 est un peuple que Dieu acquiert pour lui-m\u00eame, fait na\u00eetre, sanctifie <span style=\"background-color: #add8e6;\"><em>(Ex 19.5-6)<\/em><\/span>. Pour le croyant de la premi\u00e8re Alliance, la libert\u00e9 est un bien pr\u00e9cieux et inali\u00e9nable que l&rsquo;on ne doit \u00e0 aucun prix oublier <span style=\"background-color: #add8e6;\"><em>(Dt 15.15)<\/em><\/span> et qui doit avoir des cons\u00e9quences sociales bien concr\u00e8tes (<span style=\"background-color: #add8e6;\"><em>Es 58.6 <\/em><\/span>: lois sur les esclaves et les \u00e9trangers, lois sur le sabbat et le jubil\u00e9).<\/p>\n<p align=\"JUSTIFY\">\u00a0<\/p>\n<p align=\"JUSTIFY\">Le Nouveau Testament reprend le m\u00eame langage avec un vocabulaire vari\u00e9 (lib\u00e9rer, d\u00e9lier, d\u00e9tacher, rel\u00e2cher, remettre&#8230;) : J\u00e9sus est venu, envoy\u00e9 par Dieu, pour <span style=\"background-color: #add8e6;\"><em>proclamer aux captifs la d\u00e9livrance, &#8230; pour renvoyer libres les opprim\u00e9s &#8230; (Lc 4.18, citant Esa\u00efe 61.1)<\/em><\/span>. Il faut remarquer que la pr\u00e9occupation n&rsquo;est pas tant la libert\u00e9 civile et mat\u00e9rielle que la lib\u00e9ration d&rsquo;une situation spirituelle et morale dont l&rsquo;homme n&rsquo;est pas ma\u00eetre.<\/p>\n<p align=\"JUSTIFY\">\u00a0<\/p>\n<p align=\"JUSTIFY\">Pour Dieu, tout homme, libre ou esclave, est sous l&#8217;emprise du mal. J\u00e9sus vient donc r\u00e9v\u00e9ler la nature profonde de la libert\u00e9 et op\u00e9rer cette lib\u00e9ration : de l&rsquo;esclavage du p\u00e9ch\u00e9 <span style=\"background-color: #add8e6;\"><em>(Rm 8.2)<\/em><\/span>, de la crainte de la mort <span style=\"background-color: #add8e6;\"><em>(H\u00e9 2.15)<\/em><\/span>, de la peur du jugement des autres <span style=\"background-color: #add8e6;\"><em>(1 Co 10.29)<\/em><\/span>, de l&rsquo;impuissance de la loi pour le salut <span style=\"background-color: #add8e6;\"><em>(Ga 3.24)<\/em><\/span>, de l&rsquo;illusion du l\u00e9galisme <span style=\"background-color: #add8e6;\"><em>(1 Co 4.3-5)<\/em><\/span>, de la tentation de la licence <em><span style=\"background-color: #add8e6;\">(Ga 5.1,13)<\/span><\/em>. Il annonce que cette libert\u00e9 est donn\u00e9e et mise en \u0153uvre par l&rsquo;Esprit <span style=\"background-color: #add8e6;\"><em>(2 Co 3.17)<\/em><\/span>. Nous devons bien saisir ce mouvement qui est la marque de toute vie chr\u00e9tienne, qui va de la parole entendue et re\u00e7ue \u00e0 l&rsquo;ob\u00e9issance, de l&rsquo;ob\u00e9issance \u00e0 la connaissance qui conduit \u00e0 la libert\u00e9 <span style=\"background-color: #add8e6;\"><em>(Jc 1.21-25)<\/em><\/span>.<\/p>\n<p align=\"JUSTIFY\">\u00a0<\/p>\n<p align=\"JUSTIFY\">Ajoutons ceci : les ap\u00f4tres n&rsquo;ignorent pas la r\u00e9alit\u00e9 sociale <span style=\"background-color: #add8e6;\"><em>(1 Co 7.21-23 ; Col 4.1 ; Je 5.4)<\/em><\/span>. En effet, l\u00e0 o\u00f9 l&rsquo;Evangile est annonc\u00e9 et re\u00e7u, et qu&rsquo;il porte des fruits, on doit s&rsquo;attendre, \u00e0 terme, \u00e0 des retomb\u00e9es en mati\u00e8re de justice sociale et \u00e9conomique, du moins \u00e0 ce que les Eglises manifestent des signes pratiques annonciateurs du R\u00e8gne de Dieu.<\/p>\n<p align=\"JUSTIFY\">\u00a0<\/p>\n<p align=\"JUSTIFY\">\u00a0<\/p>\n<h2>Vous, hommes, que dites-vous ?<\/h2>\n<p align=\"JUSTIFY\">\u00a0<\/p>\n<p align=\"JUSTIFY\">Nous ne savons pas de qui et de quoi tu parles <span style=\"background-color: #add8e6;\"><em>(Jn 8.27)<\/em><\/span>, mais nous savons avec raison que tu es un sectaire, un fou <span style=\"background-color: #add8e6;\"><em>(48, 52a)<\/em><\/span>. C&rsquo;est l&rsquo;antique manoeuvre de d\u00e9fense contre les proph\u00e8tes : h\u00e9r\u00e9sie ou d\u00e9mence. Tu oublies notre g\u00e9n\u00e9alogie prestigieuse, Abraham, et tu ignores notre pass\u00e9 glorieux d&rsquo;\u00e9mancip\u00e9s <span style=\"background-color: #add8e6;\"><em>(33)<\/em><\/span>. Ainsi s&rsquo;insurgent des auditeurs, sondeurs \u00e9rudits de la loi et des proph\u00e8tes, brusquement frapp\u00e9s d&rsquo;amn\u00e9sie : ignoraient-ils les promesses anciennes <em><span style=\"background-color: #add8e6;\">(Es 44.3-5 ; Ez 36.24-27 et Es 60.1-3)<\/span><\/em> ?<\/p>\n<p align=\"JUSTIFY\">\u00a0<\/p>\n<p align=\"JUSTIFY\">Oui, qui \u00eates-vous, au fond ? La contestation se d\u00e9veloppe sur un encha\u00eenement de malentendus tragiques. J\u00e9sus parle de lui-m\u00eame, en harmonie parfaite avec des paroles et des \u0153uvres qui ne viennent pas de lui-m\u00eame mais du P\u00e8re <span style=\"background-color: #add8e6;\"><em>(8.14,26-29 et 10.25 ; 14.10)<\/em><\/span>. Les Juifs aussi parlent d&rsquo;eux, mais pour eux-m\u00eames, d&rsquo;apr\u00e8s l&rsquo;image qu&rsquo;ils se font d&rsquo;eux-m\u00eames. Ils ne peuvent donc entendre que ce qu&rsquo;ils attendent d&rsquo;entendre. Ils jugent selon leurs crit\u00e8res de courte vue. J\u00e9sus ne juge personne car il voit le P\u00e8re <span style=\"background-color: #add8e6;\"><em>(8.15).<\/em><\/span> La discussion relat\u00e9e est un exemple type de dialogue bloqu\u00e9.<\/p>\n<p align=\"JUSTIFY\">\u00a0<\/p>\n<p align=\"JUSTIFY\">Le recours \u00e0 l&rsquo;exemple d&rsquo;Abraham veut \u00eatre un pi\u00e8ge tendu \u00e0 J\u00e9sus, mais c\u2019est finalement une bonne cl\u00e9 \u00e0 la discussion. <span style=\"background-color: #add8e6;\"><em>\u00ab C&rsquo;est ici le temple du Seigneur, le temps du Seigneur ! \u00bb<\/em><\/span> s&rsquo;exclamait-on sur un ton scandalis\u00e9 du temps de <span style=\"background-color: #add8e6;\"><em>J\u00e9r\u00e9mie (7.4)<\/em><\/span>. Mais les vertus des anc\u00eatres ne sauvent pas. Les traditions les meilleures ne remplacent pas la foi. La soumission de forme devient un leurre. Combien de protections illusoires n&rsquo;a-t-on pas \u00e9chafaud\u00e9es sur une histoire r\u00e9cup\u00e9r\u00e9e pour son int\u00e9r\u00eat ? Alors J\u00e9sus renvoie ses contradicteurs \u00e0 la v\u00e9ritable mesure d&rsquo;Abraham : il est l&rsquo;exemple de la foi patiente et ob\u00e9issante ; d&rsquo;avance il a <span style=\"background-color: #add8e6;\"><em>\u00ab vu \u00bb<\/em><\/span> la fid\u00e9lit\u00e9-v\u00e9rit\u00e9 de Dieu <span style=\"background-color: #add8e6;\"><em>(H\u00e9b. 11.8ss)<\/em><\/span>. Il est l&rsquo;exemple de l&rsquo;homme libre au service du Dieu vivant et vrai ; Son chemin, m\u00eame long et sinueux, montre sa constance.<\/p>\n<p align=\"JUSTIFY\">\u00a0<\/p>\n<p align=\"JUSTIFY\">La tricherie sur l&rsquo;esclavage et la pr\u00e9tention d&rsquo;une \u00e9lection-filiation divine <span style=\"background-color: #add8e6;\"><em>(8.33, 41)<\/em><\/span> donne lieu \u00e0 une r\u00e9ponse frontale de la part de J\u00e9sus d\u00e9non\u00e7ant l&rsquo;aveuglement et la s\u00e9duction graves dans lequel s&#8217;embourbe l&rsquo;homme p\u00e9cheur, f\u00fbt-il religieux. <span style=\"background-color: #add8e6;\"><em>\u00ab Dieu a-t-il r\u00e9ellement dit ? \u00bb<\/em><\/span> fut la premi\u00e8re et dramatique insinuation du diable, p\u00e8re du mensonge. <span style=\"background-color: #add8e6;\"><em>\u00ab Vous ne mourrez pas ! \u00bb<\/em><\/span> fut son arme assassine. Qui \u00eates-vous ? <span style=\"background-color: #add8e6;\"><em>\u00ab Si donc le Fils vous rend libres, vous serez r\u00e9ellement libres \u00bb (36)<\/em><\/span>.<\/p>\n<p align=\"JUSTIFY\">\u00a0<\/p>\n<p style=\"text-align: center;\"><strong>D.B.<\/strong><\/p>\n<p style=\"text-align: center;\">\u00a0<\/p>\n<hr \/>\n<h2>Questions \u00e0 creuser :<\/h2>\n<ul>\n<li>\n<p align=\"JUSTIFY\">A quoi sert ma libert\u00e9, la \u00ab r\u00e9elle \u00bb ?<\/p>\n<\/li>\n<\/ul>\n<p align=\"JUSTIFY\">\u00a0<\/p>\n<ul>\n<li>\n<p align=\"JUSTIFY\">\u00ab Le chr\u00e9tien est un homme libre, ma\u00eetre de toutes choses ; il n&rsquo;est soumis \u00e0 personne. Le chr\u00e9tien est un serviteur plein d&rsquo;ob\u00e9issance ; il se soumet tous. \u00bb (Martin Luther, De la libert\u00e9 du chr\u00e9tien).<\/p>\n<\/li>\n<\/ul>\n<p align=\"JUSTIFY\">\u00a0<\/p>\n<ul>\n<li>\n<p align=\"JUSTIFY\">Pourquoi la libert\u00e9 chr\u00e9tienne semble peu, voire mal v\u00e9cue ?<\/p>\n<\/li>\n<\/ul>\n<p align=\"JUSTIFY\">\u00a0<\/p>\n","protected":false},"excerpt":{"rendered":"<p>La v\u00e9rit\u00e9 vous rendra libres &nbsp; \u00a0 par Daniel BRESCH \u00a0 \u00ab J\u00e9sus, donc, disait aux Juifs qui avaient mis leur confiance en lui : Si vous demeurez dans ma parole, vous \u00eates vraiment mes disciples ; vous conna\u00eetrez la v\u00e9rit\u00e9, et la v\u00e9rit\u00e9 vous rendra libres. \u00bb (Jean 8.31-32) \u00a0 &nbsp; Jean rapporte ici [&hellip;]<\/p>\n","protected":false},"author":55,"featured_media":0,"comment_status":"closed","ping_status":"closed","sticky":false,"template":"","format":"standard","meta":{"footnotes":""},"categories":[26,82,42,28,24],"tags":[],"class_list":["post-1780","post","type-post","status-publish","format-standard","hentry","category-la-bible","category-liberation","category-foi","category-jesus-christ","category-le-saint-esprit"],"_links":{"self":[{"href":"https:\/\/www.servir.caef.net\/index.php?rest_route=\/wp\/v2\/posts\/1780","targetHints":{"allow":["GET"]}}],"collection":[{"href":"https:\/\/www.servir.caef.net\/index.php?rest_route=\/wp\/v2\/posts"}],"about":[{"href":"https:\/\/www.servir.caef.net\/index.php?rest_route=\/wp\/v2\/types\/post"}],"author":[{"embeddable":true,"href":"https:\/\/www.servir.caef.net\/index.php?rest_route=\/wp\/v2\/users\/55"}],"replies":[{"embeddable":true,"href":"https:\/\/www.servir.caef.net\/index.php?rest_route=%2Fwp%2Fv2%2Fcomments&post=1780"}],"version-history":[{"count":0,"href":"https:\/\/www.servir.caef.net\/index.php?rest_route=\/wp\/v2\/posts\/1780\/revisions"}],"wp:attachment":[{"href":"https:\/\/www.servir.caef.net\/index.php?rest_route=%2Fwp%2Fv2%2Fmedia&parent=1780"}],"wp:term":[{"taxonomy":"category","embeddable":true,"href":"https:\/\/www.servir.caef.net\/index.php?rest_route=%2Fwp%2Fv2%2Fcategories&post=1780"},{"taxonomy":"post_tag","embeddable":true,"href":"https:\/\/www.servir.caef.net\/index.php?rest_route=%2Fwp%2Fv2%2Ftags&post=1780"}],"curies":[{"name":"wp","href":"https:\/\/api.w.org\/{rel}","templated":true}]}}