{"id":1929,"date":"2006-09-13T13:49:42","date_gmt":"2006-09-13T13:49:42","guid":{"rendered":"\/?p=1929"},"modified":"2016-09-16T08:49:02","modified_gmt":"2016-09-16T08:49:02","slug":"association-%c2%ab-art-parole-%c2%bb","status":"publish","type":"post","link":"https:\/\/www.servir.caef.net\/?p=1929","title":{"rendered":"Association \u00ab Art &#038; Parole \u00bb"},"content":{"rendered":"<h1 style=\"text-align: center;\" align=\"JUSTIFY\">Association \u00ab Art &amp; Parole \u00bb<\/h1>\n<p align=\"JUSTIFY\">\u00a0<a href=\"\/wp-content\/uploads\/2008\/01\/carre.jpg\"><img loading=\"lazy\" decoding=\"async\" class=\"alignnone size-full wp-image-8281\" src=\"\/wp-content\/uploads\/2008\/01\/carre.jpg\" alt=\"carre\" width=\"63\" height=\"63\" \/><\/a><a href=\"\/wp-content\/uploads\/2009\/05\/serv3.gif\"><img loading=\"lazy\" decoding=\"async\" class=\"  wp-image-6371 aligncenter\" src=\"\/wp-content\/uploads\/2009\/05\/serv3.gif\" alt=\"serv3\" width=\"159\" height=\"100\" \/><\/a><a href=\"\/wp-content\/uploads\/2008\/01\/carre-4.jpg\"><img loading=\"lazy\" decoding=\"async\" class=\" size-full wp-image-8287 alignright\" src=\"\/wp-content\/uploads\/2008\/01\/carre-4.jpg\" alt=\"carre-4\" width=\"63\" height=\"63\" \/><\/a><\/p>\n<p align=\"JUSTIFY\">\u00a0<\/p>\n<p align=\"JUSTIFY\">\u00a0<\/p>\n<p align=\"JUSTIFY\">\u00a0<\/p>\n<p align=\"JUSTIFY\">\u00a0<\/p>\n<p align=\"JUSTIFY\"><strong>Claire Tragel est pr\u00e9sidente du groupe \u00ab Art &amp; Parole \u00bb de Psalmodia-Strasbourg<sub>1<\/sub> . Assistante de direction dans un cabinet d&rsquo;assurances et artiste peintre \u00e0 ses moments de loisirs, elle a particip\u00e9 pendant 17 ans \u00e0 la vie d&rsquo;une association d&rsquo;artistes.<\/strong><\/p>\n<p align=\"JUSTIFY\">\u00a0<\/p>\n<p align=\"JUSTIFY\"><!--more--><br \/> \u00a0<\/p>\n<h2>Les d\u00e9buts<\/h2>\n<p align=\"JUSTIFY\">\u00a0<\/p>\n<p align=\"JUSTIFY\"><a href=\"\/wp-content\/uploads\/2006\/pdf2006\/2006_05_29_associationartetparole.pdf\" target=\"_blank\"><img loading=\"lazy\" decoding=\"async\" title=\"iconePDF\" src=\"\/wp-content\/uploads\/2011\/01\/iconePDF.jpg\" alt=\"\" width=\"81\" height=\"76\" align=\"right\" hspace=\"8\" vspace=\"8\" \/><\/a>En 2001, a eu lieu \u00e0 Strasbourg une semaine artistique organis\u00e9e avec Psalmodia. Des expositions &#8211; ainsi que des d\u00e9bats &#8211; se sont tenues dans les diff\u00e9rentes Eglises. Durant cette semaine, j&rsquo;ai r\u00e9alis\u00e9 pourquoi Dieu m&rsquo;avait confi\u00e9 un don et j&rsquo;avais la conviction qu&rsquo;il y aurait une suite. J&rsquo;ai demand\u00e9 au Seigneur de me faire savoir ce qu&rsquo;il attendait de moi et comment je pouvais me mettre \u00e0 son service. L&rsquo;attente a dur\u00e9 2 ans.<\/p>\n<p align=\"JUSTIFY\">\u00a0<\/p>\n<p align=\"JUSTIFY\">Apr\u00e8s diverses rencontres avec Psalmodia nous avons cr\u00e9\u00e9 \u00ab Art &amp; Parole \u00bb en 2003. Notre groupe est membre de l&rsquo;association Psalmodia. C&rsquo;est un collectif d&rsquo;artistes chr\u00e9tiens. Actuellement nous sommes une vingtaine d&rsquo;artistes. Les membres de notre groupe appartiennent \u00e0 diff\u00e9rentes Eglises de sensibilit\u00e9s diff\u00e9rentes. A la base il y a le don naturel qui doit \u00eatre travaill\u00e9 pour permettre une progression. Plusieurs ont suivi des formations dans des \u00e9coles d&rsquo;art.<\/p>\n<p align=\"JUSTIFY\">\u00a0<\/p>\n<p align=\"JUSTIFY\">Tout cela est li\u00e9 si l&rsquo;on tend \u00e0 un travail de qualit\u00e9, ce qui est une constante dans le groupe. Nous avons des peintres, des sculpteurs, de la photographie, du patchwork (mural uniquement). Pour les peintres toutes les techniques sont admises (aquarelles, pastel, encre, gouache, acrylique, techniques mixtes, etc.).<\/p>\n<p align=\"JUSTIFY\">\u00a0<\/p>\n<p align=\"JUSTIFY\">Une charte et un r\u00e8glement int\u00e9rieur ont \u00e9t\u00e9 \u00e9tablis d\u00e9finissant qui nous sommes : Notre groupe est compos\u00e9 d&rsquo;artistes chr\u00e9tiens qui ont en commun le d\u00e9sir d&rsquo;exprimer leur foi avec le don que Dieu leur a confi\u00e9, que ce soit la peinture, la sculpture, la photo ou autre. Notre support est la Bible qui nous r\u00e9v\u00e8le que notre r\u00e9f\u00e9rence artistique est Dieu.<\/p>\n<p align=\"JUSTIFY\">\u00a0<\/p>\n<p align=\"JUSTIFY\">Toute la cr\u00e9ation t\u00e9moigne de son oeuvre parfaite. La Parole de Dieu nous enseigne comment nous devons nous comporter en ambassadeurs <span style=\"background-color: #add8e6;\"><em>(2 Co 5.19-20)<\/em><\/span>, en fr\u00e8res et soeurs en Christ <span style=\"background-color: #add8e6;\"><em>(Ph 3.16)<\/em><\/span>, en allant vers les autres <span style=\"background-color: #add8e6;\"><em>(1 P 4.10)<\/em><\/span>.<\/p>\n<p align=\"JUSTIFY\">\u00a0<\/p>\n<p align=\"JUSTIFY\">\u00a0<\/p>\n<h2>Activit\u00e9s<\/h2>\n<p align=\"JUSTIFY\">\u00a0<\/p>\n<p align=\"JUSTIFY\">Nous organisons deux expositions par an et r\u00e9pondons \u00e0 des demandes ponctuelles lors de campagnes d&rsquo;\u00e9vang\u00e9lisation ou comme en 2003 \u00e0 Lyon pour l&rsquo;ann\u00e9e de la Bible. Notre but est de sortir des \u00e9glises pour aller vers le public. Nous nous r\u00e9unissons une fois par trimestre pour la pr\u00e9paration des expositions et \u00e9changer sur la vie du groupe. Chacun peut exprimer ses id\u00e9es.<\/p>\n<p align=\"JUSTIFY\">\u00a0<\/p>\n<p align=\"JUSTIFY\">Notre groupe aide de jeunes artistes \u00e0 faire leurs premiers pas dans les expositions. Nous \u00e9changeons nos fa\u00e7ons de travailler les diff\u00e9rentes mati\u00e8res que nous utilisons. Nous avons aussi des moments conviviaux autour d&rsquo;un pique-nique, des visites de mus\u00e9es, des stages avec Psalmodia. Tous ces moments nous permettent de progresser et de resserrer les liens du groupe.<\/p>\n<p align=\"JUSTIFY\">\u00a0<\/p>\n<p align=\"JUSTIFY\">\u00a0<\/p>\n<h2><span style=\"background-color: #ffffff;\">Exp\u00e9riences v\u00e9cues<\/span><\/h2>\n<p align=\"JUSTIFY\">\u00a0<\/p>\n<p align=\"JUSTIFY\">Les gens sont agr\u00e9ablement surpris de notre d\u00e9marche et nous encouragent \u00e0 continuer. L&rsquo;accueil est un point capital lors de nos expositions car nos oeuvres sont des \u00ab supports \u00bb qui nous permettent de \u00ab faire passer le message \u00bb. Les remarques que nous avons souvent entendues c&rsquo;est la lumi\u00e8re qui transpara\u00eet dans ce que nous pr\u00e9sentons et le temps que nous prenons pour discuter avec les visiteurs qui le souhaitent.<\/p>\n<p align=\"JUSTIFY\">\u00a0<\/p>\n<p align=\"JUSTIFY\">Chaque artiste pourrait t\u00e9moigner de moments forts v\u00e9cus dans ces occasions-l\u00e0. Nous avons des moments de pri\u00e8re avant les expositions afin que le Seigneur nous guide dans notre approche du public. Des personnes reviennent chaque ann\u00e9e car elles appr\u00e9cient ce que nous faisons. D&rsquo;autres, apr\u00e8s \u00eatre rest\u00e9es avec nous, repartent en nous disant que cela leur a fait du bien de passer un moment de d\u00e9tente en notre compagnie. L&rsquo;art est un formidable moyen d&rsquo;approche pour parler de Dieu et rares sont les gens qui r\u00e9agissent mal.<\/p>\n<p align=\"JUSTIFY\">\u00a0<\/p>\n<p align=\"JUSTIFY\">\u00a0<\/p>\n<h2>Relations avec les Eglises et projets<\/h2>\n<p align=\"JUSTIFY\">\u00a0<\/p>\n<p align=\"JUSTIFY\">Nous avons besoin d&rsquo;\u00eatre reconnus et soutenus par nos \u00e9glises et qu&rsquo;elles prient pour nous. L&rsquo;art est un support pour la compr\u00e9hension du message de l&rsquo;Evangile. Nous aimerions entrer en contact avec d&rsquo;autres groupes ou associations du m\u00eame genre que nous et que nous puissions nous rencontrer. Peut-\u00eatre un jour pourrons-nous envisager une rencontre nationale ou m\u00eame internationale ?<\/p>\n<p align=\"JUSTIFY\">\u00a0<\/p>\n<hr \/>\n<p align=\"JUSTIFY\">NOTE<\/p>\n<p align=\"JUSTIFY\">\u00a0<\/p>\n<p align=\"JUSTIFY\"><strong>1.<\/strong> : Psalmodia est un r\u00e9seau de centres de formation artistique au service des Eglises. Site : <a href=\"http:\/\/www.psalmodia.net\">www.psalmodia.net<\/a><\/p>\n<p align=\"JUSTIFY\">\u00a0<\/p>\n","protected":false},"excerpt":{"rendered":"<p>Association \u00ab Art &amp; Parole \u00bb \u00a0 \u00a0 \u00a0 \u00a0 \u00a0 Claire Tragel est pr\u00e9sidente du groupe \u00ab Art &amp; Parole \u00bb de Psalmodia-Strasbourg1 . Assistante de direction dans un cabinet d&rsquo;assurances et artiste peintre \u00e0 ses moments de loisirs, elle a particip\u00e9 pendant 17 ans \u00e0 la vie d&rsquo;une association d&rsquo;artistes. \u00a0<\/p>\n","protected":false},"author":87,"featured_media":0,"comment_status":"closed","ping_status":"closed","sticky":false,"template":"","format":"standard","meta":{"footnotes":""},"categories":[76,37,9],"tags":[],"class_list":["post-1929","post","type-post","status-publish","format-standard","hentry","category-art","category-la-louange","category-oeuvres-et-missions"],"_links":{"self":[{"href":"https:\/\/www.servir.caef.net\/index.php?rest_route=\/wp\/v2\/posts\/1929","targetHints":{"allow":["GET"]}}],"collection":[{"href":"https:\/\/www.servir.caef.net\/index.php?rest_route=\/wp\/v2\/posts"}],"about":[{"href":"https:\/\/www.servir.caef.net\/index.php?rest_route=\/wp\/v2\/types\/post"}],"author":[{"embeddable":true,"href":"https:\/\/www.servir.caef.net\/index.php?rest_route=\/wp\/v2\/users\/87"}],"replies":[{"embeddable":true,"href":"https:\/\/www.servir.caef.net\/index.php?rest_route=%2Fwp%2Fv2%2Fcomments&post=1929"}],"version-history":[{"count":0,"href":"https:\/\/www.servir.caef.net\/index.php?rest_route=\/wp\/v2\/posts\/1929\/revisions"}],"wp:attachment":[{"href":"https:\/\/www.servir.caef.net\/index.php?rest_route=%2Fwp%2Fv2%2Fmedia&parent=1929"}],"wp:term":[{"taxonomy":"category","embeddable":true,"href":"https:\/\/www.servir.caef.net\/index.php?rest_route=%2Fwp%2Fv2%2Fcategories&post=1929"},{"taxonomy":"post_tag","embeddable":true,"href":"https:\/\/www.servir.caef.net\/index.php?rest_route=%2Fwp%2Fv2%2Ftags&post=1929"}],"curies":[{"name":"wp","href":"https:\/\/api.w.org\/{rel}","templated":true}]}}