{"id":1958,"date":"2006-11-14T10:34:16","date_gmt":"2006-11-14T10:34:16","guid":{"rendered":"\/?p=1958"},"modified":"2016-09-16T09:02:19","modified_gmt":"2016-09-16T09:02:19","slug":"marie-et-jesus-devenu-adulte","status":"publish","type":"post","link":"https:\/\/www.servir.caef.net\/?p=1958","title":{"rendered":"Marie et J\u00e9sus devenu adulte"},"content":{"rendered":"<h1 style=\"text-align: center;\" align=\"JUSTIFY\">Marie et J\u00e9sus devenu adulte<\/h1>\n<p align=\"JUSTIFY\">\u00a0<\/p>\n<p align=\"JUSTIFY\"><a href=\"\/wp-content\/uploads\/2006\/11\/Jesus-Marie.jpg\"><img loading=\"lazy\" decoding=\"async\" class=\" size-full wp-image-9258 aligncenter\" src=\"\/wp-content\/uploads\/2006\/11\/Jesus-Marie.jpg\" alt=\"Jesus Marie\" width=\"300\" height=\"225\" \/><\/a><\/p>\n<p align=\"JUSTIFY\">\u00a0<\/p>\n<p align=\"JUSTIFY\"><strong>par <span style=\"font-size: 16px;\"><span style=\"background-color: #ffffff;\"><span style=\"color: #b22222;\">Allan KITT<\/span><\/span><\/span><\/strong><\/p>\n<p align=\"JUSTIFY\">\u00a0<\/p>\n<p>&nbsp;<\/p>\n<p align=\"JUSTIFY\">Dans toute famille, la nature et l&rsquo;expression de la relation des enfants \u00e0 leurs parents \u00e9voluent. En ce qui concerne sa relation avec sa m\u00e8re, J\u00e9sus n&rsquo;a pas fait exception \u00e0 cette r\u00e8gle. Au d\u00e9but des \u00e9vangiles, Marie est sur le devant de la sc\u00e8ne. Son b\u00e9b\u00e9 d\u00e9pend totalement d&rsquo;elle, c&rsquo;est aupr\u00e8s d&rsquo;elle que J\u00e9sus a appris les gestes \u00e9l\u00e9mentaires de la vie. \u00c0 l&rsquo;\u00e2ge de 12 ans, apr\u00e8s \u00eatre rest\u00e9 tout seul \u00e0 J\u00e9rusalem, au grand d\u00e9sarroi de ses parents, il est reparti avec eux \u00e0 Nazareth, et leur est rest\u00e9 soumis.<\/p>\n<p align=\"JUSTIFY\">\u00a0<!--more--><\/p>\n<p align=\"JUSTIFY\"><a href=\"\/wp-content\/uploads\/2006\/pdf2006\/2006_06_08_marieetjesusdevenuadulte.pdf\"><img loading=\"lazy\" decoding=\"async\" title=\"iconePDF\" src=\"\/wp-content\/uploads\/2011\/01\/iconePDF.jpg\" alt=\"\" width=\"81\" height=\"76\" align=\"right\" hspace=\"8\" vspace=\"8\" \/><\/a>Les \u00e9vangiles gardent le silence sur les 18 ann\u00e9es suivantes, reprenant le r\u00e9cit au d\u00e9but du minist\u00e8re public de J\u00e9sus, quand celui-ci avait environ 30 ans. \u00c0 partir de l\u00e0, Marie est peu mise en \u00e9vidence, mais les quelques passages o\u00f9 elle appara\u00eet nous font entrevoir l&rsquo;\u00e9volution n\u00e9cessaire de sa relation avec son fils.<\/p>\n<p align=\"JUSTIFY\">\u00a0<\/p>\n<p align=\"JUSTIFY\">\u00a0<\/p>\n<h2>Aux noces de Cana : <span style=\"background-color: #99ccff;\"><em>Jean 2.1-12<\/em><\/span><\/h2>\n<p align=\"JUSTIFY\">\u00a0<\/p>\n<p align=\"JUSTIFY\"><a href=\"\/wp-content\/uploads\/2006\/11\/cana.jpg\"><img loading=\"lazy\" decoding=\"async\" class=\"  wp-image-9257 alignright\" src=\"\/wp-content\/uploads\/2006\/11\/cana.jpg\" alt=\"cana\" width=\"235\" height=\"176\" hspace=\"10\" \/><\/a>Marie demande \u00e0 J\u00e9sus &#8211; implicitement, il est vrai &#8211; d&rsquo;intervenir en faveur du mari\u00e9 qui risquait le d\u00e9shonneur si les noces devaient s&rsquo;achever sans vin. S&rsquo;attendait-elle au miracle ? Il n&rsquo;y avait pas de pr\u00e9c\u00e9dent : Jean pr\u00e9cise que ce miracle a \u00e9t\u00e9 le premier. Quoi qu&rsquo;il en soit, la requ\u00eate implicite de Marie, <span style=\"background-color: #add8e6;\"><em>\u00ab ils n&rsquo;ont plus de vin \u00bb<\/em><\/span>, d\u00e9montre qu&rsquo;elle compte sur son fils pour faire quelque chose.<\/p>\n<p align=\"JUSTIFY\">\u00a0<\/p>\n<p align=\"JUSTIFY\">La r\u00e9ponse de J\u00e9sus \u00e0 sa m\u00e8re nous semble dure. Il n&rsquo;y a cependant aucun manque de respect, aucune impolitesse, mais une certaine distance. Il est toujours son fils, mais elle ne peut plus le commander. Ce qu&rsquo;il a d\u00e9j\u00e0 annonc\u00e9 \u00e0 ses parents, \u00e0 l&rsquo;\u00e2ge de 12 ans &#8211; <span style=\"background-color: #add8e6;\"><em>\u00ab Ne saviez-vous pas que je dois m&rsquo;occuper des affaires de mon P\u00e8re ? \u00bb<\/em><\/span> &#8211; se pr\u00e9cise.<\/p>\n<p align=\"JUSTIFY\">\u00a0<\/p>\n<p align=\"JUSTIFY\">Sa vie n a qu&rsquo;un but : parvenir \u00e0 ce qu&rsquo;il appelle \u00ab son heure \u00bb, c&rsquo;est-\u00e0-dire la crucifixion et la r\u00e9surrection. Rien ne va le d\u00e9tourner de la poursuite de ce but, il ne veut rien pr\u00e9cipiter, et Marie doit accepter ce programme, au prix de grandes souffrances personnelles, comme Sim\u00e9on le lui avait proph\u00e9tis\u00e9 <span style=\"background-color: #add8e6;\"><em>(Lc 2.35)<\/em><\/span>.<\/p>\n<p align=\"JUSTIFY\">\u00a0<\/p>\n<p align=\"JUSTIFY\">Marie a certainement trouv\u00e9 cela difficile sur le plan humain. Jusque-l\u00e0 J\u00e9sus a d\u00fb \u00eatre constamment aupr\u00e8s d&rsquo;elle. Elle avait appris \u00e0 compter sur lui, d&rsquo;autant plus si Joseph \u00e9tait mort et que J\u00e9sus subvenait aux besoins de la famille en travaillant de ses mains.<strong><sub>1<\/sub><\/strong><\/p>\n<p align=\"JUSTIFY\">\u00a0<\/p>\n<p align=\"JUSTIFY\">Cela dit, l&rsquo;ordre que Marie donne aux serviteurs : <span style=\"background-color: #add8e6;\"><em>\u00ab Faites tout ce qu&rsquo;il vous dira \u00bb<\/em><\/span> montre clairement qu&rsquo;elle ne s&rsquo;est pas laiss\u00e9e d\u00e9courager par les propos de J\u00e9sus. Au contraire, elle nous donne un bel exemple de foi : elle se contente de savoir que le probl\u00e8me qu&rsquo;elle a partag\u00e9 avec lui est maintenant entre ses mains. Elle n&rsquo;a plus besoin de s&rsquo;en soucier.<\/p>\n<p align=\"JUSTIFY\">\u00a0<\/p>\n<p>&nbsp;<\/p>\n<h2>A la maison : <span style=\"background-color: #99ccff;\"><em>Marc 3.20-21,31-35<\/em><\/span><\/h2>\n<p align=\"JUSTIFY\">\u00a0<\/p>\n<p align=\"JUSTIFY\">J\u00e9sus et ses disciples sont constamment sous pression. La foule de personnes cherchant \u00e0 l&rsquo;entendre les emp\u00eache m\u00eame de manger. Certaines personnes de son entourage disaient m\u00eame qu&rsquo;il avait perdu la raison. C&rsquo;est certainement dans de bonnes intentions que sa m\u00e8re et ses fr\u00e8res sont alors venus le chercher : il fallait quand m\u00eame qu&rsquo;il se m\u00e9nage, personne ne pouvait soutenir un tel rythme !<\/p>\n<p align=\"JUSTIFY\">\u00a0<\/p>\n<p align=\"JUSTIFY\">Quand J\u00e9sus apprend qu&rsquo;ils sont l\u00e0, il prononce ces paroles inoubliables : <span style=\"background-color: #add8e6;\"><em>\u00ab Qui est ma m\u00e8re, qui sont mes fr\u00e8res ?&#8230; Quiconque fait la volont\u00e9 de Dieu, celui-l\u00e0 est mon fr\u00e8re, ma soeur et ma m\u00e8re. \u00bb<\/em><\/span> En disant cela, J\u00e9sus ne renie nullement les liens familiaux qui l&rsquo;attachent \u00e0 Marie. Mais il parle d&rsquo;une autre famille, compos\u00e9e de tous ceux qui font la volont\u00e9 de Dieu, ce qui implique avant tout la foi en J\u00e9sus <span style=\"background-color: #add8e6;\"><em>(Jn 6.29)<\/em><\/span>.<\/p>\n<p align=\"JUSTIFY\">\u00a0<\/p>\n<p align=\"JUSTIFY\">Les familles peuvent \u00eatre divis\u00e9es. Les liens de sang ne durent pas toujours, et en tout cas la mort y met fin. Par contre, les liens qui unissent les membres de la famille de la foi sont destin\u00e9s \u00e0 durer pour l&rsquo;\u00e9ternit\u00e9. Marie et les fr\u00e8res de J\u00e9sus feront aussi partie de cette famille-l\u00e0 &#8211; s&rsquo;ils font la volont\u00e9 de Dieu en mettant leur foi en lui, sans chercher \u00e0 se pr\u00e9valoir de liens uniquement charnels.<\/p>\n<p align=\"JUSTIFY\">\u00a0<\/p>\n<p align=\"JUSTIFY\">J\u00e9sus a exprim\u00e9 la m\u00eame pens\u00e9e quand une admiratrice a cri\u00e9 : <span style=\"background-color: #add8e6;\"><em>\u00ab Heureux le ventre qui t&rsquo;a port\u00e9 et les seins qui t&rsquo;ont allait\u00e9<strong><sub>2<\/sub><\/strong> ! \u00bb<\/em><\/span> . Certes, Marie a \u00e9t\u00e9 heureuse en \u00e9tant la m\u00e8re de J\u00e9sus. Pourtant, dans sa r\u00e9ponse, J\u00e9sus affirme qu&rsquo;un bonheur encore plus grand est r\u00e9serv\u00e9 \u00e0 ceux qui \u00e9coutent et observent la parole de Dieu.<\/p>\n<p align=\"JUSTIFY\">\u00a0<\/p>\n<p align=\"JUSTIFY\">\u00a0<\/p>\n<h2>Sur la croix : <span style=\"background-color: #99ccff;\"><em>Jean 19.25-27<\/em><\/span><\/h2>\n<p align=\"JUSTIFY\">\u00a0<\/p>\n<p align=\"JUSTIFY\"><a href=\"\/wp-content\/uploads\/2010\/10\/tableau-croix.jpg\"><img loading=\"lazy\" decoding=\"async\" class=\"  wp-image-7008 alignleft\" src=\"\/wp-content\/uploads\/2010\/10\/tableau-croix.jpg\" alt=\"tableau-croix\" width=\"215\" height=\"300\" hspace=\"10\" srcset=\"https:\/\/www.servir.caef.net\/wp-content\/uploads\/2010\/10\/tableau-croix.jpg 365w, https:\/\/www.servir.caef.net\/wp-content\/uploads\/2010\/10\/tableau-croix-215x300.jpg 215w\" sizes=\"auto, (max-width: 215px) 100vw, 215px\" \/><\/a>Voici la preuve que J\u00e9sus n&rsquo;a jamais oubli\u00e9 sa m\u00e8re ou reni\u00e9 ses liens familiaux. Dans l&rsquo;agonie de la croix il pense \u00e0 elle et prend soin de son avenir terrestre : il la confie au disciple qu&rsquo;il aimait, qui prendrait soin d&rsquo;elle quand J\u00e9sus ne serait plus l\u00e0. Pourquoi ce disciple plut\u00f4t que les fr\u00e8res de J\u00e9sus ?<\/p>\n<p align=\"JUSTIFY\">\u00a0<\/p>\n<p align=\"JUSTIFY\">Ceux-ci ne croyaient probablement pas encore en lui <span style=\"background-color: #add8e6;\"><em>(Jn 7.5)<\/em><\/span>. Ils y viendraient au cours des semaines suivantes, mais ils n&rsquo;\u00e9taient en tout cas pas pr\u00e8s de Marie au moment de la mort de J\u00e9sus. C&rsquo;est le disciple qui serait capable d&rsquo;apporter \u00e0 Marie la seule consolation r\u00e9elle, celle qui est fond\u00e9e sur la foi.<\/p>\n<p align=\"JUSTIFY\">\u00a0<\/p>\n<p align=\"JUSTIFY\">\u00a0<\/p>\n<h2>Apr\u00e8s l&rsquo;Ascension : <span style=\"background-color: #99ccff;\"><em>Actes 1.13-14<\/em><\/span><\/h2>\n<p align=\"JUSTIFY\">\u00a0<\/p>\n<p align=\"JUSTIFY\">J\u00e9sus est mort et ressuscit\u00e9, il est remont\u00e9 aupr\u00e8s de son P\u00e8re, et voil\u00e0 sa m\u00e8re et ses fr\u00e8res enfin r\u00e9unis dans la communaut\u00e9 de la foi, avec les autres disciples. Dans cette br\u00e8ve description de la vie des disciples entre l&rsquo;Ascension et la Pentec\u00f4te, aucune parole n&rsquo;est attribu\u00e9e \u00e0 Marie.<\/p>\n<p align=\"JUSTIFY\">\u00a0<\/p>\n<p align=\"JUSTIFY\">Elle ne jouit d&rsquo;aucune pr\u00e9s\u00e9ance, d&rsquo;aucune position privil\u00e9gi\u00e9e : elle est tout simplement l\u00e0, avec les autres disciples, hommes et femmes, ob\u00e9issant \u00e0 l&rsquo;ordre de son fils : <span style=\"background-color: #add8e6;\"><em>\u00ab Ne vous \u00e9loignez pas de J\u00e9rusalem, attendez la promesse du P\u00e8re \u00bb (Ac 1.4)<\/em><\/span>. Nous pourrions m\u00eame dire que la boucle est boucl\u00e9e. D\u00e8s le d\u00e9but, Marie n&rsquo;a jamais r\u00e9clam\u00e9 pour elle-m\u00eame d&rsquo;autre titre que <em><span style=\"background-color: #add8e6;\">\u00ab servante du Seigneur \u00bb (Lc 1.38)<\/span><\/em>. D&rsquo;ailleurs, pourrait-on imaginer de titre plus \u00e9lev\u00e9 que celui-l\u00e0 ?<\/p>\n<p align=\"JUSTIFY\">\u00a0<\/p>\n<p align=\"JUSTIFY\">Et maintenant, au moment o\u00f9 les \u00e9critures inspir\u00e9es tirent le rideau sur son histoire, nous la trouvons qui s&rsquo;engage au service de son fils et Seigneur, dans la pri\u00e8re avec les autres disciples. Et l\u00e0, nous pouvons \u00e0 juste titre l&rsquo;appeler <span style=\"background-color: #add8e6;\"><em>\u00ab bienheureuse \u00bb<\/em><\/span> !<\/p>\n<p align=\"JUSTIFY\">\u00a0<\/p>\n<p align=\"CENTER\"><b>A.K.<\/b><\/p>\n<p align=\"JUSTIFY\">\u00a0<\/p>\n<hr \/>\n<p align=\"JUSTIFY\">\u00a0NOTES<\/p>\n<p align=\"JUSTIFY\">\u00a0<\/p>\n<p align=\"JUSTIFY\"><strong>1.<\/strong> C&rsquo;est ainsi que plusieurs interpr\u00e8tent le silence des \u00e9vangiles au sujet de Joseph, qui n&rsquo;appara\u00eet plus en personne \u00e0 partir de Luc 2.<\/p>\n<p align=\"JUSTIFY\">\u00a0<\/p>\n<p align=\"JUSTIFY\"><strong>2.<\/strong> Luc 11.27-28<\/p>\n<p align=\"JUSTIFY\">\u00a0<\/p>\n","protected":false},"excerpt":{"rendered":"<p>Marie et J\u00e9sus devenu adulte \u00a0 \u00a0 par Allan KITT \u00a0 &nbsp; Dans toute famille, la nature et l&rsquo;expression de la relation des enfants \u00e0 leurs parents \u00e9voluent. En ce qui concerne sa relation avec sa m\u00e8re, J\u00e9sus n&rsquo;a pas fait exception \u00e0 cette r\u00e8gle. Au d\u00e9but des \u00e9vangiles, Marie est sur le devant de [&hellip;]<\/p>\n","protected":false},"author":59,"featured_media":0,"comment_status":"closed","ping_status":"closed","sticky":false,"template":"","format":"standard","meta":{"footnotes":""},"categories":[29,89,28,32,83],"tags":[],"class_list":["post-1958","post","type-post","status-publish","format-standard","hentry","category-la-famille","category-femme","category-jesus-christ","category-le-nouveau-testament","category-personnages-bibliques"],"_links":{"self":[{"href":"https:\/\/www.servir.caef.net\/index.php?rest_route=\/wp\/v2\/posts\/1958","targetHints":{"allow":["GET"]}}],"collection":[{"href":"https:\/\/www.servir.caef.net\/index.php?rest_route=\/wp\/v2\/posts"}],"about":[{"href":"https:\/\/www.servir.caef.net\/index.php?rest_route=\/wp\/v2\/types\/post"}],"author":[{"embeddable":true,"href":"https:\/\/www.servir.caef.net\/index.php?rest_route=\/wp\/v2\/users\/59"}],"replies":[{"embeddable":true,"href":"https:\/\/www.servir.caef.net\/index.php?rest_route=%2Fwp%2Fv2%2Fcomments&post=1958"}],"version-history":[{"count":0,"href":"https:\/\/www.servir.caef.net\/index.php?rest_route=\/wp\/v2\/posts\/1958\/revisions"}],"wp:attachment":[{"href":"https:\/\/www.servir.caef.net\/index.php?rest_route=%2Fwp%2Fv2%2Fmedia&parent=1958"}],"wp:term":[{"taxonomy":"category","embeddable":true,"href":"https:\/\/www.servir.caef.net\/index.php?rest_route=%2Fwp%2Fv2%2Fcategories&post=1958"},{"taxonomy":"post_tag","embeddable":true,"href":"https:\/\/www.servir.caef.net\/index.php?rest_route=%2Fwp%2Fv2%2Ftags&post=1958"}],"curies":[{"name":"wp","href":"https:\/\/api.w.org\/{rel}","templated":true}]}}