{"id":199,"date":"2009-03-01T20:45:15","date_gmt":"2009-03-01T20:45:15","guid":{"rendered":"\/?p=199"},"modified":"2017-04-19T07:33:52","modified_gmt":"2017-04-19T07:33:52","slug":"force-et-faiblesse-entre-oeuvres-et-eglises","status":"publish","type":"post","link":"https:\/\/www.servir.caef.net\/?p=199","title":{"rendered":"Force et faiblesse entre oeuvres et \u00e9glises"},"content":{"rendered":"<h1 style=\"text-align: center;\">Force et faiblesse entre oeuvres et \u00e9glises<\/h1>\n<p>&nbsp;<\/p>\n<p><span style=\"font-size: 16px;\"><span style=\"color: #b22222;\"><strong>Par Alain Soudrain<br \/> <\/strong><\/span><\/span><\/p>\n<p>&nbsp;<\/p>\n<p>&nbsp;<\/p>\n<div><img loading=\"lazy\" decoding=\"async\" title=\"\" src=\"\/wp-content\/uploads\/2009\/03\/img1pdf2_page5_2009.jpg\" alt=\"\" width=\"283\" height=\"191\" align=\"left\" hspace=\"12\" \/><\/p>\n<h2><b>L\u2019articulation entre \u00e9glises et \u0153uvres <\/b><\/h2>\n<p>&nbsp;<\/p>\n<\/div>\n<div style=\"text-align: justify;\"><i>\u00a0\u00a0\u00a0\u00a0\u00a0\u00a0\u00a0\u00a0\u00a0\u00a0\u00a0 <\/i>Force est de constater que tout au long de l\u2019Histoire, l\u2019\u00e9glise locale s\u2019est g\u00e9n\u00e9ralement plus souvent investie dans une dynamique d\u2019engagement spirituel (\u00e9vang\u00e9lisation, enseignement biblique de base, pastorat) au d\u00e9triment du social et m\u00eame de la mission. Probablement en r\u00e9action \u00e0 cela, quelques chr\u00e9tiens ont tent\u00e9 de pallier ou de combler ces lacunes en d\u00e9veloppant des \u00abactions\u00bb (aupr\u00e8s des \u00e9tudiants, missions, oeuvres sociales en tout genre), en marge, voire m\u00eame en concurrence avec les \u00e9glises. Ces \u00aboeuvres\u00bb, comme on les appelle, ont parfois pris tellement d\u2019importance qu\u2019elles se sont souvent substitu\u00e9es \u00e0 l\u2019\u00e9glise. L\u2019articulation entre Eglises\/OEuvres a \u00e9t\u00e9 pendant de tr\u00e8s nombreuses ann\u00e9es inexistante et voire m\u00eame concurrentielle.<\/div>\n<div style=\"text-align: justify;\">\u00a0<\/div>\n<div>\u00a0<\/div>\n<div style=\"text-indent: 35.4pt; text-align: justify;\">Aujourd\u2019hui, avec la revalorisation de la place de l\u2019\u00e9glise et surtout de l\u2019\u00e9glise locale, un rapprochement entre les deux parties existe, mais cette recherche d\u2019une bonne articulation ne se fait malheureusement pas sans difficult\u00e9.<\/div>\n<div style=\"text-align: justify;\">\u00a0\u00a0\u00a0\u00a0\u00a0\u00a0\u00a0\u00a0\u00a0\u00a0\u00a0 Cette articulation Eglises\/OEuvres peut se faire par <i>d\u00e9l\u00e9gation <\/i>(GBU, mission) ou\/et par <i>int\u00e9gration <\/i>via la cr\u00e9ation\u00a0\u00a0par ces m\u00eames \u00e9glises locales ou union d\u2019\u00e9glises de d\u00e9partements internes r\u00e9pondant \u00e0 ces besoins(aide humanitaire, aide aux d\u00e9favoris\u00e9s, diaconie en tout genre). Cependant, il restera toujours ceux que nous appellerons les \u00abfrancs tireurs\u00bb qui continueront \u00e0 mener leurs propres actions en dehors de l\u2019\u00e9glise.<\/div>\n<div>\u00a0<\/div>\n<div><!--more--><\/div>\n<div>\u00a0<\/div>\n<h2>\u00a0La force de cette articulation Eglise\/OEuvre :<\/h2>\n<div><strong><i>elle permet :<\/i><\/strong><\/div>\n<div>\u00a0<\/div>\n<div><i>\u00a0<\/i><\/div>\n<div><i>\u00a0<a href=\"\/wp-content\/uploads\/2009\/pdf2009\/Servir2009_2.pdf#page=4\" target=\"_blank\"><img loading=\"lazy\" decoding=\"async\" title=\"iconePDF\" src=\"\/wp-content\/uploads\/2011\/01\/iconePDF.jpg\" alt=\"\" width=\"81\" height=\"76\" align=\"right\" \/><\/a><\/i><b>De revenir au mod\u00e8le biblique<\/b> de l\u2019\u00e9glise qui, \u00e0 l\u2019origine avait la charge, la responsabilit\u00e9 de s\u2019occuper de la personne toute enti\u00e8re et pas seulement de l\u2019\u00e2me de ces personnes. Revenons au mod\u00e8le supr\u00eame, J\u00e9sus, qui consid\u00e9rait toujours la personne qu\u2019il rencontrait dans sa globalit\u00e9 et qui a toujours travaill\u00e9 en tenant compte de la personne toute enti\u00e8re. N\u2019a-t-il pas donn\u00e9 cet ordre de mission \u00e0 ses disciples : \u00abgu\u00e9rissez les malades, chassez les d\u00e9mons et annoncez le royaume de Dieu\u00bb ?<\/div>\n<div>\u00a0<\/div>\n<div>\u00a0<\/div>\n<div>\u00a0<b>De responsabiliser l\u2019\u00e9glise dans son ensemble <\/b>L\u2019\u00e9glise souffre malheureusement parfois d\u2019un manque de vision; s\u2019engager et agir dans un domaine qu\u2019on ne ma\u00eetrise pas forc\u00e9ment fait peur. Que des membres de l\u2019\u00e9glise s\u2019impliquent dans des oeuvres diverses peut justement d\u00e9coincer et encourager l\u2019\u00e9glise \u00e0 s\u2019impliquer dans diff\u00e9rents secteurs d\u2019activit\u00e9s de la soci\u00e9t\u00e9.<\/div>\n<div>\u00a0<\/div>\n<div>\u00a0<\/div>\n<div>\n<p><b>D\u2019occuper le terrain<\/b> dans notre soci\u00e9t\u00e9 De m\u00eame que notre Seigneur nous a demand\u00e9 d\u2019\u00eatre une lumi\u00e8re pour les nations et que Dieu a demand\u00e9 \u00e0 Isra\u00ebl au travers de J\u00e9r\u00e9mie de \u00abrechercher le bien de la ville\u00bb, les diff\u00e9rentes oeuvres permettent souvent aux chr\u00e9tiens et donc aux \u00e9glises de s\u2019impliquer dans la ville et d\u2019influencer les choix et les comportements de nos concitoyens au travers de notre t\u00e9moignage et de nos vies.<\/p>\n<div><img loading=\"lazy\" decoding=\"async\" title=\"\" src=\"\/wp-content\/uploads\/2009\/03\/img2pdf2_page5_2009-225x300.jpg\" alt=\"\" width=\"225\" height=\"300\" align=\"right\" hspace=\"12\" \/><\/div>\n<\/div>\n<div>\u00a0<\/div>\n<div>\u00a0<\/div>\n<div><b>De mettre en valeur toutes les comp\u00e9tences <\/b>et les dons dans l\u2019\u00e9glise L\u2019\u00e9glise est compos\u00e9e de personnes ayant de nombreux talents. Malheureusement pour diverses raisons, ces talents restent cach\u00e9s, voire ignor\u00e9s et donc peu ou pas utilis\u00e9s. Au travers des diff\u00e9rentes oeuvres, ces m\u00eames personnes arrivent \u00e0 exprimer ces nombreux talents que Dieu leur a donn\u00e9s et l\u2019\u00e9glise y gagne parce que ces chr\u00e9tiens s\u2019\u00e9panouissent.<\/div>\n<div>\u00a0<\/div>\n<div>\u00a0<\/div>\n<div><b>De ne pas disperser les forces tant individuelles <\/b>que collectives tout en travaillant dans la globalit\u00e9 de la personne toute enti\u00e8re. Il est souvent difficile pour une \u00e9glise de s\u2019engager dans tous les secteurs d\u2019activit\u00e9s. Mais lorsque des membres de l\u2019\u00e9glise s\u2019impliquent dans certaines oeuvres, celles-ci offrent aux \u00e9glises la possibilit\u00e9 d\u2019agir sans en porter toute la responsabilit\u00e9 logistique.<\/div>\n<div>\u00a0<\/div>\n<div>\u00a0<\/div>\n<h2>\u00a0Les faiblesses de cette Articulation\u00a0<\/h2>\n<div><i>\u00a0<\/i><\/div>\n<div style=\"text-align: justify;\"><b>L\u2019histoire qui p\u00e8se encore <\/b>Les oeuvres dites para-\u00e9glises ont souvent \u00e9t\u00e9 tax\u00e9es de \u00abvoleuses de membres, de comp\u00e9tences et de finances\u00bb. Les choses sont en train de changer certes, mais ces vieux r\u00e9flexes demeurent et sont encore bien vivaces.<\/div>\n<div>\u00a0<\/div>\n<div style=\"text-align: justify;\">\u00a0<\/div>\n<div style=\"text-align: justify;\"><b>L\u2019individualisme <\/b>De plus en plus souvent, sous l\u2019impulsion d\u2019une personne ou d\u2019un petit groupe de personnes ayant une vision ou des contacts avec \u00abquelqu\u2019un quelque part dans le monde\u00bb, ou encore sous le couvert de la libert\u00e9 personnelle d\u2019entreprendre (\u00abce n\u2019est pas le probl\u00e8me de l\u2019\u00e9glise\u00bb) des \u00aboeuvres\u00bb ou ONG voient le jour. Mais ces m\u00eames oeuvres, un jour ou l\u2019autre, viennent chercher l\u2019aide dont elles ont finalement besoin dans leurs \u00e9glises locales qui n\u2019avaient m\u00eame pas \u00e9t\u00e9 consult\u00e9es au d\u00e9part.<\/div>\n<div>\u00a0<\/div>\n<div style=\"text-align: justify;\">\u00a0<\/div>\n<div style=\"text-align: justify;\">\u00a0<b>Le manque de vision de l\u2019\u00e9glise <\/b>Un certain nombre de chr\u00e9tiens ne se retrouvent pas dans le mode de fonctionnement de nos \u00e9glises qui restent focalis\u00e9es sur les probl\u00e8mes internes ou sur une vision \u00e9triqu\u00e9e de leurs responsabilit\u00e9s. Ils pr\u00e9f\u00e8rent alors s\u2019engager dans des oeuvres en dehors de l\u2019\u00e9glise locale, mettant celles-ci en concurrence (et surtout en ayant un oeil critique sur l\u2019\u00e9glise locale). Cette attitude peut malheureusement amener certains \u00e0 quitter l\u2019\u00e9glise locale pour se consacrer enti\u00e8rement \u00e0 ce qui leur semble \u00eatre le but de leur vie ou de leur vocation.<\/div>\n<div>\u00a0<\/div>\n<div>\u00a0<\/div>\n<div style=\"text-align: justify;\">\u00a0<b>Le manque d\u2019investissement des chr\u00e9tiens <\/b>Aujourd\u2019hui, et probablement en r\u00e9action \u00e0 certains exc\u00e8s, beaucoup de chr\u00e9tiens mettent un accent de plus en plus accru sur leur vie familiale, leur loisirs, et autres pr\u00e9occupations personnelles ce qui entraine automatiquement un d\u00e9sengagement dans certains domaines de la vie d\u2019\u00e9glise. D\u2019un autre c\u00f4t\u00e9, la vie tr\u00e9pidante actuelle et les exigences professionnelles rendent la disponibilit\u00e9 de chacun encore moins \u00e9vidente.\u00a0<\/div>\n<div style=\"text-align: justify;\">\u00a0<\/div>\n<div style=\"text-align: justify;\">\u00a0<\/div>\n<div style=\"text-align: justify;\"><b>La concurrence entre les oeuvres <\/b>La multiplicit\u00e9 des oeuvres d\u2019une part et la raret\u00e9 des intervenants d\u2019autre part, provoquent dans bien des cas ce que j\u2019appellerai \u00abla ru\u00e9e vers les candidats \u00bb, entrainant dans son sillage une certaine comp\u00e9tition entres les oeuvres elles-m\u00eames mais aussi entre les oeuvres et les \u00e9glises. La cons\u00e9quence de cette comp\u00e9tition est qu\u2019une forme de surench\u00e8re s\u2019exerce allant jusqu\u2019\u00e0 choisir le minist\u00e8re au plus offrant.<\/div>\n<div style=\"text-align: justify;\">\u00a0<\/div>\n<div style=\"text-align: justify;\">\u00a0<\/div>\n<div style=\"text-align: justify;\">\u00a0<b>Les oeuvres qui ne collaborent pas avec l\u2019\u00e9glise <\/b>La collaboration entre les oeuvres et les \u00e9glises est parfois d\u00e9licate. Une certaine incompr\u00e9hension, un d\u00e9faut de communication, un sentiment de concurrence accroissent la difficult\u00e9 de collaboration.<\/div>\n<div style=\"text-align: justify;\">\u00a0<\/div>\n<div style=\"text-align: justify;\">\u00a0<\/div>\n<div style=\"text-align: center;\"><strong>A.S. <\/strong><\/div>\n","protected":false},"excerpt":{"rendered":"<p>Force et faiblesse entre oeuvres et \u00e9glises &nbsp; Par Alain Soudrain &nbsp; &nbsp; L\u2019articulation entre \u00e9glises et \u0153uvres &nbsp; \u00a0\u00a0\u00a0\u00a0\u00a0\u00a0\u00a0\u00a0\u00a0\u00a0\u00a0 Force est de constater que tout au long de l\u2019Histoire, l\u2019\u00e9glise locale s\u2019est g\u00e9n\u00e9ralement plus souvent investie dans une dynamique d\u2019engagement spirituel (\u00e9vang\u00e9lisation, enseignement biblique de base, pastorat) au d\u00e9triment du social et m\u00eame de [&hellip;]<\/p>\n","protected":false},"author":19,"featured_media":0,"comment_status":"closed","ping_status":"closed","sticky":false,"template":"","format":"standard","meta":{"footnotes":""},"categories":[14,9],"tags":[],"class_list":["post-199","post","type-post","status-publish","format-standard","hentry","category-eglises-et-oeuvres","category-oeuvres-et-missions"],"_links":{"self":[{"href":"https:\/\/www.servir.caef.net\/index.php?rest_route=\/wp\/v2\/posts\/199","targetHints":{"allow":["GET"]}}],"collection":[{"href":"https:\/\/www.servir.caef.net\/index.php?rest_route=\/wp\/v2\/posts"}],"about":[{"href":"https:\/\/www.servir.caef.net\/index.php?rest_route=\/wp\/v2\/types\/post"}],"author":[{"embeddable":true,"href":"https:\/\/www.servir.caef.net\/index.php?rest_route=\/wp\/v2\/users\/19"}],"replies":[{"embeddable":true,"href":"https:\/\/www.servir.caef.net\/index.php?rest_route=%2Fwp%2Fv2%2Fcomments&post=199"}],"version-history":[{"count":0,"href":"https:\/\/www.servir.caef.net\/index.php?rest_route=\/wp\/v2\/posts\/199\/revisions"}],"wp:attachment":[{"href":"https:\/\/www.servir.caef.net\/index.php?rest_route=%2Fwp%2Fv2%2Fmedia&parent=199"}],"wp:term":[{"taxonomy":"category","embeddable":true,"href":"https:\/\/www.servir.caef.net\/index.php?rest_route=%2Fwp%2Fv2%2Fcategories&post=199"},{"taxonomy":"post_tag","embeddable":true,"href":"https:\/\/www.servir.caef.net\/index.php?rest_route=%2Fwp%2Fv2%2Ftags&post=199"}],"curies":[{"name":"wp","href":"https:\/\/api.w.org\/{rel}","templated":true}]}}