{"id":2080,"date":"2007-03-17T14:26:51","date_gmt":"2007-03-17T14:26:51","guid":{"rendered":"\/?p=2080"},"modified":"2016-09-16T09:44:50","modified_gmt":"2016-09-16T09:44:50","slug":"priere-et-predication-de-l%e2%80%99evangile-chez-moody","status":"publish","type":"post","link":"https:\/\/www.servir.caef.net\/?p=2080","title":{"rendered":"Pri\u00e8re et pr\u00e9dication de l\u2019Evangile chez Moody"},"content":{"rendered":"<h1 style=\"text-align: center;\">Pri\u00e8re et temp\u00e9rament<sub>1<\/sub><\/h1>\n<p>&nbsp;<\/p>\n<h3 style=\"text-align: center;\">\u00a0<\/h3>\n<h3><img loading=\"lazy\" decoding=\"async\" class=\"alignnone size-full wp-image-780\" title=\"colombe\" src=\"\/wp-content\/uploads\/2011\/03\/colombe.jpg\" alt=\"\" width=\"175\" height=\"160\" align=\"left\" hspace=\"10\" vspace=\"10\" \/><\/h3>\n<p style=\"background-color: #add8e6; text-align: center;\"><big><strong>\u00c9vang\u00e9liser aujourd\u2019hui<br \/> Rubrique de la Commission d\u2019\u00c9vang\u00e9lisation et d\u2019Implantation d\u2019Eglises (CEIE) des CAEF<\/strong><\/big><\/p>\n<h3>\u00a0<\/h3>\n<h3 style=\"text-align: justify;\">Une des illustrations les plus remarquables du pouvoir de la pri\u00e8re peut \u00eatre tir\u00e9e de la vie de Moody. La pri\u00e8re explique sa carri\u00e8re incomparable et unique de revivaliste.<\/h3>\n<p>&nbsp;<\/p>\n<p><!--more--><\/p>\n<p><a href=\"\/wp-content\/uploads\/2007\/pdf2007\/Servir2007_2.pdf#page=24\" target=\"_blank\"><img loading=\"lazy\" decoding=\"async\" title=\"iconePDF\" src=\"\/wp-content\/uploads\/2011\/01\/iconePDF.jpg\" alt=\"\" width=\"81\" height=\"76\" align=\"right\" hspace=\"8\" vspace=\"8\" \/><\/a><\/p>\n<p style=\"text-align: justify;\">La derni\u00e8re fois que je l&rsquo;entendis, \u00e9crit S. D. Gordon. ce fut dans sa propre \u00e9glise de Chicago et, si je ne fais erreur, quelques mois avant sa mort. Un matin, dans cette vieille \u00e9glise, c\u00e9l\u00e8bre par son influence, il nous raconta le d\u00e9but de son minist\u00e8re d&rsquo;\u00e9vang\u00e9liste. Il remonta jusqu&rsquo;en 1871, o\u00f9 il d\u00e9cida d&rsquo;aller \u00e0 l&rsquo;\u00e9cole des grands pr\u00e9dicateurs de l&rsquo;Europe : \u00ab J&rsquo;arrivais \u00e0 Londres, et l\u00e0 je profitais de toutes les occasions possibles d&rsquo;entendre les pr\u00e9dicateurs anglais comme Spurgeon au Metropolitan Tabernacle. Un pasteur m&rsquo;ayant vu distribuer des trait\u00e9s et pr\u00eacher dans un parc me pria de venir dans son \u00e9glise le jour suivant. J&rsquo;acceptais son invitation. Je me trouvais en face d&rsquo;une grande affluence de fid\u00e8les. Je parlais, mais \u00e0 pr\u00e9sent encore, il me semble que c&rsquo;est le travail le plus p\u00e9nible que j&rsquo;aie jamais accompli. Je ne sentais aucun lien entre l&rsquo;auditoire et moi ; tous ces visages \u00e9taient impassibles ; ils ne r\u00e9pondaient pas \u00e0 ma voix ; vraiment, ils semblaient \u00eatre sculpt\u00e9s dans la pierre ou dans la glace. Quelle corv\u00e9e ! &#8230;<\/p>\n<p><img loading=\"lazy\" decoding=\"async\" class=\"alignnone size-full wp-image-2086\" title=\"Moody\" src=\"\/wp-content\/uploads\/2007\/03\/Moody1.jpg\" alt=\"\" width=\"277\" height=\"373\" align=\"right\" hspace=\"10\" vspace=\"10\" srcset=\"https:\/\/www.servir.caef.net\/wp-content\/uploads\/2007\/03\/Moody1.jpg 277w, https:\/\/www.servir.caef.net\/wp-content\/uploads\/2007\/03\/Moody1-222x300.jpg 222w\" sizes=\"auto, (max-width: 277px) 100vw, 277px\" \/><\/p>\n<p style=\"text-align: justify;\">\u00a0<\/p>\n<p style=\"text-align: justify;\">Le soir, ce fut la m\u00eame chose : salle pleine, auditoire respectueux, mais ne manifestant aucun int\u00e9r\u00eat, ne vibrant pas. Et de nouveau j&rsquo;\u00e9tais au supplice quand tout \u00e0 coup, au milieu de mon discours, survint un changement. Il me sembla que les portes du ciel s&rsquo;ouvraient et qu&rsquo;un souffle vivifiant en descendait. L\u2019atmosph\u00e8re du b\u00e2timent se transforma : l&rsquo;expression de mes auditeurs, elle aussi, se transforma. J&rsquo;en fus si impressionn\u00e9 qu&rsquo;\u00e0 la fin de ma pr\u00e9dication, j&rsquo;invitais ceux qui voulaient \u00eatre chr\u00e9tiens \u00e0 se lever. Je pensais que quelques auditeurs r\u00e9pondraient \u00e0 mon appel ; aussi fus-je stup\u00e9fait de voir des groupes entiers. Je me tournais vers le ministre de l&rsquo;\u00e9glise et lui dis : \u2018\u2019 Qu&rsquo;est-ce que cela veut dire ? &#8211; Je vous assure que je n&rsquo;en sais rien, me r\u00e9pondit-il \u2019\u2019&#8230; Je fus invit\u00e9 \u00e0 rester dix jours. Le r\u00e9sultat de ces dix jours fut que l&rsquo;Eglise s&rsquo;augmenta de quatre cents membres et que les autres Eglises re\u00e7urent, par contrecoup, un \u00e9lan et une impulsion extraordinaires \u00bb.<br \/> \u00a0<\/p>\n<table style=\"width: 328px; height: 85px;\" border=\"1\" align=\"center\">\n<tbody>\n<tr>\n<td width=\"489\">\n<p style=\"line-height: 125%; margin: 4mm 5mm 2mm;\"><strong><em>\u00ab Travaillez comme si toutes choses d\u00e9pendaient de votre travail, et priez comme si toutes choses d\u00e9pendaient de vos pri\u00e8res. \u00bb<\/em><\/strong><\/p>\n<p style=\"line-height: 125%; margin: 2mm 5mm;\" align=\"right\"><strong>William. Booth<\/strong><\/p>\n<\/td>\n<\/tr>\n<\/tbody>\n<\/table>\n<p>&nbsp;<\/p>\n<p style=\"text-align: justify;\">\u00a0<\/p>\n<p style=\"text-align: justify;\">&#8230; Et maintenant, comment expliquer l&rsquo;\u0153uvre merveilleuse qui se fit ce dimanche-l\u00e0 et les jours qui suivirent ? Moody expliquait dans l&rsquo;un de ses derniers sermons, qu&rsquo;il n&rsquo;en \u00e9tait pas l&rsquo;initiateur. Il s&rsquo;\u00e9tait \u00e9videmment pass\u00e9 quelque chose de myst\u00e9rieux pendant ces dix jours \u00e0 Londres. Moody, avec sa p\u00e9n\u00e9tration habituelle, entreprit de d\u00e9couvrir ce secret. Il apprit qu&rsquo;une femme, membre de l&rsquo;Eglise o\u00f9 il fut invit\u00e9, devenue handicap\u00e9e, priait depuis longtemps que Dieu apporte un renouveau \u00e0 son Eglise. Elle ne pouvait m\u00eame plus participer au culte. Elle demandait au Seigneur depuis deux ans que Moody, jeune \u00e9vang\u00e9liste de Chicago, presque inconnu, auteur d&rsquo;un article qui l&rsquo;avait \u00e9mue, puisse venir \u00e0 son Eglise. L\u2019apr\u00e8s-midi de sa venue, sa s\u0153ur lui fit remarquer qu&rsquo;il avait pr\u00each\u00e9 le matin. Elle fut remplie de joie. Elle demanda de mani\u00e8re instante que Dieu agisse avec puissance lors du service du soir.<br \/> \u00a0<\/p>\n<p style=\"text-align: justify;\">Moody rencontra cette femme. Il garda toute sa vie en m\u00e9moire l&rsquo;efficacit\u00e9 de ces pri\u00e8res et attribua les fruits de son minist\u00e8re \u00e0 la pri\u00e8re fid\u00e8le de plusieurs personnes, dont cette femme.<br \/> \u00a0<\/p>\n<hr \/>\n<p>Note<\/p>\n<p>&nbsp;<\/p>\n<p><strong>1.<\/strong> : Adaptation d\u2019un t\u00e9moignage de S.D.Gordon (tir\u00e9 de son livre, Simples entretiens avec la pri\u00e8re, Editions Viens et Vois), publi\u00e9 en anglais en 1904. Adaptation r\u00e9alis\u00e9e par Reynald Kozycki.<\/p>\n","protected":false},"excerpt":{"rendered":"<p>Pri\u00e8re et temp\u00e9rament1 &nbsp; \u00a0 \u00c9vang\u00e9liser aujourd\u2019hui Rubrique de la Commission d\u2019\u00c9vang\u00e9lisation et d\u2019Implantation d\u2019Eglises (CEIE) des CAEF \u00a0 Une des illustrations les plus remarquables du pouvoir de la pri\u00e8re peut \u00eatre tir\u00e9e de la vie de Moody. La pri\u00e8re explique sa carri\u00e8re incomparable et unique de revivaliste. &nbsp;<\/p>\n","protected":false},"author":16,"featured_media":0,"comment_status":"closed","ping_status":"closed","sticky":false,"template":"","format":"standard","meta":{"footnotes":""},"categories":[4,8,35,24],"tags":[],"class_list":["post-2080","post","type-post","status-publish","format-standard","hentry","category-biographies","category-evangelisation","category-la-priere","category-le-saint-esprit"],"_links":{"self":[{"href":"https:\/\/www.servir.caef.net\/index.php?rest_route=\/wp\/v2\/posts\/2080","targetHints":{"allow":["GET"]}}],"collection":[{"href":"https:\/\/www.servir.caef.net\/index.php?rest_route=\/wp\/v2\/posts"}],"about":[{"href":"https:\/\/www.servir.caef.net\/index.php?rest_route=\/wp\/v2\/types\/post"}],"author":[{"embeddable":true,"href":"https:\/\/www.servir.caef.net\/index.php?rest_route=\/wp\/v2\/users\/16"}],"replies":[{"embeddable":true,"href":"https:\/\/www.servir.caef.net\/index.php?rest_route=%2Fwp%2Fv2%2Fcomments&post=2080"}],"version-history":[{"count":0,"href":"https:\/\/www.servir.caef.net\/index.php?rest_route=\/wp\/v2\/posts\/2080\/revisions"}],"wp:attachment":[{"href":"https:\/\/www.servir.caef.net\/index.php?rest_route=%2Fwp%2Fv2%2Fmedia&parent=2080"}],"wp:term":[{"taxonomy":"category","embeddable":true,"href":"https:\/\/www.servir.caef.net\/index.php?rest_route=%2Fwp%2Fv2%2Fcategories&post=2080"},{"taxonomy":"post_tag","embeddable":true,"href":"https:\/\/www.servir.caef.net\/index.php?rest_route=%2Fwp%2Fv2%2Ftags&post=2080"}],"curies":[{"name":"wp","href":"https:\/\/api.w.org\/{rel}","templated":true}]}}