{"id":2100,"date":"2007-03-17T15:26:02","date_gmt":"2007-03-17T15:26:02","guid":{"rendered":"\/?p=2100"},"modified":"2016-09-27T07:02:59","modified_gmt":"2016-09-27T07:02:59","slug":"editorial-%c2%ab-p-r-i-e-r-%c2%bb","status":"publish","type":"post","link":"https:\/\/www.servir.caef.net\/?p=2100","title":{"rendered":"Editorial du n\u00b02 Mars-Avril 2007 &#8211; \u00ab P.R.I.E.R. \u00bb"},"content":{"rendered":"<h1 style=\"text-align: center;\"><a href=\"\/wp-content\/uploads\/2007\/03\/2007_02_00-couverture-PM.jpg\"><img loading=\"lazy\" decoding=\"async\" class=\" wp-image-7579 aligncenter\" src=\"\/wp-content\/uploads\/2007\/03\/2007_02_00-couverture-PM.jpg\" alt=\"2007_02_00 couverture PM\" width=\"520\" height=\"744\" srcset=\"https:\/\/www.servir.caef.net\/wp-content\/uploads\/2007\/03\/2007_02_00-couverture-PM.jpg 866w, https:\/\/www.servir.caef.net\/wp-content\/uploads\/2007\/03\/2007_02_00-couverture-PM-209x300.jpg 209w, https:\/\/www.servir.caef.net\/wp-content\/uploads\/2007\/03\/2007_02_00-couverture-PM-715x1024.jpg 715w\" sizes=\"auto, (max-width: 520px) 100vw, 520px\" \/><\/a><\/h1>\n<p style=\"text-align: center;\">\u00a0<\/p>\n<h1 style=\"text-align: center;\">&#8211; Editorial du n\u00b02 Mars-Avril 2007 &#8211;<\/h1>\n<p>&nbsp;<\/p>\n<h1 style=\"text-align: center;\">\u00ab P.R.I.E.R. \u00bb<\/h1>\n<p>&nbsp;<\/p>\n<p><span style=\"color: #b22222;\"><span style=\"font-size: 16px;\"><b>Par Fran\u00e7oise Lombet<br \/> <\/b><\/span><\/span><\/p>\n<p>\u00a0<a href=\"\/wp-content\/uploads\/2013\/09\/F-Lombet.jpg\"><img loading=\"lazy\" decoding=\"async\" class=\"alignnone size-full wp-image-7305\" style=\"margin: 10px;\" src=\"\/wp-content\/uploads\/2013\/09\/F-Lombet.jpg\" alt=\"F Lombet\" width=\"95\" height=\"123\" \/><\/a><\/p>\n<p>&nbsp;<\/p>\n<h2 style=\"text-align: justify;\">P pour PARLER<\/h2>\n<p style=\"text-align: justify;\">Lorsque je veux prier, je pense d&rsquo;abord \u00e0 parler \u00e0 Dieu, lui soumettre mes requ\u00eates. L&rsquo;ap\u00f4tre Paul, lui-m\u00eame, nous encourage \u00e0 <strong><span style=\"background-color: #add8e6;\"><em>\u00ab faire conna\u00eetre nos besoins \u00e0 Dieu par des pri\u00e8res \u00bb (Ph 4.6)<\/em>.<\/span><\/strong> Parler, oui, \u00e0 haute voix ou par nos pens\u00e9es, mais que dire ?<\/p>\n<p style=\"text-align: justify;\">\u00a0<!--more--><\/p>\n<p style=\"text-align: justify;\">\u00a0<\/p>\n<h2 style=\"text-align: justify;\">R pour R\u00c9FL\u00c9CHIR<\/h2>\n<p style=\"text-align: justify;\">Nous nous adressons au Dieu Saint, alors \u00e9vitons les paroles vaines. Pour cela m\u00e9ditons sur Sa Parole jour et nuit<em> <strong><span style=\"background-color: #add8e6;\">(Jos 1.8). <\/span><span style=\"background-color: #add8e6;\">\u00ab Je me souviens, je me redis&#8230; et je m\u00e9dite sur l&rsquo;\u0153uvre de tes mains \u00bb (Ps 143.5)<\/span><\/strong><\/em>. Laissons-nous impr\u00e9gner des pens\u00e9es de Dieu.<\/p>\n<p style=\"text-align: justify;\">\u00a0<\/p>\n<p style=\"text-align: justify;\">\u00a0<\/p>\n<h2 style=\"text-align: justify;\">I pour INTERC\u00c9DER<\/h2>\n<p style=\"text-align: justify;\">L\u2019intercession est une pri\u00e8re de demande faite en faveur d&rsquo;autrui. <em><strong><span style=\"background-color: #add8e6;\">\u00ab Invoque-moi et je te r\u00e9pondrai \u00ab (Jr 33.3)<\/span><\/strong><\/em> nous dit Dieu qui entend nos cris, nos appels \u00e0 l&rsquo;aide, nos \u00ab pourquoi ? \u00bb. Paul constate que <strong><span style=\"background-color: #add8e6;\"><em>\u00ab nous ne savons pas prier comme il faut, mais l&rsquo;Esprit lui-m\u00eame interc\u00e8de&#8230; \u00bb {Rm 8.26 )<\/em>.<\/span><\/strong> Quel secours !<\/p>\n<p style=\"text-align: justify;\">\u00a0<\/p>\n<p style=\"text-align: justify;\">\u00a0<\/p>\n<h2 style=\"text-align: justify;\">E pour ECOUTER<\/h2>\n<p>Samuel dit : <strong><em><span style=\"background-color: #add8e6;\">\u00ab Parle, car ton serviteur \u00e9coute \u00bb. (1S 3.10).<br \/> <\/span><\/em><\/strong><br \/> Il est plus facile pour nous de parler que d&rsquo;\u00e9couter. Les pens\u00e9es se bousculent, les sujets de pri\u00e8re sont nombreux, le temps s&rsquo;\u00e9coule vite. Rappelons-nous qu&rsquo;<strong><span style=\"background-color: #add8e6;\"><em> \u00ab il est bon d&rsquo;attendre en silence de l&rsquo;Eternel la d\u00e9livrance \u00bb (Lm 3.26)<\/em>.<\/span><\/strong> Laissons \u00e0 Dieu la place pour qu&rsquo;il nous parle et qu&rsquo;il nous r\u00e9v\u00e8le ses pens\u00e9es.<\/p>\n<p style=\"text-align: justify;\">\u00a0<\/p>\n<p style=\"text-align: justify;\">\u00a0<\/p>\n<h2 style=\"text-align: justify;\">R pour RECEVOIR<\/h2>\n<p style=\"text-align: justify;\"><em><span style=\"background-color: #add8e6;\"><strong>\u00ab Celui qui demande re\u00e7oit \u00bb{Mt 7.8).<\/strong><\/span><\/em> Toutes nos pri\u00e8res sont entendues et re\u00e7oivent une r\u00e9ponse qu&rsquo;il faut discerner. Si nous avons parl\u00e9 \u00e0 Dieu, r\u00e9fl\u00e9chi sur Sa Parole, interc\u00e9d\u00e9 et \u00e9cout\u00e9, alors nous recevrons la r\u00e9ponse de sa part et selon son plan.<br \/> \u00a0<\/p>\n<p style=\"text-align: justify;\">Nourrissez vos pri\u00e8res et votre m\u00e9ditation avec les enseignements qui suivent. Trouvez d&rsquo;autres mots pour discerner ce que P.R.I.E.R. signifie et \u00e9coutons Dieu nous dire : <em><strong><span style=\"background-color: #add8e6;\">\u00ab Re\u00e7ois dans ton c\u0153ur et \u00e9coute de tes oreilles toutes les paroles que je te dirai \u00bb (Ez 3.10).<\/span><\/strong><\/em><\/p>\n<p style=\"text-align: justify;\">\u00a0<\/p>\n<p style=\"text-align: justify;\">\u00a0<\/p>\n<p style=\"text-align: center;\"><strong>Fran\u00e7oise LOMBET<\/strong><\/p>\n","protected":false},"excerpt":{"rendered":"<p>\u00a0 &#8211; Editorial du n\u00b02 Mars-Avril 2007 &#8211; &nbsp; \u00ab P.R.I.E.R. \u00bb &nbsp; Par Fran\u00e7oise Lombet \u00a0 &nbsp; P pour PARLER Lorsque je veux prier, je pense d&rsquo;abord \u00e0 parler \u00e0 Dieu, lui soumettre mes requ\u00eates. L&rsquo;ap\u00f4tre Paul, lui-m\u00eame, nous encourage \u00e0 \u00ab faire conna\u00eetre nos besoins \u00e0 Dieu par des pri\u00e8res \u00bb (Ph 4.6). [&hellip;]<\/p>\n","protected":false},"author":50,"featured_media":0,"comment_status":"closed","ping_status":"closed","sticky":false,"template":"","format":"standard","meta":{"footnotes":""},"categories":[39,35,11],"tags":[],"class_list":["post-2100","post","type-post","status-publish","format-standard","hentry","category-editorial","category-la-priere","category-la-vie-du-chretien"],"_links":{"self":[{"href":"https:\/\/www.servir.caef.net\/index.php?rest_route=\/wp\/v2\/posts\/2100","targetHints":{"allow":["GET"]}}],"collection":[{"href":"https:\/\/www.servir.caef.net\/index.php?rest_route=\/wp\/v2\/posts"}],"about":[{"href":"https:\/\/www.servir.caef.net\/index.php?rest_route=\/wp\/v2\/types\/post"}],"author":[{"embeddable":true,"href":"https:\/\/www.servir.caef.net\/index.php?rest_route=\/wp\/v2\/users\/50"}],"replies":[{"embeddable":true,"href":"https:\/\/www.servir.caef.net\/index.php?rest_route=%2Fwp%2Fv2%2Fcomments&post=2100"}],"version-history":[{"count":0,"href":"https:\/\/www.servir.caef.net\/index.php?rest_route=\/wp\/v2\/posts\/2100\/revisions"}],"wp:attachment":[{"href":"https:\/\/www.servir.caef.net\/index.php?rest_route=%2Fwp%2Fv2%2Fmedia&parent=2100"}],"wp:term":[{"taxonomy":"category","embeddable":true,"href":"https:\/\/www.servir.caef.net\/index.php?rest_route=%2Fwp%2Fv2%2Fcategories&post=2100"},{"taxonomy":"post_tag","embeddable":true,"href":"https:\/\/www.servir.caef.net\/index.php?rest_route=%2Fwp%2Fv2%2Ftags&post=2100"}],"curies":[{"name":"wp","href":"https:\/\/api.w.org\/{rel}","templated":true}]}}