{"id":2152,"date":"2004-01-19T20:29:08","date_gmt":"2004-01-19T20:29:08","guid":{"rendered":"\/?p=2152"},"modified":"2016-07-21T13:45:50","modified_gmt":"2016-07-21T13:45:50","slug":"telespectateur-connais-toi-toi-meme","status":"publish","type":"post","link":"https:\/\/www.servir.caef.net\/?p=2152","title":{"rendered":"T\u00e9l\u00e9spectateur connais-toi toi-m\u00eame !"},"content":{"rendered":"<h1 style=\"text-align: center;\" align=\"JUSTIFY\">T\u00e9l\u00e9spectateur connais-toi toi-m\u00eame !<\/h1>\n<p align=\"JUSTIFY\">\u00a0<a href=\"\/wp-content\/uploads\/2009\/09\/tol\u00e9rance.jpg\"><img loading=\"lazy\" decoding=\"async\" class=\"  wp-image-891 aligncenter\" src=\"\/wp-content\/uploads\/2009\/09\/tol\u00e9rance.jpg\" alt=\"tol\u00e9rance\" width=\"363\" height=\"195\" srcset=\"https:\/\/www.servir.caef.net\/wp-content\/uploads\/2009\/09\/tol\u00e9rance.jpg 543w, https:\/\/www.servir.caef.net\/wp-content\/uploads\/2009\/09\/tol\u00e9rance-300x161.jpg 300w\" sizes=\"auto, (max-width: 363px) 100vw, 363px\" \/><\/a><\/p>\n<p align=\"JUSTIFY\"><strong>par <span style=\"font-size: 16px;\"><span style=\"color: #b22222;\">Alain Stamp <\/span><\/span><\/strong><\/p>\n<p align=\"JUSTIFY\">\u00a0<\/p>\n<p align=\"JUSTIFY\">\u00a0<\/p>\n<p>&nbsp;<\/p>\n<p align=\"JUSTIFY\">La t\u00e9l\u00e9 n&rsquo;est pas un appareil domestique comme les autres. Surtout parce qu&rsquo;elle offre un spectacle permanent, illimit\u00e9. Spectacle dont nous ne pouvons pas nous passer et dont il ne faut surtout pas nous priver, pas plus que nos enfants !<\/p>\n<p align=\"JUSTIFY\">\u00a0<\/p>\n<p align=\"JUSTIFY\"><!--more--><\/p>\n<p align=\"JUSTIFY\"><a href=\"\/wp-content\/uploads\/2004\/pdf2004\/2004_01_12_telespectateurconnaistoitoimeme.pdf\" target=\"_blank\"><img loading=\"lazy\" decoding=\"async\" title=\"iconePDF\" src=\"\/wp-content\/uploads\/2011\/01\/iconePDF.jpg\" alt=\"\" width=\"81\" height=\"76\" align=\"right\" hspace=\"8\" vspace=\"8\" \/><\/a>Les Fran\u00e7ais regardent la t\u00e9l\u00e9vision en moyenne 3h 20 par jour. Celle-ci est allum\u00e9e quotidiennement dans un foyer 5h 31<strong><sub>1<\/sub><\/strong>. Le temps pass\u00e9 devant la t\u00e9l\u00e9vision repr\u00e9sente pr\u00e8s de 45 % du temps de loisirs, contre 11% consacr\u00e9 \u00e0 la lecture et 13% \u00e0 la conversation. 73 % des Fran\u00e7ais affirment la regarder tous les jours. 21% reconnaissent regarder la t\u00e9l\u00e9 m\u00eame si le programme les ennuie. 34 % estiment qu&rsquo;ils ressentiraient un grand vide si on leur retirait leur poste. 25 % se sentiraient isol\u00e9s et 22 % s&rsquo;ennuieraient. 59% affirment qu&rsquo;ils en profiteraient pour faire autre chose ! Quant aux enfants, ils passent plus de temps devant la t\u00e9l\u00e9 qu&rsquo;en classe !<\/p>\n<p align=\"JUSTIFY\">\u00a0<\/p>\n<p align=\"JUSTIFY\">Aucune statistique sp\u00e9cifique n&rsquo;\u00e9tudie le comportement des chr\u00e9tiens devant leur poste. Pourquoi nos habitudes t\u00e9l\u00e9visuelles seraient-elles diff\u00e9rentes de celles de nos concitoyens ? Comme eux, devant l&rsquo;\u00e9cran, nous sommes obligatoirement passifs. Fatalement, nous perdons la notion du temps. Ainsi, que nous soyions conscients ou non, la t\u00e9l\u00e9 mange beaucoup plus de notre temps que nous ne voulons bien l&rsquo;admettre.<\/p>\n<p align=\"JUSTIFY\">\u00a0<\/p>\n<p align=\"JUSTIFY\">Alors que les chr\u00e9tiens se plaignent du manque de temps pour Dieu, que les \u00c9glises se lamentent sur le peu de disponibilit\u00e9 de leurs membres pour la pri\u00e8re, l&rsquo;\u00e9tude biblique, les activit\u00e9s d&rsquo;\u00e9vang\u00e9lisation, ayons le courage de nous poser certaines questions.<\/p>\n<p align=\"JUSTIFY\">\u00a0<\/p>\n<p align=\"JUSTIFY\">Combien de temps est-ce que je consacre \u00e0 la t\u00e9l\u00e9 chaque jour ? Combien de temps mes enfants regardent-ils le petit \u00e9cran ? Combien de temps est consacr\u00e9 \u00e0 d&rsquo;autres loisirs, comme la discussion, la lecture ? Combien de temps \u00e0 la lecture de la Parole de Dieu, \u00e0 son \u00e9tude, \u00e0 la pri\u00e8re, au culte familial, \u00e0 la pri\u00e8re ensemble ?<\/p>\n<p align=\"JUSTIFY\">\u00a0<\/p>\n<p align=\"JUSTIFY\">La gestion de notre temps en dit long sur nos v\u00e9ritables affections. On a toujours du temps pour ce que l&rsquo;on aime. <em><span style=\"background-color: #add8e6;\">Car l\u00e0 o\u00f9 est ton tr\u00e9sor, l\u00e0 sera aussi ton c\u0153ur a dit J\u00e9sus<\/span><\/em><strong><sub><em><span style=\"background-color: #add8e6;\">2<\/span><\/em><\/sub><\/strong><sub>.<\/sub><\/p>\n<p align=\"JUSTIFY\">\u00a0<\/p>\n<p align=\"CENTER\"><b>A. S. <\/b><\/p>\n<p align=\"JUSTIFY\">\u00a0<\/p>\n<hr \/>\n<p align=\"JUSTIFY\">\u00a0NOTES<\/p>\n<p>&nbsp;<\/p>\n<p align=\"JUSTIFY\">\u00a0<\/p>\n<p align=\"JUSTIFY\"><strong>1.<\/strong> Source : M\u00e9diamat &#8211; M\u00e9diam\u00e9trie pour 2002.<\/p>\n<p align=\"JUSTIFY\">\u00a0<\/p>\n<p align=\"JUSTIFY\"><strong>2.<\/strong> Mt 6.21.<\/p>\n<p align=\"JUSTIFY\">\u00a0<\/p>\n","protected":false},"excerpt":{"rendered":"<p>T\u00e9l\u00e9spectateur connais-toi toi-m\u00eame ! \u00a0 par Alain Stamp \u00a0 \u00a0 &nbsp; La t\u00e9l\u00e9 n&rsquo;est pas un appareil domestique comme les autres. Surtout parce qu&rsquo;elle offre un spectacle permanent, illimit\u00e9. Spectacle dont nous ne pouvons pas nous passer et dont il ne faut surtout pas nous priver, pas plus que nos enfants ! \u00a0<\/p>\n","protected":false},"author":89,"featured_media":0,"comment_status":"closed","ping_status":"closed","sticky":false,"template":"","format":"standard","meta":{"footnotes":""},"categories":[16,91,11],"tags":[],"class_list":["post-2152","post","type-post","status-publish","format-standard","hentry","category-le-chretien-et-la-societe","category-medias","category-la-vie-du-chretien"],"_links":{"self":[{"href":"https:\/\/www.servir.caef.net\/index.php?rest_route=\/wp\/v2\/posts\/2152","targetHints":{"allow":["GET"]}}],"collection":[{"href":"https:\/\/www.servir.caef.net\/index.php?rest_route=\/wp\/v2\/posts"}],"about":[{"href":"https:\/\/www.servir.caef.net\/index.php?rest_route=\/wp\/v2\/types\/post"}],"author":[{"embeddable":true,"href":"https:\/\/www.servir.caef.net\/index.php?rest_route=\/wp\/v2\/users\/89"}],"replies":[{"embeddable":true,"href":"https:\/\/www.servir.caef.net\/index.php?rest_route=%2Fwp%2Fv2%2Fcomments&post=2152"}],"version-history":[{"count":0,"href":"https:\/\/www.servir.caef.net\/index.php?rest_route=\/wp\/v2\/posts\/2152\/revisions"}],"wp:attachment":[{"href":"https:\/\/www.servir.caef.net\/index.php?rest_route=%2Fwp%2Fv2%2Fmedia&parent=2152"}],"wp:term":[{"taxonomy":"category","embeddable":true,"href":"https:\/\/www.servir.caef.net\/index.php?rest_route=%2Fwp%2Fv2%2Fcategories&post=2152"},{"taxonomy":"post_tag","embeddable":true,"href":"https:\/\/www.servir.caef.net\/index.php?rest_route=%2Fwp%2Fv2%2Ftags&post=2152"}],"curies":[{"name":"wp","href":"https:\/\/api.w.org\/{rel}","templated":true}]}}