{"id":2252,"date":"2004-03-23T10:03:53","date_gmt":"2004-03-23T10:03:53","guid":{"rendered":"\/?p=2252"},"modified":"2016-08-08T17:28:27","modified_gmt":"2016-08-08T17:28:27","slug":"une-equipe-om-une-grace-pour-une-eglise","status":"publish","type":"post","link":"https:\/\/www.servir.caef.net\/?p=2252","title":{"rendered":"Une \u00e9quipe OM : une gr\u00e2ce pour une Eglise"},"content":{"rendered":"<h1 style=\"text-align: center;\" align=\"JUSTIFY\"><a href=\"https:\/\/fr.om.org\/\"><img loading=\"lazy\" decoding=\"async\" class=\" size-full wp-image-9019 alignleft\" src=\"\/wp-content\/uploads\/2004\/03\/omfrance.jpg\" alt=\"omfrance\" width=\"146\" height=\"122\" \/><\/a>\u00a0Une \u00e9quipe OM : une gr\u00e2ce pour une Eglise<\/h1>\n<p>&nbsp;<\/p>\n<p align=\"JUSTIFY\">\u00a0<a href=\"\/wp-content\/uploads\/2015\/01\/interview.jpg\"><img loading=\"lazy\" decoding=\"async\" class=\" size-full wp-image-8710 aligncenter\" src=\"\/wp-content\/uploads\/2015\/01\/interview.jpg\" alt=\"interview\" width=\"329\" height=\"126\" srcset=\"https:\/\/www.servir.caef.net\/wp-content\/uploads\/2015\/01\/interview.jpg 329w, https:\/\/www.servir.caef.net\/wp-content\/uploads\/2015\/01\/interview-300x114.jpg 300w\" sizes=\"auto, (max-width: 329px) 100vw, 329px\" \/><\/a><\/p>\n<p align=\"JUSTIFY\"><strong>par <span style=\"color: #b22222;\"><span style=\"font-size: 16px;\">Philippe Tra\u00ebnckle<\/span><\/span><\/strong><\/p>\n<h3>\u00a0<\/h3>\n<h3><a href=\"\/wp-content\/uploads\/2014\/04\/dialogue-2.jpg\"><img loading=\"lazy\" decoding=\"async\" class=\"alignleft wp-image-8166\" src=\"\/wp-content\/uploads\/2014\/04\/dialogue-2-150x150.jpg\" alt=\"dialogue-2\" width=\"50\" height=\"52\" \/><\/a>Depuis combien de temps avez-vous une \u00e9quipe ?<\/h3>\n<p align=\"JUSTIFY\">\u00a0<\/p>\n<p>&nbsp;<\/p>\n<p align=\"JUSTIFY\">Depuis 2 ans. En 2002, sept filles de diff\u00e9rentes nationalit\u00e9s nous ont rejoints pour un an. Cette ann\u00e9e, nous avons une \u00e9quipe mixte compos\u00e9e de deux gar\u00e7ons (dont un Fran\u00e7ais) et quatre jeunes filles.<\/p>\n<h3>\u00a0<\/h3>\n<h3><!--more--><\/h3>\n<h3><a href=\"\/wp-content\/uploads\/2004\/pdf2004\/2004_02_22_uneequipeom.pdf\" target=\"_blank\"><img loading=\"lazy\" decoding=\"async\" title=\"iconePDF\" src=\"\/wp-content\/uploads\/2011\/01\/iconePDF.jpg\" alt=\"\" width=\"81\" height=\"76\" align=\"right\" hspace=\"8\" vspace=\"8\" \/><\/a><a href=\"\/wp-content\/uploads\/2014\/04\/dialogue-2.jpg\"><img loading=\"lazy\" decoding=\"async\" class=\"alignleft wp-image-8166\" src=\"\/wp-content\/uploads\/2014\/04\/dialogue-2-150x150.jpg\" alt=\"dialogue-2\" width=\"50\" height=\"52\" \/><\/a>Les \u00e9quipiers sont donc essentiellement des \u00e9trangers. N&rsquo;est-ce pas un obstacle \u00e0 l&rsquo;\u00e9vang\u00e9lisation ?<\/h3>\n<p align=\"JUSTIFY\">\u00a0<\/p>\n<p align=\"JUSTIFY\">Non, au contraire. C&rsquo;est parce qu&rsquo;ils sont \u00e9trangers qu&rsquo;ils nouent tr\u00e8s vite des relations. Dans les diff\u00e9rentes associations dans lesquelles nous les avons inscrits, les autres b\u00e9n\u00e9voles cherchent \u00e0 savoir pourquoi ils sont en France et quel est leur travail. Naturellement, les \u00ab\u00a0OMeurs parlent alors de l&rsquo;Eglise de Rez\u00e9 et de leur foi dans un fran\u00e7ais moyen, mais si exotique ! Au fur et \u00e0 mesure que l&rsquo;ann\u00e9e s&rsquo;\u00e9coule, ils progressent dans la ma\u00eetrise de notre langue (ils suivent des cours) et les contacts s&rsquo;approfondissent.<\/p>\n<p align=\"JUSTIFY\">\u00a0<\/p>\n<h3><a href=\"\/wp-content\/uploads\/2014\/04\/dialogue-2.jpg\"><img loading=\"lazy\" decoding=\"async\" class=\"alignleft wp-image-8166\" src=\"\/wp-content\/uploads\/2014\/04\/dialogue-2-150x150.jpg\" alt=\"dialogue-2\" width=\"50\" height=\"52\" \/><\/a>Donc ce n&rsquo;est pas pour des Fran\u00e7ais&#8230;<\/h3>\n<p align=\"JUSTIFY\">\u00a0<\/p>\n<p align=\"JUSTIFY\">Si !! \u00ab\u00a0Nos \u00e9trangers\u00a0\u00bb ont un s\u00e9rieux effort \u00e0 faire pour s&rsquo;adapter \u00e0 la culture fran\u00e7aise. Et ils aimeraient bien avoir des co\u00e9quipiers du pays ! Des Fran\u00e7ais pourraient entrer de plain pied dans toutes sortes d&rsquo;activit\u00e9s publiques ; c&rsquo;est difficile quand on \u00e9corche trop la langue. Et puis cela montrerait que l&rsquo;Evangile n&rsquo;est pas bon que pour les \u00e9trangers. Que des Fran\u00e7ais y croient ! et s&rsquo;engagent avec le Christ dans leur vie personnelle.<\/p>\n<p align=\"JUSTIFY\">\u00a0<\/p>\n<h3><a href=\"\/wp-content\/uploads\/2014\/04\/dialogue-2.jpg\"><img loading=\"lazy\" decoding=\"async\" class=\"alignleft wp-image-8166\" src=\"\/wp-content\/uploads\/2014\/04\/dialogue-2-150x150.jpg\" alt=\"dialogue-2\" width=\"50\" height=\"52\" \/><\/a>Que font ils ?<\/h3>\n<p align=\"JUSTIFY\">\u00a0<\/p>\n<p align=\"JUSTIFY\">Je leur laisse la parole :<\/p>\n<p align=\"JUSTIFY\">\u00a0<\/p>\n<h3><span style=\"font-size: 12px;\">Wiebke, 20 ans, allemande, cheftaine Claires Flammes :<\/span><\/h3>\n<p align=\"JUSTIFY\">\u00a0<\/p>\n<p align=\"JUSTIFY\">\u00ab\u00a0Nous rendons par exemple visite \u00e0 Laurent (homme handicap\u00e9, qui vient r\u00e9guli\u00e8rement au culte), chaque semaine et nous lisons la Bible avec lui. Nous avons lu tout l&rsquo;\u00e9vangile de Marc. C&rsquo;est une bonne occasion d&rsquo;am\u00e9liorer \u00e0 la fois notre fran\u00e7ais et de. partager la Parole de Dieu. Merci pour vos pri\u00e8res ! Je pense qu&rsquo;elles sont vraiment importantes pour notre travail ici.\u00a0\u00bb<\/p>\n<p align=\"JUSTIFY\">\u00a0<\/p>\n<h3><span style=\"font-size: 12px;\">Anna, 19 ans, su\u00e9doise, cheftaine Claires Flammes :<\/span><\/h3>\n<p align=\"JUSTIFY\">\u00a0<\/p>\n<p align=\"JUSTIFY\">\u00ab\u00a0Sur le trajet Nantes-Dinard pour retourner en Su\u00e8de \u00e0 No\u00ebl, j&rsquo;ai eu la possibilit\u00e9 de parler \u00e0 un gars musulman dans le train. C&rsquo;\u00e9tait vraiment encourageant pour moi parce que je pouvais t\u00e9moigner EN FRAN\u00c7AIS. Je sais que Dieu a utilis\u00e9 mon fran\u00e7ais terrible et je pense que cette conversation a donn\u00e9 beaucoup de pens\u00e9es spirituelles au gars musulman.\u00a0\u00bb<\/p>\n<p align=\"JUSTIFY\">\u00a0<\/p>\n<h3><span style=\"font-size: 12px;\">Kristi, canadienne, 22 ans :<\/span><\/h3>\n<p align=\"JUSTIFY\">\u00a0<\/p>\n<p align=\"JUSTIFY\">\u00ab\u00a0Nous avons une vieille voisine que l&rsquo;\u00e9quipe de l&rsquo;ann\u00e9e derni\u00e8re a rencontr\u00e9e. Depuis septembre, nous lui rendons visite \u00e0 peu pr\u00e8s une fois par semaine. Souvent, quand nous voulons partir, elle commence \u00e0 parler de beaucoup d&rsquo;autres choses et elle a des larmes aux yeux. Elle a plus de 80 ans et je pense qu&rsquo;elle est tr\u00e8s seule. Elle est d\u00e9j\u00e0 venue \u00e0 l&rsquo;Eglise une fois cette ann\u00e9e. Chez nous, elle a entendu l&rsquo;\u00e9vangile et elle a re\u00e7u une Bible. J&rsquo;esp\u00e8re qu&rsquo;elle comprendra et recevra l&rsquo;\u00e9vangile.\u00a0\u00bb<\/p>\n<p align=\"JUSTIFY\">\u00a0<\/p>\n<h3><a href=\"\/wp-content\/uploads\/2014\/04\/dialogue-2.jpg\"><img loading=\"lazy\" decoding=\"async\" class=\"alignleft wp-image-8166\" src=\"\/wp-content\/uploads\/2014\/04\/dialogue-2-150x150.jpg\" alt=\"dialogue-2\" width=\"50\" height=\"52\" \/><\/a>En quoi une \u00e9quipe d&rsquo;OM est-elle une gr\u00e2ce pour une \u00e9glise ?<\/h3>\n<p align=\"JUSTIFY\">\u00a0<\/p>\n<p align=\"JUSTIFY\">C&rsquo;est une gr\u00e2ce parce que sa pr\u00e9sence accro\u00eet pour l&rsquo;Eglise la possibilit\u00e9 d&rsquo;\u00eatre pr\u00e9sente, visible, dans notre ville de Rez\u00e9 par exemple. C&rsquo;est une gr\u00e2ce parce qu&rsquo;une \u00e9quipe, ce sont des chr\u00e9tiens suppl\u00e9mentaires avec leurs dons divers et compl\u00e9mentaires (fondamental dans nos \u00e9glises !) et leur disponibilit\u00e9 (toutes les apr\u00e8s-midi sont consacr\u00e9es \u00e0 l&rsquo;\u00e9vang\u00e9lisation).<\/p>\n<p align=\"JUSTIFY\">\u00a0<\/p>\n<p align=\"JUSTIFY\">C&rsquo;est une gr\u00e2ce parce qu&rsquo;ils manifestent que Dieu les a appel\u00e9s et par leur pr\u00e9sence ils montrent une chose essentielle de la vie chr\u00e9tienne : l&rsquo;ob\u00e9issance.<\/p>\n<p align=\"JUSTIFY\">\u00a0<\/p>\n<p align=\"JUSTIFY\">Si ce n&rsquo;est pas d\u00e9mobilisant pour une \u00e9glise, est-ce que, a contrario, cela n&rsquo;engendre pas un travail suppl\u00e9mentaire pour l&rsquo;\u00e9glise ?<\/p>\n<p align=\"JUSTIFY\">\u00a0<\/p>\n<p align=\"JUSTIFY\">Non, parce qu&rsquo;une \u00e9quipe est encadr\u00e9e par des permanents d&rsquo;OM qui assurent la formation biblique et le suivi personnel de chacun des \u00e9quipiers. Pour ce qui est du fruit de leur travail, nous ne sommes pas encore d\u00e9bord\u00e9s ; si seulement nous pouvions l&rsquo;\u00eatre !<\/p>\n<p align=\"JUSTIFY\">\u00a0<\/p>\n<h3><a href=\"\/wp-content\/uploads\/2014\/04\/dialogue-2.jpg\"><img loading=\"lazy\" decoding=\"async\" class=\"alignleft wp-image-8166\" src=\"\/wp-content\/uploads\/2014\/04\/dialogue-2-150x150.jpg\" alt=\"dialogue-2\" width=\"50\" height=\"52\" \/><\/a>Et l&rsquo;aspect financier ?<\/h3>\n<p align=\"JUSTIFY\">\u00a0<\/p>\n<p align=\"JUSTIFY\">OM ne nous demande rien. Mais, \u00e0 Rez\u00e9, il nous semble que cela est biblique de participer, m\u00eame modestement, aux frais li\u00e9s \u00e0 leur pr\u00e9sence et c&rsquo;est ce que nous faisons.<\/p>\n<p align=\"JUSTIFY\">\u00a0<\/p>\n<h3><a href=\"\/wp-content\/uploads\/2014\/04\/dialogue-2.jpg\"><img loading=\"lazy\" decoding=\"async\" class=\"alignleft wp-image-8166\" src=\"\/wp-content\/uploads\/2014\/04\/dialogue-2-150x150.jpg\" alt=\"dialogue-2\" width=\"50\" height=\"52\" \/><\/a>Faire partie d&rsquo;une \u00e9quipe OM, est-ce aussi une gr\u00e2ce<\/h3>\n<h3>pour un jeune qui s&rsquo;y engage ?<\/h3>\n<p align=\"JUSTIFY\">\u00a0<\/p>\n<p align=\"JUSTIFY\"><span style=\"font-size: 12px;\"><strong>Anna :<\/strong><\/span><\/p>\n<p align=\"JUSTIFY\">\u00a0<\/p>\n<p align=\"JUSTIFY\">\u00ab\u00a0Depuis que j&rsquo;ai joint OM en septembre, j&rsquo;ai appris beaucoup de nouvelles choses au sujet de la vie, de Dieu et de moi-m\u00eame. Mon but et mes d\u00e9sirs dans la vie sont devenus plus clairs pour moi depuis que je me suis d\u00e9plac\u00e9e en France. J&rsquo;ai appris \u00e0 \u00eatre ouverte \u00e0 Dieu dans tout ce que je fais, et \u00e0 cause de cela, il peut vraiment m&#8217;employer chaque jour dans tous les petits \u00e9v\u00e9nements d&rsquo;une journ\u00e9e. C&rsquo;est merveilleux de voir comment Dieu peut faire son travail \u00e0 travers nous, juste si nous sommes dispos\u00e9s \u00e0 \u00eatre utilis\u00e9s, non pas \u00e0 notre mani\u00e8re, mais \u00e0 la sienne.\u00a0\u00bb<\/p>\n<p align=\"JUSTIFY\">\u00a0<\/p>\n<p>&nbsp;<\/p>\n<p align=\"JUSTIFY\">\u00a0<\/p>\n<p align=\"JUSTIFY\"><strong><span style=\"font-size: 12px;\">Grant, 22 ans, am\u00e9ricain, chef d&rsquo;\u00e9quipe, responsable du groupe de jeunes :<\/span><\/strong><\/p>\n<p align=\"JUSTIFY\">\u00a0<\/p>\n<p align=\"JUSTIFY\">\u00ab\u00a0Je suis venu en France pour apprendre sur moi-m\u00eame et sur la mission. Je voudrais \u00eatre pasteur. J&rsquo;ai besoin d&rsquo;exp\u00e9rience personnelle avant de poursuivre mes \u00e9tudes. Quand je travaille ici, je grandis dans ma foi, dans mes relations avec les autres, dans mes dons spirituels et dans ma compr\u00e9hension de l&rsquo;Eglise universelle. (Pas juste mes \u00c9glises aux Etats-Unis). L&rsquo;Europe a besoin de l&rsquo;Evangile et je veux essayer de l&rsquo;apporter ici.\u00a0\u00bb<\/p>\n<p align=\"JUSTIFY\">\u00a0<\/p>\n<p align=\"JUSTIFY\"><strong><span style=\"font-size: 12px;\">Mirjam, 18ans, allemande : <\/span><\/strong><\/p>\n<p align=\"JUSTIFY\">\u00a0<\/p>\n<p align=\"JUSTIFY\">\u00ab\u00a0Je suis avec OM parce que j&rsquo;ai vu, quand j&rsquo;\u00e9tais \u00e0 une campagne TTM (campagne pour ados organis\u00e9e par OM) qu&rsquo;en France, il y a vraiment besoin de chr\u00e9tiens qui parlent de J\u00e9sus. Avant cela, je ne voulais vraiment pas entendre parler de mission. Depuis que je suis ici, j&rsquo;ai appris beaucoup de choses de la part de Dieu. Mon truc pr\u00e9f\u00e9r\u00e9 ici, c&rsquo;est de faire un club d&rsquo;enfants chez les gitans.\u00a0\u00bb<\/p>\n<p align=\"JUSTIFY\">\u00a0<\/p>\n<p align=\"JUSTIFY\"><span style=\"font-size: 12px;\"><strong>Un partenariat OM, c&rsquo;est aussi une aide appr\u00e9ciable pour les CAEF<\/strong><\/span><\/p>\n<p align=\"JUSTIFY\">\u00a0<\/p>\n<p align=\"JUSTIFY\">En mettant des \u00e9quipes OM \u00e0 la disposition de nos Eglises (pionni\u00e8res ou \u00e9tablies) ou en apportant une aide dans l&rsquo;\u00e9vang\u00e9lisation durant une campagne d&rsquo;\u00e9t\u00e9, l&rsquo;exp\u00e9rience montre que c&rsquo;est une vraie b\u00e9n\u00e9diction pour notre famille CAEF. C&rsquo;est d&rsquo;ailleurs dans ce sens qu&rsquo;un partenariat existe entre OM et les CAEF depuis quelques ann\u00e9es. Et \u00e0 ce titre, nous sommes encourag\u00e9s \u00e0 nous mobiliser.<\/p>\n<p align=\"JUSTIFY\">\u00a0<\/p>\n<p align=\"JUSTIFY\">Un temps dans une \u00e9quipe d&rsquo;OM marque positivement un jeune pour la vie ! Les exp\u00e9riences qu&rsquo;il vit l&rsquo;enracinent dans la foi et lui donnent une nouvelle vision de la mission de l&rsquo;Eglise. Les jeunes de nos assembl\u00e9es auraient beaucoup \u00e0 gagner en s&rsquo;engageant dans une \u00e9quipe pour un \u00e9t\u00e9 ou pour une ann\u00e9e ! Il faudrait que nos anciens les y encouragent&#8230;<\/p>\n<p align=\"JUSTIFY\">\u00a0<\/p>\n<p align=\"JUSTIFY\"><strong><span style=\"font-size: 12px;\">Comment ?<\/span><\/strong><\/p>\n<p align=\"JUSTIFY\">\u00a0<\/p>\n<p align=\"JUSTIFY\">Si vous \u00eates parents, grand-parents, et surtout anciens&#8230;, pourquoi ne pas prier, encourager et soutenir l&rsquo;ann\u00e9e d&rsquo;un jeune dans cette exp\u00e9rience unique ?<\/p>\n<p align=\"JUSTIFY\">\u00a0<\/p>\n<p align=\"JUSTIFY\">Si tu as entre 18 et 30 ans, pourquoi ne pas venir participer durant un an \u00e0 notre programme Global Action ? Tu pourrais approfondir ta connaissance de la Bible et apprendre \u00e0 partager ce tr\u00e9sor dans diff\u00e9rentes formes d&rsquo;\u00e9vang\u00e9lisation. Avec des jeunes d&rsquo;autres nations, tu pourras d\u00e9couvrir la joie de servir le Seigneur et participer \u00e0 l&rsquo;implantation d&rsquo;une \u00e9glise CAEF dans les Pays de la Loire&#8230;<\/p>\n<p align=\"JUSTIFY\">\u00a0<\/p>\n<p style=\"text-align: center;\"><strong>Ph. T.<\/strong><\/p>\n<p align=\"JUSTIFY\">\u00a0<\/p>\n<p align=\"JUSTIFY\"><span style=\"background-color: #add8e6;\"><em>\u00ab\u00a0Ouvrez les yeux et regardez les champs, ils sont pr\u00eats pour la moisson. Priez pour que le propri\u00e9taire de la moisson envoie davantage d&rsquo;ouvriers.\u00a0\u00bb<\/em><\/span><\/p>\n<p align=\"JUSTIFY\">\u00a0<\/p>\n<p>&nbsp;<\/p>\n<table style=\"width: 676px;\" border=\"1\" cellspacing=\"3\" cellpadding=\"2\">\n<colgroup>\n<col width=\"664\" \/><\/colgroup>\n<tbody>\n<tr>\n<td width=\"664\">\n<h3 style=\"text-align: center;\">Une campagne OM a \u00e9t\u00e9 une gr\u00e2ce pour moi !<\/h3>\n<p align=\"JUSTIFY\">Je m&rsquo;appelle Manu et je suis n\u00e9 en 1974. J&rsquo;ai grandi dans une famille ath\u00e9e. A l&rsquo;\u00e2ge de 12 ans, j&rsquo;ai entendu pour la premi\u00e8re fois parler de J\u00e9sus et de la Bible par le t\u00e9moignage d&rsquo;une famille, tr\u00e8s proche de mes parents, qui s&rsquo;\u00e9tait r\u00e9cemment \u00ab\u00a0convertie\u00a0\u00bb. Ma soif d&rsquo;en savoir plus fut imm\u00e9diate. Mais mes parents \u00e9taient tr\u00e8s vigilants face \u00e0 la nouvelle vie de leurs amis. Une ann\u00e9e plus tard, ma m\u00e8re passa par une d\u00e9pression nerveuse, mais gr\u00e2ce \u00e0 l&rsquo;hospitalit\u00e9 de ces amis et \u00e0 l&rsquo;annonce de l&rsquo;Evangile, ma m\u00e8re d\u00e9cida de laisser J\u00e9sus prendre les commandes de sa vie.<\/p>\n<p align=\"JUSTIFY\">\u00a0<\/p>\n<p align=\"JUSTIFY\">T\u00e9moin de la conversion de ma m\u00e8re, je pris la m\u00eame d\u00e9cision en avril 1987. Une nouvelle vie commen\u00e7a, remplie de d\u00e9couvertes : la Bible, la pri\u00e8re, le Centre Evang\u00e9lique du Mans (une Eglise CAEF). Un seul probl\u00e8me : <strong>o\u00f9 \u00e9taient les jeunes ?<\/strong> Le manque d&rsquo;amis chr\u00e9tiens de mon \u00e2ge \u00e9tait un fardeau.<\/p>\n<p align=\"JUSTIFY\">\u00a0<\/p>\n<p align=\"JUSTIFY\">Finalement en juillet 1992, une campagne avec OM eut lieu au Mans et ce fut le choc ! La joie immense de rencontrer d&rsquo;autres jeunes de diff\u00e9rents pays, qui avaient aussi donn\u00e9 \u00e0 J\u00e9sus la premi\u00e8re place dans leur vie. Je d\u00e9couvris, avec eux, la joie de partager la Bonne Nouvelle avec ceux de ma ville ; la place de la pri\u00e8re et de la Parole de Dieu redevinrent des priorit\u00e9s. L&rsquo;ann\u00e9e d&rsquo;apr\u00e8s, durant un congr\u00e8s d&rsquo;OM en Belgique, je r\u00e9pondis \u00e0 l&rsquo;appel de me lever et d&rsquo;offrir ma vie \u00e0 Dieu pour le servir dans le pays qu&rsquo;il voudrait&#8230;<\/p>\n<p align=\"JUSTIFY\">\u00a0<\/p>\n<p align=\"JUSTIFY\">Dix ann\u00e9es se sont \u00e9coul\u00e9es et c&rsquo;est finalement en France que Dieu a dirig\u00e9 mes pas au long de ces ann\u00e9es de formation. Aujourd&rsquo;hui, avec ma femme et nos deux filles, nous avons la joie de servir Dieu au sein d&rsquo;Op\u00e9ration Mobilisation dans les Pays de la Loire.<\/p>\n<p align=\"JUSTIFY\">\u00a0<\/p>\n<p style=\"text-align: right;\">Manu Renard<\/p>\n<p align=\"JUSTIFY\">Visitez notre site :<a href=\"http:\/\/www.fr.om.org\">www.fr.om.org<\/a><\/p>\n<\/td>\n<\/tr>\n<\/tbody>\n<\/table>\n<p>&nbsp;<\/p>\n<p align=\"JUSTIFY\">\u00a0<\/p>\n<p align=\"JUSTIFY\">\u00a0<\/p>\n","protected":false},"excerpt":{"rendered":"<p>\u00a0Une \u00e9quipe OM : une gr\u00e2ce pour une Eglise &nbsp; \u00a0 par Philippe Tra\u00ebnckle \u00a0 Depuis combien de temps avez-vous une \u00e9quipe ? \u00a0 &nbsp; Depuis 2 ans. En 2002, sept filles de diff\u00e9rentes nationalit\u00e9s nous ont rejoints pour un an. Cette ann\u00e9e, nous avons une \u00e9quipe mixte compos\u00e9e de deux gar\u00e7ons (dont un Fran\u00e7ais) [&hellip;]<\/p>\n","protected":false},"author":95,"featured_media":0,"comment_status":"closed","ping_status":"closed","sticky":false,"template":"","format":"standard","meta":{"footnotes":""},"categories":[16,8,50,13],"tags":[],"class_list":["post-2252","post","type-post","status-publish","format-standard","hentry","category-le-chretien-et-la-societe","category-evangelisation","category-jeunesse","category-la-vie-de-leglise"],"_links":{"self":[{"href":"https:\/\/www.servir.caef.net\/index.php?rest_route=\/wp\/v2\/posts\/2252","targetHints":{"allow":["GET"]}}],"collection":[{"href":"https:\/\/www.servir.caef.net\/index.php?rest_route=\/wp\/v2\/posts"}],"about":[{"href":"https:\/\/www.servir.caef.net\/index.php?rest_route=\/wp\/v2\/types\/post"}],"author":[{"embeddable":true,"href":"https:\/\/www.servir.caef.net\/index.php?rest_route=\/wp\/v2\/users\/95"}],"replies":[{"embeddable":true,"href":"https:\/\/www.servir.caef.net\/index.php?rest_route=%2Fwp%2Fv2%2Fcomments&post=2252"}],"version-history":[{"count":0,"href":"https:\/\/www.servir.caef.net\/index.php?rest_route=\/wp\/v2\/posts\/2252\/revisions"}],"wp:attachment":[{"href":"https:\/\/www.servir.caef.net\/index.php?rest_route=%2Fwp%2Fv2%2Fmedia&parent=2252"}],"wp:term":[{"taxonomy":"category","embeddable":true,"href":"https:\/\/www.servir.caef.net\/index.php?rest_route=%2Fwp%2Fv2%2Fcategories&post=2252"},{"taxonomy":"post_tag","embeddable":true,"href":"https:\/\/www.servir.caef.net\/index.php?rest_route=%2Fwp%2Fv2%2Ftags&post=2252"}],"curies":[{"name":"wp","href":"https:\/\/api.w.org\/{rel}","templated":true}]}}