{"id":2283,"date":"2004-05-23T12:47:37","date_gmt":"2004-05-23T12:47:37","guid":{"rendered":"\/?p=2283"},"modified":"2016-08-08T17:52:30","modified_gmt":"2016-08-08T17:52:30","slug":"le-comite-missionnaire-et-son-role","status":"publish","type":"post","link":"https:\/\/www.servir.caef.net\/?p=2283","title":{"rendered":"Le comit\u00e9 missionnaire et son r\u00f4le"},"content":{"rendered":"<h1 style=\"text-align: center;\" align=\"JUSTIFY\">Le comit\u00e9 missionnaire et son r\u00f4le<\/h1>\n<p align=\"JUSTIFY\">\u00a0<a href=\"\/wp-content\/uploads\/2011\/05\/Groupe-GBE.jpg\"><img loading=\"lazy\" decoding=\"async\" class=\" size-full wp-image-2097 aligncenter\" src=\"\/wp-content\/uploads\/2011\/05\/Groupe-GBE.jpg\" alt=\"Groupe GBE\" width=\"237\" height=\"260\" \/><\/a><\/p>\n<p align=\"JUSTIFY\"><strong>par <span style=\"font-size: 16px;\"><span style=\"color: #b22222;\">Fran\u00e7ois-Jean MARTIN<\/span><\/span><\/strong><\/p>\n<p align=\"JUSTIFY\">\u00a0<\/p>\n<h2>Un peu d&rsquo;histoire<\/h2>\n<p align=\"JUSTIFY\">\u00a0<\/p>\n<p align=\"JUSTIFY\">Nous sommes nous-m\u00eames partis en 1977 au Tchad, en dehors du comit\u00e9 de l&rsquo;ASMAF qui soutenait le travail missionnaire de nos Eglises dans ce pays. Il a paru \u00e9vident \u00e0 nos anciens de contacter directement l&rsquo;Eglise Evang\u00e9lique \u00e0 N&rsquo;djamena. Et c&rsquo;est ainsi que, pour une question d&rsquo;appellation, nous avons servi dans une autre d\u00e9nomination, proche partenaire des assembl\u00e9es au Tchad qui elles s&rsquo;appelaient les Assembl\u00e9es Chr\u00e9tiennes ! Ceci souligne un aspect \u00e9vident : \u00e0 savoir que nos Eglises en France, malgr\u00e9 toute leur bonne volont\u00e9, n&rsquo;avaient pas les moyens de conna\u00eetre la r\u00e9alit\u00e9 du pays et surtout celle des Eglises qui nous accueillaient.<\/p>\n<p align=\"JUSTIFY\">\u00a0<\/p>\n<p align=\"JUSTIFY\"><!--more--><br \/>\u00a0 <a href=\"\/wp-content\/uploads\/2004\/pdf2004\/2004_03_09_lecomitemissionnaire.pdf\" target=\"_blank\"><img loading=\"lazy\" decoding=\"async\" title=\"iconePDF\" src=\"\/wp-content\/uploads\/2011\/01\/iconePDF.jpg\" alt=\"\" width=\"81\" height=\"76\" align=\"right\" hspace=\"8\" vspace=\"8\" \/><\/a>Il aurait mieux valu s&rsquo;en remettre \u00e0 des fr\u00e8res et des s\u0153urs reconnus, ayant une exp\u00e9rience des relations entre Eglises et pour certains d&rsquo;entre eux de la mission, en particulier dans le pays concern\u00e9.<\/p>\n<p align=\"JUSTIFY\">\u00a0<\/p>\n<p align=\"JUSTIFY\">Il faut aussi des personnes comp\u00e9tentes en th\u00e9ologie et en missiologie. Car le v\u00e9cu des Assembl\u00e9es dans d&rsquo;autres pays, n&rsquo;est pas le n\u00f4tre. Il est marqu\u00e9 par leur histoire, leur culture et celle des premiers missionnaires qui leur ont apport\u00e9 l&rsquo;Evangile. En outre, en Afrique, l&rsquo;histoire est profond\u00e9ment marqu\u00e9e par l&rsquo;\u00e9pisode du colonia-lisme qu&rsquo;on ne peut balayer par un verset ou une pri\u00e8re.<\/p>\n<p align=\"JUSTIFY\">\u00a0<\/p>\n<p align=\"JUSTIFY\">\u00a0<\/p>\n<h2>Le comit\u00e9 missionnaire<\/h2>\n<p align=\"JUSTIFY\">\u00a0<\/p>\n<p align=\"JUSTIFY\">Ses membres doivent r\u00e9pondre aux conditions pr\u00e9cit\u00e9es, mais aussi \u00e0 une repr\u00e9sentativit\u00e9 des Eglises qui soutiennent la mission et qui envoient les missionnaires. Il faut aussi un bureau qui puisse se r\u00e9unir facilement m\u00eame si les possibilit\u00e9s actuelles du courrier \u00e9lectronique facilitent la communication.<\/p>\n<p align=\"JUSTIFY\">\u00a0<\/p>\n<p align=\"JUSTIFY\">Cette derni\u00e8re est aussi tr\u00e8s importante avec les Eglises qui envoient et les Eglises qui re\u00e7oi-vent, cela prend l&rsquo;aspect de visites, de r\u00e9unions missionnaires, de tourn\u00e9es, de courriers, de lettres de nouvelles et de circulaires.<\/p>\n<p align=\"JUSTIFY\">\u00a0<\/p>\n<p align=\"JUSTIFY\">\u00a0<\/p>\n<h2>Le r\u00f4le du comit\u00e9 missionnaire<\/h2>\n<p align=\"JUSTIFY\">\u00a0<\/p>\n<p align=\"JUSTIFY\">II est tr\u00e8s important quoique m\u00e9connu. Pour des fr\u00e8res et des s\u0153urs en France qui ne peuvent s&rsquo;expatrier, cela pourrait \u00eatre une mani\u00e8re d&rsquo;envisager un service missionnaire dans leur \u00e9glise, dans leur r\u00e9gion ou au niveau national dans le comit\u00e9.<\/p>\n<p align=\"JUSTIFY\">\u00a0<\/p>\n<p align=\"JUSTIFY\">L&rsquo;aspect administratif n&rsquo;est pas le seul r\u00f4le du comit\u00e9, bien qu&rsquo;il soit important. La connaissance des lois et des administrations r\u00e9ciproques avec leurs difficult\u00e9s est indispensable pour envisager un envoi. Le comit\u00e9 participe aussi \u00e0 la recherche d&rsquo;aide aupr\u00e8s d&rsquo;organismes officiels (Defap, \u2026)<\/p>\n<p align=\"JUSTIFY\">\u00a0<\/p>\n<p align=\"JUSTIFY\">Le r\u00f4le spirituel d&rsquo;accompagnement du comit\u00e9, est primordial aupr\u00e8s :<\/p>\n<p align=\"JUSTIFY\">\u00a0<\/p>\n<h3>a) de l&rsquo;Eglise qui envoie :<\/h3>\n<p align=\"JUSTIFY\">\u00a0<\/p>\n<p align=\"JUSTIFY\">II s&rsquo;exerce aupr\u00e8s du pasteur et des anciens de l&rsquo;Eglise qui discernent un appel missionnaire. Le comit\u00e9 les accompagne, dans la d\u00e9marche de discernement et de reconnaissance. Une bonne prise de conscience du grand nombre d&rsquo;aspects qui entoure un tel envoi, est souvent une surprise pour l&rsquo;Eglise du candidat. Une bonne volont\u00e9 et un v\u00e9cu d&rsquo;\u00e9glise s\u00e9rieux sont n\u00e9cessaires mais non suffisants. Les pays qui re\u00e7oivent sont dans des situations qui demandent une solidit\u00e9 physique et psychologique r\u00e9elles ainsi qu&rsquo;une formation th\u00e9ologique syst\u00e9matique. En outre avoir un m\u00e9tier s\u00e9culier et une exp\u00e9rience de ce dernier, sont souvent une n\u00e9cessit\u00e9 et un atout. Les questions sentimentales doivent aussi avoir \u00e9t\u00e9 envisag\u00e9es tr\u00e8s s\u00e9rieusement. Aussi des membres du comit\u00e9 vont s&rsquo;enqu\u00e9rir par \u00e9crit et par contact personnel de tous ces aspects aupr\u00e8s du candidat, de son conjoint, des responsables de l&rsquo;Eglise et de ceux qui ont recommand\u00e9 ce minist\u00e8re.<\/p>\n<p align=\"JUSTIFY\">\u00a0<\/p>\n<h3>b) des Eglises qui re\u00e7oivent :<\/h3>\n<p>&nbsp;<\/p>\n<p align=\"JUSTIFY\">L&rsquo;accompagnement s&rsquo;exerce aussi aupr\u00e8s des Eglises qui re\u00e7oivent le candidat. Nous collaborons avec elles depuis de nombreuses ann\u00e9es dans le cadre d&rsquo;un partenariat tr\u00e8s respectueux. Aussi nous leur transmettons le dossier et ce sont elles qui d\u00e9cident de l&rsquo;accueil du candidat et de la localisation de l&rsquo;exercice de son minist\u00e8re. Elles peuvent aussi demander qu&rsquo;on rapatrie un missionnaire. Ceci nous conduit \u00e0 l&rsquo;aspect discipline qui est du r\u00f4le du comit\u00e9.<\/p>\n<p align=\"JUSTIFY\">\u00a0<\/p>\n<h3>c) du missionnaire :<\/h3>\n<p align=\"JUSTIFY\">\u00a0<\/p>\n<p align=\"JUSTIFY\">L&rsquo;accompagnement est aussi celui du missionnaire. Les aspects pastoraux sont du recours des anciens de l&rsquo;Eglise qui envoie et de l&rsquo;Eglise qui re\u00e7oit, mais la r\u00e9alit\u00e9 de la premi\u00e8re peut \u00e9voluer (mutation, maladie, d\u00e9c\u00e8s du pasteur ou de l&rsquo;ancien concern\u00e9), ce qui peut conduire le comit\u00e9 \u00e0 d\u00e9signer avec l&rsquo;accord du missionnaire, un des membres pour cette fonction.<\/p>\n<p align=\"JUSTIFY\">\u00a0<\/p>\n<p align=\"JUSTIFY\">Les aspects li\u00e9s au service missionnaire rel\u00e8vent du comit\u00e9 qui agit en bouclier pour prot\u00e9ger le missionnaire. Ce dernier, sur le terrain, ne peut pas toujours refuser certaines demandes, ni prendre facilement certaines d\u00e9cisions. Le rappel du cahier de charges joue souvent ce r\u00f4le protecteur. C&rsquo;est au comit\u00e9 de mission de le faire pour le missionnaire, vis-\u00e0-vis des Eglises qui envoient, qui re\u00e7oivent ou du missionnaire lui-m\u00eame.<\/p>\n<p align=\"JUSTIFY\">\u00a0<\/p>\n<p align=\"JUSTIFY\">Ces diff\u00e9rents aspects demandent bien entendu, pri\u00e8re, \u00e9coute de Dieu et des fr\u00e8res et s\u0153urs et la foi en la gr\u00e2ce in\u00e9puisable de Dieu qui suppl\u00e9e \u00e0 nos limites et nos d\u00e9faillances.<\/p>\n<p align=\"JUSTIFY\">\u00a0<\/p>\n<p style=\"text-align: center;\"><b>F-J.M.<\/b><br \/> \u00a0<\/p>\n","protected":false},"excerpt":{"rendered":"<p>Le comit\u00e9 missionnaire et son r\u00f4le \u00a0 par Fran\u00e7ois-Jean MARTIN \u00a0 Un peu d&rsquo;histoire \u00a0 Nous sommes nous-m\u00eames partis en 1977 au Tchad, en dehors du comit\u00e9 de l&rsquo;ASMAF qui soutenait le travail missionnaire de nos Eglises dans ce pays. Il a paru \u00e9vident \u00e0 nos anciens de contacter directement l&rsquo;Eglise Evang\u00e9lique \u00e0 N&rsquo;djamena. Et [&hellip;]<\/p>\n","protected":false},"author":3,"featured_media":0,"comment_status":"closed","ping_status":"closed","sticky":false,"template":"","format":"standard","meta":{"footnotes":""},"categories":[17,9,13],"tags":[],"class_list":["post-2283","post","type-post","status-publish","format-standard","hentry","category-lautorite","category-oeuvres-et-missions","category-la-vie-de-leglise"],"_links":{"self":[{"href":"https:\/\/www.servir.caef.net\/index.php?rest_route=\/wp\/v2\/posts\/2283","targetHints":{"allow":["GET"]}}],"collection":[{"href":"https:\/\/www.servir.caef.net\/index.php?rest_route=\/wp\/v2\/posts"}],"about":[{"href":"https:\/\/www.servir.caef.net\/index.php?rest_route=\/wp\/v2\/types\/post"}],"author":[{"embeddable":true,"href":"https:\/\/www.servir.caef.net\/index.php?rest_route=\/wp\/v2\/users\/3"}],"replies":[{"embeddable":true,"href":"https:\/\/www.servir.caef.net\/index.php?rest_route=%2Fwp%2Fv2%2Fcomments&post=2283"}],"version-history":[{"count":0,"href":"https:\/\/www.servir.caef.net\/index.php?rest_route=\/wp\/v2\/posts\/2283\/revisions"}],"wp:attachment":[{"href":"https:\/\/www.servir.caef.net\/index.php?rest_route=%2Fwp%2Fv2%2Fmedia&parent=2283"}],"wp:term":[{"taxonomy":"category","embeddable":true,"href":"https:\/\/www.servir.caef.net\/index.php?rest_route=%2Fwp%2Fv2%2Fcategories&post=2283"},{"taxonomy":"post_tag","embeddable":true,"href":"https:\/\/www.servir.caef.net\/index.php?rest_route=%2Fwp%2Fv2%2Ftags&post=2283"}],"curies":[{"name":"wp","href":"https:\/\/api.w.org\/{rel}","templated":true}]}}