{"id":2289,"date":"2004-05-23T13:04:53","date_gmt":"2004-05-23T13:04:53","guid":{"rendered":"\/?p=2289"},"modified":"2016-08-08T18:07:44","modified_gmt":"2016-08-08T18:07:44","slug":"le-role-de-leglise-dans-lenvoi-missionnaire","status":"publish","type":"post","link":"https:\/\/www.servir.caef.net\/?p=2289","title":{"rendered":"Le r\u00f4le de l&rsquo;Eglise dans l&rsquo;envoi missionnaire"},"content":{"rendered":"<h1 style=\"text-align: center;\" align=\"JUSTIFY\">Le r\u00f4le de l&rsquo;Eglise dans l&rsquo;envoi missionnaire<\/h1>\n<p>&nbsp;<\/p>\n<p align=\"JUSTIFY\">\u00a0<a href=\"\/wp-content\/uploads\/2002\/03\/eglise.png\"><img loading=\"lazy\" decoding=\"async\" class=\" size-full wp-image-8955 aligncenter\" src=\"\/wp-content\/uploads\/2002\/03\/eglise.png\" alt=\"eglise\" width=\"303\" height=\"196\" srcset=\"https:\/\/www.servir.caef.net\/wp-content\/uploads\/2002\/03\/eglise.png 303w, https:\/\/www.servir.caef.net\/wp-content\/uploads\/2002\/03\/eglise-300x194.png 300w\" sizes=\"auto, (max-width: 303px) 100vw, 303px\" \/><\/a><\/p>\n<p align=\"JUSTIFY\">\u00a0<\/p>\n<p align=\"JUSTIFY\"><strong>par <span style=\"font-size: 16px;\"><span style=\"color: #b22222;\">Jean-Pierre BORY<\/span><\/span><\/strong><\/p>\n<p align=\"JUSTIFY\">\u00a0<\/p>\n<p>&nbsp;<\/p>\n<p align=\"JUSTIFY\"><span style=\"font-size: 14pt;\"><strong>Dieu appelle. Il donne une conviction personnelle \u00e0 l&rsquo;individu. Cela suffit-il pour qu&rsquo;une personne, aujourd&rsquo;hui, s&rsquo;engage l\u00e9gitimement dans un minist\u00e8re \u00ab missionnaire \u00bb, en France ou hors de nos fronti\u00e8res ? L\u2019Ecriture r\u00e9pond \u00e0 cette question de fa\u00e7on suffisamment pr\u00e9cise, nous semble-t-il.<\/strong><\/span><\/p>\n<p align=\"JUSTIFY\">\u00a0<\/p>\n<p align=\"JUSTIFY\"><!--more--><\/p>\n<p align=\"JUSTIFY\">\u00a0<a href=\"\/wp-content\/uploads\/2004\/pdf2004\/2004_03_12_leroledeleglisedanslenvoi.pdf\" target=\"_blank\"><img loading=\"lazy\" decoding=\"async\" title=\"iconePDF\" src=\"\/wp-content\/uploads\/2011\/01\/iconePDF.jpg\" alt=\"\" width=\"81\" height=\"76\" align=\"right\" hspace=\"8\" vspace=\"8\" \/><\/a>Dans l&rsquo;Ancienne Alliance, Dieu a appel\u00e9 directement \u00a0un certain nombre d&rsquo;hommes et de femmes pour des minist\u00e8res particuliers : Mo\u00efse comme premier chef et l\u00e9gislateur du peuple d&rsquo;Isra\u00ebl ; des Juges comme lib\u00e9rateurs, des proph\u00e8tes charg\u00e9s d&rsquo;avertir et d&rsquo;exhorter le peuple. Le peuple n&rsquo;\u00e9tait pas consult\u00e9 ; ces hommes avaient souvent pour mission de ramener le peuple \u00e0 une \u00e9coute ob\u00e9issante de Dieu.<\/p>\n<p align=\"JUSTIFY\">\u00a0<\/p>\n<p align=\"JUSTIFY\">J\u00e9sus a choisi lui-m\u00eame, appel\u00e9 et form\u00e9 des disciples.<\/p>\n<p align=\"JUSTIFY\">\u00a0<\/p>\n<p align=\"JUSTIFY\">Dans tous ces cas, il s&rsquo;agissait d&rsquo;une d\u00e9cision souveraine et unilat\u00e9rale, divine. L&rsquo;Eglise n&rsquo;existait pas encore.<\/p>\n<p align=\"JUSTIFY\">\u00a0<\/p>\n<p align=\"JUSTIFY\">Apr\u00e8s la Pentec\u00f4te, un peuple de Dieu \u00ab renouvel\u00e9 \u00bb surgit, l&rsquo;Eglise. Sa nouveaut\u00e9 est d&rsquo;\u00eatre habit\u00e9e et conduite de l&rsquo;int\u00e9rieur par Dieu lui-m\u00eame, en la personne de l&rsquo;Esprit Saint. Dieu continue d&rsquo;appeler souverainement des serviteurs, mais l&rsquo;Eglise, id\u00e9alement<strong><sub>1<\/sub><\/strong> , est partie prenante dans ce choix et cet envoi, si elle-m\u00eame est \u00e0 l&rsquo;\u00e9coute de l&rsquo;Esprit de Dieu <span style=\"background-color: #add8e6;\"><em>(Ac 13.2)<\/em><\/span>.<\/p>\n<p align=\"JUSTIFY\">\u00a0<\/p>\n<p align=\"JUSTIFY\">\u00a0<\/p>\n<h2>Un choix \u00ab intelligent \u00bb des envoy\u00e9s<\/h2>\n<p align=\"JUSTIFY\">\u00a0<\/p>\n<p align=\"JUSTIFY\">L&rsquo;Eglise, et ses responsables, sont impliqu\u00e9s dans le choix et l&rsquo;envoi de \u00ab missionnaires \u00bb : ils constatent que la personne a r\u00e9ellement re\u00e7u un appel de Dieu en observant sa conduite et son t\u00e9moignage. Barnabas, le premier serviteur envoy\u00e9 hors de son Eglise d&rsquo;origine, l&rsquo;est apr\u00e8s plusieurs ann\u00e9es de service fid\u00e8le et remarqu\u00e9 par les ap\u00f4tres <span style=\"background-color: #add8e6;\"><em>(Ac 4.36 et 11.24)<\/em><\/span>.<\/p>\n<p align=\"JUSTIFY\">\u00a0<\/p>\n<p align=\"JUSTIFY\">C&rsquo;est apr\u00e8s plus de dix ans de t\u00e9moignage \u00e9vang\u00e9lique dans son pays d&rsquo;origine, la Cilicie<strong><sub>2<\/sub><\/strong> , et dans les r\u00e9gions voisines (Syrie et Arabie) que Paul est invit\u00e9 \u00e0 Antioche par Barnabas, alors responsable de cette Eglise.<\/p>\n<p align=\"JUSTIFY\">\u00a0<\/p>\n<p align=\"JUSTIFY\">Barnabas et Saul, sont envoy\u00e9s par l&rsquo;Eglise d&rsquo;Antioche apr\u00e8s y avoir fait leurs preuves <span style=\"background-color: #add8e6;\"><em>(Ac 11.23-26)<\/em><\/span>. Timoth\u00e9e est choisi par Paul \u00e0 cause de son bon t\u00e9moignage dans les Eglises de sa r\u00e9gion <em><span style=\"background-color: #add8e6;\">(Ac 16.2)<\/span><\/em>. Paul se choisit des collaborateurs divers en fonction de leur fid\u00e9lit\u00e9 et de leurs capacit\u00e9s (ex. : <span style=\"background-color: #add8e6;\"><em>Ac 15.38 et 40<\/em><\/span>).<\/p>\n<p align=\"JUSTIFY\">\u00a0<\/p>\n<p align=\"JUSTIFY\">Aucun de ces serviteurs ne s&rsquo;est auto-proclam\u00e9 missionnaire. Seuls les faux docteurs se recommandent eux-m\u00eames (<span style=\"background-color: #add8e6;\"><em>2 Co 10.12<\/em><\/span>) !<\/p>\n<p align=\"JUSTIFY\">\u00a0<\/p>\n<p align=\"JUSTIFY\">\u00a0<\/p>\n<h2>Tenir compte de la capacit\u00e9 et la personnalit\u00e9 des envoy\u00e9s<\/h2>\n<p align=\"JUSTIFY\">\u00a0<\/p>\n<p align=\"JUSTIFY\">Tout \u00ab missionnaire \u00bb est appel\u00e9 \u00e0 prendre des responsabilit\u00e9s : exemple de vie, pr\u00e9dication, formation de cadres, etc. Pour un tel minist\u00e8re, non seulement les qualifications spirituelles doivent \u00eatre prises en compte mais aussi les capacit\u00e9s intellectuelles et la personnalit\u00e9 (<span style=\"background-color: #add8e6;\"><em>1 Tm 3.2 et 4-5; Tt 1.9<\/em><\/span> : capacit\u00e9 d&rsquo;enseigner, de diriger).<\/p>\n<p align=\"JUSTIFY\">\u00a0<\/p>\n<p align=\"JUSTIFY\">Pour la formation de l&rsquo;Eglise d&rsquo;Antioche, la premi\u00e8re compos\u00e9e de convertis d&rsquo;origines juive et pa\u00efenne, l&rsquo;Eglise de J\u00e9rusalem a choisi Barnabas : ses qualit\u00e9s spirituelles \u00e9taient \u00e9videntes pour tous ; sa cons\u00e9cration \u00e9tait un exemple (<span style=\"background-color: #add8e6;\"><em>Ac 4.36<\/em><\/span>) ; il avait \u00e9t\u00e9 \u00e0 l&rsquo;\u00e9coute des disciples pendant plus de dix ans \u00e0 J\u00e9rusalem ; il avait acquis une autorit\u00e9 spirituelle \u00e0 tel point que son avis entra\u00eenait l&rsquo;adh\u00e9sion des ap\u00f4tres (<em><span style=\"background-color: #add8e6;\">9.27-28<\/span><\/em>) ; il \u00e9tait capable d&rsquo;enseigner et de d\u00e9fendre la doctrine \u00e9vang\u00e9lique (ce qu&rsquo;il d\u00e9montrera \u00e0 Antioche ou lors de la conf\u00e9rence de J\u00e9rusalem (<em>Ac 15<\/em>)).<\/p>\n<p align=\"JUSTIFY\">\u00a0<\/p>\n<p align=\"JUSTIFY\">Il avait la particularit\u00e9 d&rsquo;\u00eatre biculturel : il \u00e9tait de famille juive (l\u00e9vite) mais avait grandi hors de Palestine (sa famille \u00e9tait de Chypre) : voil\u00e0 un homme capable de comprendre et de convaincre les personnes de culture juive et de culture pa\u00efenne gr\u00e9co-latine qui formaient le groupe d&rsquo;Antioche ! Voil\u00e0 pourquoi Barnabas fut choisi.<\/p>\n<p align=\"JUSTIFY\">\u00a0<\/p>\n<p align=\"JUSTIFY\">L&rsquo;Eglise jugera peut-\u00eatre n\u00e9cessaire et utile une formation plus approfondie dans des domaines qui peuvent \u00eatre tr\u00e8s divers : p\u00e9dagogie (\u00e9cole du dimanche), BAFA, BAFD formation pour responsables de groupe de jeunes, enseignement biblique ou th\u00e9ologique (<span style=\"background-color: #add8e6;\"><em>Ac 18.25 et 28<\/em><\/span>), formation \u00e0 la linguistique, \u00e0 la m\u00e9decine tropicale, \u00e0 la connaissance de l&rsquo;islam, \u00e0 certaines techniques agricoles tropicales, etc.<\/p>\n<p align=\"JUSTIFY\">\u00a0<\/p>\n<p align=\"JUSTIFY\">Un missionnaire, tout comme un m\u00e9decin ou un ing\u00e9nieur, ne se forme pas en un an.<\/p>\n<p align=\"JUSTIFY\">\u00a0<\/p>\n<p align=\"JUSTIFY\">\u00a0<\/p>\n<h2>Le suivi du minist\u00e8re de ses envoy\u00e9s<\/h2>\n<p align=\"JUSTIFY\">\u00a0<\/p>\n<p align=\"JUSTIFY\">Paul se sentait responsable devant l&rsquo;Eglise d&rsquo;Antioche : apr\u00e8s chacun de ses voyages missionnaires, il revient lui t\u00e9moigner des r\u00e9sultats de son minist\u00e8re. Charg\u00e9 de mission par l&rsquo;Eglise de Corinthe, Paul sait qu&rsquo;il devra lui rendre des comptes et veut rester au-dessus de tout soup\u00e7on (<span style=\"background-color: #add8e6;\"><em>2 Co 8.20-21<\/em><\/span>).<\/p>\n<p align=\"JUSTIFY\">\u00a0<\/p>\n<p align=\"JUSTIFY\">Et combien sont nombreuses les recommandations et les exhortations \u00e0 la fid\u00e9lit\u00e9 et au z\u00e8le dans le minist\u00e8re, faites par Paul dans ses lettres : \u00e0 l&rsquo;intention des anciens, de Timoth\u00e9e, de Tite (<em><span style=\"background-color: #add8e6;\">Tt 2.1, 7, 15 ; 3.8-9<\/span><\/em>). Paul \u00e9tait attentif \u00e0 la formation continue de Timoth\u00e9e (<span style=\"background-color: #add8e6;\"><em>1 Tm 4.13-14<\/em><\/span>) !<\/p>\n<p align=\"JUSTIFY\">\u00a0<\/p>\n<p align=\"JUSTIFY\">Un peu de bon sens et de discr\u00e9tion sont n\u00e9cessaires de la part de ceux qui suivent les missionnaires. En effet, des minist\u00e8res ont \u00e9t\u00e9 bris\u00e9s, la vie de pasteurs locaux a \u00e9t\u00e9 mise en danger, par l&rsquo;inconscience de chr\u00e9tiens occidentaux qui publient ou envoient des nouvelles \u00e0 des amis demeurant dans des pays totalitaires (islamistes, bouddhistes, communistes) o\u00f9 il est question d&rsquo;\u00e9vang\u00e9lisation, de conversions, de diffusions de Bibles.<\/p>\n<p align=\"JUSTIFY\">\u00a0<\/p>\n<p align=\"JUSTIFY\">Il y a quelques ann\u00e9es, un grand h\u00f4pital faillit \u00eatre ferm\u00e9 par un gouvernement qui avait appris que, dans la r\u00e9gion d&rsquo;origine d&rsquo;une infirmi\u00e8re, on faisait un large appel pour des vaccins et des m\u00e9dicaments essentiels : ces nouvelles avaient \u00e9t\u00e9 per\u00e7ues comme d\u00e9valorisantes, insultantes, sugg\u00e9rant que le pays \u00e9tait incapable d&rsquo;assurer l&rsquo;\u00e9tat sanitaire local.<\/p>\n<p align=\"JUSTIFY\">\u00a0<\/p>\n<p align=\"JUSTIFY\">\u00a0<\/p>\n<h2>Le soutien financier<\/h2>\n<p align=\"JUSTIFY\">\u00a0<\/p>\n<p align=\"JUSTIFY\"><a href=\"\/wp-content\/uploads\/2008\/09\/argent.jpg\"><img loading=\"lazy\" decoding=\"async\" class=\"  wp-image-8400 alignleft\" src=\"\/wp-content\/uploads\/2008\/09\/argent.jpg\" alt=\"argent\" width=\"255\" height=\"177\" srcset=\"https:\/\/www.servir.caef.net\/wp-content\/uploads\/2008\/09\/argent.jpg 555w, https:\/\/www.servir.caef.net\/wp-content\/uploads\/2008\/09\/argent-300x208.jpg 300w\" sizes=\"auto, (max-width: 255px) 100vw, 255px\" \/><\/a>Paul dit bien qu&rsquo;il ne revendique pas de soutien financier (<span style=\"background-color: #add8e6;\"><em>1 Co 9.15-18; Ph 4.11-12,17<\/em><\/span>), mais il dit aussi combien il l&rsquo;appr\u00e9cie, car il lui permet de vivre et de consacrer tout son temps au service de la Parole (<span style=\"background-color: #add8e6;\"><em>2 Co 11.9; Phil 2.25 ; 4.14-16<\/em><\/span> ; ce que Luc confirme en <span style=\"background-color: #add8e6;\"><em>Ac 18.5<\/em><\/span>).<\/p>\n<p align=\"JUSTIFY\">\u00a0<\/p>\n<p align=\"JUSTIFY\">Par ailleurs, s&rsquo;il ne r\u00e9clame rien pour lui-m\u00eame, il exhorte vivement les Eglises \u00e0 pourvoir aux besoins mat\u00e9riels des serviteurs de Dieu (<em><span style=\"background-color: #add8e6;\">Tt 3.13-14<\/span><\/em>), c&rsquo;est m\u00eame un devoir pour elles (<span style=\"background-color: #add8e6;\"><em>1 Co 9.14<\/em><\/span>) ! Et qu&rsquo;elles le fassent g\u00e9n\u00e9reusement (<span style=\"background-color: #add8e6;\"><em>1 Tm 5.17 ; Ga 6.6<\/em><\/span>) ! L&rsquo;ap\u00f4tre Jean va dans le m\u00eame sens (<span style=\"background-color: #add8e6;\"><em>3 Jn 5-8<\/em><\/span>).<\/p>\n<p align=\"JUSTIFY\">\u00a0<\/p>\n<p align=\"JUSTIFY\">\u00a0<\/p>\n<h2>Le soutien spirituel<\/h2>\n<p align=\"JUSTIFY\">\u00a0<\/p>\n<p align=\"JUSTIFY\"><a href=\"\/wp-content\/uploads\/2007\/03\/Prier.jpg\"><img loading=\"lazy\" decoding=\"async\" class=\"  wp-image-1868 alignright\" src=\"\/wp-content\/uploads\/2007\/03\/Prier.jpg\" alt=\"Prier\" width=\"161\" height=\"307\" hspace=\"10\" srcset=\"https:\/\/www.servir.caef.net\/wp-content\/uploads\/2007\/03\/Prier.jpg 277w, https:\/\/www.servir.caef.net\/wp-content\/uploads\/2007\/03\/Prier-157x300.jpg 157w\" sizes=\"auto, (max-width: 161px) 100vw, 161px\" \/><\/a>Souvent Paul r\u00e9clame que l&rsquo;on prie pour lui, pour son minist\u00e8re, et il t\u00e9moigne de l&rsquo;efficacit\u00e9 de ces pri\u00e8res des Eglises <em>(<span style=\"background-color: #add8e6;\">Ep 6.19 ; Col 4.3 ; 1 Th 5.25 ; 2 Th 3.1 ; Phm 22 ; cf. aussi H\u00e9 13.18<\/span><\/em>).<\/p>\n<p align=\"JUSTIFY\">\u00a0<\/p>\n<p align=\"JUSTIFY\">Tout serviteur a besoin d&rsquo;un appui spirituel solide et fid\u00e8le. Celui qui s&rsquo;expatrie appr\u00e9ciera d&rsquo;avoir quelques amis qui seront ses confidents, qui comprendront ses joies et ses d\u00e9couragements, sans le critiquer ; des amis qui sauront l&rsquo;encourager quand c&rsquo;est n\u00e9cessaire, et garder la confidentialit\u00e9 des soucis partag\u00e9s&#8230; qui l&rsquo;aideront \u00e0 se r\u00e9adapter \u00e0 son pays d&rsquo;origine lorsqu&rsquo;il reviendra.<\/p>\n<p align=\"JUSTIFY\">\u00a0<\/p>\n<p align=\"JUSTIFY\">Ni l&rsquo;Eglise, ni ses responsables, ne peuvent se d\u00e9solidariser de leurs missionnaires.<\/p>\n<p align=\"JUSTIFY\">\u00a0<\/p>\n<p align=\"JUSTIFY\">Le plus dur ne sera pas de les envoyer, mais de <strong>pers\u00e9v\u00e9rer<\/strong> dans leur accompagnement et leur soutien \u00e0 tous les niveaux !<\/p>\n<p align=\"JUSTIFY\">\u00a0<\/p>\n<p align=\"CENTER\"><b>J.-P B.<\/b><\/p>\n<p align=\"JUSTIFY\">\u00a0<\/p>\n<hr \/>\n<p align=\"JUSTIFY\">\u00a0NOTES :<\/p>\n<p align=\"JUSTIFY\">\u00a0<\/p>\n<p align=\"JUSTIFY\"><strong>1.<\/strong> : H\u00e9las certaines Eglises ont perdu la vision de l&rsquo;\u00e9vang\u00e9lisation, de la proclamation de l&rsquo;Evangile qui appelle \u00e0 la repentance et \u00e0 la nouvelle naissance.<\/p>\n<p align=\"JUSTIFY\">\u00a0<\/p>\n<p align=\"JUSTIFY\"><strong>2.<\/strong> La ville principale de la Cilicie \u00e9tait tarse : Ac. 9.30 et 11.25.<\/p>\n<p align=\"JUSTIFY\">\u00a0<\/p>\n","protected":false},"excerpt":{"rendered":"<p>Le r\u00f4le de l&rsquo;Eglise dans l&rsquo;envoi missionnaire &nbsp; \u00a0 \u00a0 par Jean-Pierre BORY \u00a0 &nbsp; Dieu appelle. Il donne une conviction personnelle \u00e0 l&rsquo;individu. Cela suffit-il pour qu&rsquo;une personne, aujourd&rsquo;hui, s&rsquo;engage l\u00e9gitimement dans un minist\u00e8re \u00ab missionnaire \u00bb, en France ou hors de nos fronti\u00e8res ? L\u2019Ecriture r\u00e9pond \u00e0 cette question de fa\u00e7on suffisamment pr\u00e9cise, [&hellip;]<\/p>\n","protected":false},"author":2,"featured_media":0,"comment_status":"closed","ping_status":"closed","sticky":false,"template":"","format":"standard","meta":{"footnotes":""},"categories":[90,12,81,13],"tags":[],"class_list":["post-2289","post","type-post","status-publish","format-standard","hentry","category-argent","category-eglise-et-mission","category-formation","category-la-vie-de-leglise"],"_links":{"self":[{"href":"https:\/\/www.servir.caef.net\/index.php?rest_route=\/wp\/v2\/posts\/2289","targetHints":{"allow":["GET"]}}],"collection":[{"href":"https:\/\/www.servir.caef.net\/index.php?rest_route=\/wp\/v2\/posts"}],"about":[{"href":"https:\/\/www.servir.caef.net\/index.php?rest_route=\/wp\/v2\/types\/post"}],"author":[{"embeddable":true,"href":"https:\/\/www.servir.caef.net\/index.php?rest_route=\/wp\/v2\/users\/2"}],"replies":[{"embeddable":true,"href":"https:\/\/www.servir.caef.net\/index.php?rest_route=%2Fwp%2Fv2%2Fcomments&post=2289"}],"version-history":[{"count":0,"href":"https:\/\/www.servir.caef.net\/index.php?rest_route=\/wp\/v2\/posts\/2289\/revisions"}],"wp:attachment":[{"href":"https:\/\/www.servir.caef.net\/index.php?rest_route=%2Fwp%2Fv2%2Fmedia&parent=2289"}],"wp:term":[{"taxonomy":"category","embeddable":true,"href":"https:\/\/www.servir.caef.net\/index.php?rest_route=%2Fwp%2Fv2%2Fcategories&post=2289"},{"taxonomy":"post_tag","embeddable":true,"href":"https:\/\/www.servir.caef.net\/index.php?rest_route=%2Fwp%2Fv2%2Ftags&post=2289"}],"curies":[{"name":"wp","href":"https:\/\/api.w.org\/{rel}","templated":true}]}}