{"id":2294,"date":"2004-05-23T13:26:01","date_gmt":"2004-05-23T13:26:01","guid":{"rendered":"\/?p=2294"},"modified":"2016-08-08T18:08:32","modified_gmt":"2016-08-08T18:08:32","slug":"les-assemblees-francaises-et-la-mission-au-tchad","status":"publish","type":"post","link":"https:\/\/www.servir.caef.net\/?p=2294","title":{"rendered":"Les assembl\u00e9es fran\u00e7aises et la mission au Tchad"},"content":{"rendered":"<h1 style=\"text-align: center;\" align=\"JUSTIFY\">Les assembl\u00e9es fran\u00e7aises et la mission au Tchad<\/h1>\n<p>&nbsp;<\/p>\n<p align=\"JUSTIFY\">\u00a0<a href=\"\/wp-content\/uploads\/2007\/01\/fraternit\u00e9.jpg\"><img loading=\"lazy\" decoding=\"async\" class=\"  wp-image-2555 aligncenter\" src=\"\/wp-content\/uploads\/2007\/01\/fraternit\u00e9.jpg\" alt=\"fraternit\u00e9\" width=\"227\" height=\"257\" srcset=\"https:\/\/www.servir.caef.net\/wp-content\/uploads\/2007\/01\/fraternit\u00e9.jpg 288w, https:\/\/www.servir.caef.net\/wp-content\/uploads\/2007\/01\/fraternit\u00e9-265x300.jpg 265w\" sizes=\"auto, (max-width: 227px) 100vw, 227px\" \/><\/a><\/p>\n<p align=\"JUSTIFY\"><strong>par <span style=\"color: #b22222;\"><span style=\"font-size: 16px;\">Jean-Pierre BORY<\/span><\/span><\/strong><\/p>\n<p align=\"JUSTIFY\">\u00a0<\/p>\n<p>&nbsp;<\/p>\n<p align=\"JUSTIFY\">C&rsquo;est une histoire qui date ! Dans les ann\u00e9es 1920, les premiers missionnaires des assembl\u00e9es arriv\u00e9s au Tchad, \u00e9vang\u00e9lis\u00e8rent une partie du sud du pays ; ils venaient de pays anglo-saxons. John R. OLLEY (un N\u00e9o-z\u00e9landais) parcourut le nord, de Fort-Lamy (devenu N&rsquo;Djamena) \u00e0 Ab\u00e9ch\u00e9 en 1926. Du minist\u00e8re de ces missionnaires sont n\u00e9es des centaines d&rsquo;assembl\u00e9es, essentiellement au sud.<\/p>\n<p align=\"JUSTIFY\">\u00a0<!--more--><\/p>\n<p align=\"JUSTIFY\"><a href=\"\/wp-content\/uploads\/2004\/pdf2004\/2004_03_16_lescaefetlamissionautchad.pdf\" target=\"_blank\"><img loading=\"lazy\" decoding=\"async\" title=\"iconePDF\" src=\"\/wp-content\/uploads\/2011\/01\/iconePDF.jpg\" alt=\"\" width=\"81\" height=\"76\" align=\"right\" hspace=\"8\" vspace=\"8\" \/><\/a>Dans les ann\u00e9es 60, pour diverses raisons, tous les missionnaires anglophones regagn\u00e8rent leurs pays d&rsquo;origine.<\/p>\n<p align=\"JUSTIFY\">\u00a0<\/p>\n<p align=\"JUSTIFY\">Mais en 1951, partirent les premiers missionnaires issus d&rsquo;assembl\u00e9es fran\u00e7aises (Jean et Huguette METZ, de la Bonne Nouvelle de Strasbourg) pour y ouvrir de nouvelles Eglises dans la r\u00e9gion islamis\u00e9e du Gu\u00e9ra. Ils le firent en cr\u00e9ant des \u00e9coles primaires, en formant des instituteurs chr\u00e9tiens. Install\u00e9s dans des villages voisins, animistes et islamis\u00e9s tout \u00e0 la fois, ces moniteurs y furent des t\u00e9moins de l&rsquo;Evangile.<\/p>\n<p align=\"JUSTIFY\">\u00a0<\/p>\n<p align=\"JUSTIFY\">En 1958, Georges et Liliane ERTZ, puis Danielle GOUNON, de l&rsquo;assembl\u00e9e du Chambon-sur-Lignon, et Christiane BOUTTET de l&rsquo;Assembl\u00e9e de Roanne, toutes deux infirmi\u00e8res, rejoignirent les METZ. D&rsquo;autres suivirent, Claude HAREL, H\u00e9l\u00e8ne et Jean-Pierre BORY, Pierre et Ruth CRETEGNY, etc. Ces missionnaires int\u00e9gr\u00e8rent tout naturellement leur action dans le cadre des Assembl\u00e9es Chr\u00e9tiennes au Tchad et relay\u00e8rent les missionnaires anglophones.<\/p>\n<p align=\"JUSTIFY\">\u00a0<\/p>\n<p align=\"JUSTIFY\">Aujourd&rsquo;hui, les mille assembl\u00e9es dans le sud et \u00e0 N&rsquo;Djamena, les quarante au Gu\u00e9ra et dans d&rsquo;autres lieux du nord, sont devenues missionnaires \u00e0 leur tour : des Eglises fortes en nombre, et fragiles \u00e0 la fois, \u00e0 cause de l&rsquo;insuffisance du nombre de formateurs.<\/p>\n<p align=\"JUSTIFY\">\u00a0<\/p>\n<p align=\"JUSTIFY\">La relation qui lie les assembl\u00e9es tchadiennes et fran\u00e7aises est donc d\u00e9j\u00e0 ancienne. C&rsquo;est ce minist\u00e8re de collabora-tion dans la dur\u00e9e qui a produit des fruits qui demeurent. Aujourd&rsquo;hui des Tchadiens et des Tchadiennes sont des enseignants qualifi\u00e9s, pasteurs, infirmiers, instituteurs, avocats, professeurs, m\u00e9decins, des hommes et des femmes responsables et actifs, mais d\u00e9bord\u00e9s par l&rsquo;immensit\u00e9 de la t\u00e2che pour affermir les nouvelles Eglises et les nouvelles g\u00e9n\u00e9rations.<\/p>\n<p align=\"JUSTIFY\">\u00a0<\/p>\n<p align=\"JUSTIFY\"><strong>Les Eglises tchadiennes comptent dans ce domaine sur l&rsquo;aide des assembl\u00e9es fran\u00e7aises et suisses<\/strong>, les seules \u00e0 travailler avec elles dans ce pays o\u00f9 en ce moment souffle un esprit de r\u00e9veil. C&rsquo;est \u00e0 vous de r\u00e9pondre aujourd&rsquo;hui !<\/p>\n<p align=\"JUSTIFY\">\u00a0<\/p>\n","protected":false},"excerpt":{"rendered":"<p>Les assembl\u00e9es fran\u00e7aises et la mission au Tchad &nbsp; \u00a0 par Jean-Pierre BORY \u00a0 &nbsp; C&rsquo;est une histoire qui date ! Dans les ann\u00e9es 1920, les premiers missionnaires des assembl\u00e9es arriv\u00e9s au Tchad, \u00e9vang\u00e9lis\u00e8rent une partie du sud du pays ; ils venaient de pays anglo-saxons. John R. OLLEY (un N\u00e9o-z\u00e9landais) parcourut le nord, de [&hellip;]<\/p>\n","protected":false},"author":2,"featured_media":0,"comment_status":"closed","ping_status":"closed","sticky":false,"template":"","format":"standard","meta":{"footnotes":""},"categories":[12,9],"tags":[],"class_list":["post-2294","post","type-post","status-publish","format-standard","hentry","category-eglise-et-mission","category-oeuvres-et-missions"],"_links":{"self":[{"href":"https:\/\/www.servir.caef.net\/index.php?rest_route=\/wp\/v2\/posts\/2294","targetHints":{"allow":["GET"]}}],"collection":[{"href":"https:\/\/www.servir.caef.net\/index.php?rest_route=\/wp\/v2\/posts"}],"about":[{"href":"https:\/\/www.servir.caef.net\/index.php?rest_route=\/wp\/v2\/types\/post"}],"author":[{"embeddable":true,"href":"https:\/\/www.servir.caef.net\/index.php?rest_route=\/wp\/v2\/users\/2"}],"replies":[{"embeddable":true,"href":"https:\/\/www.servir.caef.net\/index.php?rest_route=%2Fwp%2Fv2%2Fcomments&post=2294"}],"version-history":[{"count":0,"href":"https:\/\/www.servir.caef.net\/index.php?rest_route=\/wp\/v2\/posts\/2294\/revisions"}],"wp:attachment":[{"href":"https:\/\/www.servir.caef.net\/index.php?rest_route=%2Fwp%2Fv2%2Fmedia&parent=2294"}],"wp:term":[{"taxonomy":"category","embeddable":true,"href":"https:\/\/www.servir.caef.net\/index.php?rest_route=%2Fwp%2Fv2%2Fcategories&post=2294"},{"taxonomy":"post_tag","embeddable":true,"href":"https:\/\/www.servir.caef.net\/index.php?rest_route=%2Fwp%2Fv2%2Ftags&post=2294"}],"curies":[{"name":"wp","href":"https:\/\/api.w.org\/{rel}","templated":true}]}}