{"id":2302,"date":"2004-05-23T15:17:23","date_gmt":"2004-05-23T15:17:23","guid":{"rendered":"\/?p=2302"},"modified":"2016-08-08T18:06:09","modified_gmt":"2016-08-08T18:06:09","slug":"et-lhumanitaire","status":"publish","type":"post","link":"https:\/\/www.servir.caef.net\/?p=2302","title":{"rendered":"Et l&rsquo;humanitaire ?"},"content":{"rendered":"<h1 style=\"text-align: center;\" align=\"JUSTIFY\">Et l&rsquo;humanitaire ?<\/h1>\n<p align=\"JUSTIFY\">\u00a0<a href=\"\/wp-content\/uploads\/2012\/11\/porteuses.jpg\"><img loading=\"lazy\" decoding=\"async\" class=\" size-full wp-image-7976 aligncenter\" src=\"\/wp-content\/uploads\/2012\/11\/porteuses.jpg\" alt=\"porteuses\" width=\"172\" height=\"208\" \/><\/a><\/p>\n<p align=\"JUSTIFY\">\u00a0<\/p>\n<p align=\"JUSTIFY\"><strong>par <span style=\"color: #b22222;\"><span style=\"font-size: 16px;\">Reynald KOZYCKI<\/span><\/span><\/strong><\/p>\n<p align=\"JUSTIFY\">\u00a0<\/p>\n<h2>Buts diff\u00e9rents<\/h2>\n<p align=\"JUSTIFY\">\u00a0<\/p>\n<p style=\"text-align: justify;\">Les buts divergent quelque peu entre le travail missionnaire et l&rsquo;humanitaire. Dans le premier cas, l&rsquo;\u00e9vang\u00e9lisation ou l&rsquo;affermissement des \u00e9glises est la priorit\u00e9. Dans le second, c&rsquo;est le social, le \u00ab\u00a0secours humain\u00a0\u00bb sans port\u00e9e directement spirituelle qui est vis\u00e9. Par exemple M\u00e9dair, organisation non gouvernementale (ONG), sp\u00e9cifie dans sa charte qu&rsquo;il \u00ab\u00a0apporte son secours aux victimes de catastrophes naturelles, de situations de bellig\u00e9rance ou autres \u00e9v\u00e9nements accidentels, sans aucune discrimination raciale, politique ou religieuse.\u00a0\u00bb<\/p>\n<p align=\"JUSTIFY\">\u00a0<\/p>\n<p align=\"JUSTIFY\"><!--more--><\/p>\n<p align=\"JUSTIFY\">\u00a0<a href=\"\/wp-content\/uploads\/2004\/pdf2004\/2004_03_19_etlhumanitaire.pdf\" target=\"_blank\"><img loading=\"lazy\" decoding=\"async\" title=\"iconePDF\" src=\"\/wp-content\/uploads\/2011\/01\/iconePDF.jpg\" alt=\"\" width=\"81\" height=\"76\" align=\"right\" hspace=\"8\" vspace=\"8\" \/><\/a>Artisanat-Sel (une des branches du Service d&rsquo;Entraide et de Liaison) a fait le choix d&rsquo;apporter sa contribution au commerce \u00e9quitable. Il aide certains artisans (parfois \u00e9vang\u00e9liques) de pays en voie de d\u00e9veloppement, \u00e0 \u00e9couler leur marchandise \u00e0 un prix d\u00e9cent.<\/p>\n<p align=\"JUSTIFY\">\u00a0<\/p>\n<p align=\"JUSTIFY\">Il est vrai que nos soci\u00e9t\u00e9s \u00ab\u00a0s\u00e9cularis\u00e9es\u00a0\u00bb ont une estime beaucoup plus grande pour le travail humanitaire, et que la mission est souvent per\u00e7ue comme une vulgaire propagande. A l&rsquo;inverse nos \u00e9glises \u00e9vang\u00e9liques d\u00e9valuent parfois le travail humanitaire. L&rsquo;enseignement de J\u00e9sus, tout en valorisant l&rsquo;amour du prochain (par exemple dans le bon samaritain) accorde une priorit\u00e9 au \u00ab\u00a0spirituel\u00a0\u00bb. Pour ne pas entrer dans un d\u00e9bat st\u00e9rile, nous pouvons discerner une sorte de compl\u00e9mentarit\u00e9 entre le social et le travail spirituel.<\/p>\n<p align=\"JUSTIFY\">\u00a0<\/p>\n<p align=\"JUSTIFY\">Pr\u00e9sentation de deux organismes humanitaires<\/p>\n<p align=\"JUSTIFY\">\u00a0<\/p>\n<p align=\"JUSTIFY\">\u00a0<\/p>\n<h2><a href=\"http:\/\/www.selfrance.org\/\"><img loading=\"lazy\" decoding=\"async\" class=\" size-full wp-image-9027 alignright\" src=\"\/wp-content\/uploads\/2004\/05\/sel-service.png\" alt=\"sel service\" width=\"143\" height=\"85\" \/><\/a>Le S.E.L.<\/h2>\n<p align=\"JUSTIFY\">\u00a0<\/p>\n<h3>Questions \u00e0 Patrick Guiborat, directeur du S.E.L<\/h3>\n<p align=\"JUSTIFY\">\u00a0<\/p>\n<p align=\"JUSTIFY\">\u00a0<\/p>\n<p>&nbsp;<\/p>\n<p align=\"JUSTIFY\"><strong><img loading=\"lazy\" decoding=\"async\" class=\"alignnone  wp-image-8166\" src=\"\/wp-content\/uploads\/2014\/04\/dialogue-2.jpg\" alt=\"dialogue-2\" width=\"62\" height=\"64\" \/>1) Qu&rsquo;est-ce qui vous a amen\u00e9 \u00e0 travailler avec le S.E.L. ? <\/strong><\/p>\n<p align=\"JUSTIFY\">\u00a0<\/p>\n<p align=\"JUSTIFY\">Tr\u00e8s jeune, j&rsquo;ai \u00e9t\u00e9 boulevers\u00e9 par les injustices et la souffrance dans ce monde. Cela me r\u00e9voltait \u00e0 tel point que Dieu m&rsquo;a amen\u00e9 vers lui par ce moyen, en me montrant aussi le mal qui r\u00e9gnait en moi. Plus tard, la d\u00e9couverte du S.E.L. fut comme une r\u00e9v\u00e9lation : on pouvait \u00eatre chr\u00e9tien \u00e9vang\u00e9lique et s&rsquo;engager concr\u00e8tement pour lutter contre les injustices. Puis, apr\u00e8s des \u00e9tudes sup\u00e9rieures, une formation biblique et 6 ans d&rsquo;exp\u00e9rience professionnelle, une porte s&rsquo;est ouverte au S.E.L. : je compris alors la raison de ces diff\u00e9rentes \u00e9tapes.<\/p>\n<p align=\"JUSTIFY\">\u00a0<\/p>\n<p>&nbsp;<\/p>\n<p align=\"JUSTIFY\"><strong><img loading=\"lazy\" decoding=\"async\" class=\"alignnone  wp-image-8166\" src=\"\/wp-content\/uploads\/2014\/04\/dialogue-2.jpg\" alt=\"dialogue-2\" width=\"62\" height=\"64\" \/>2) Si un jeune souhaite s&rsquo;investir au moins ponctuellement dans une action humanitaire, quels conseils lui donneriez-vous ? <\/strong><\/p>\n<p align=\"JUSTIFY\">\u00a0<\/p>\n<p align=\"JUSTIFY\">Je lui conseillerai d&rsquo;abord de bien se pr\u00e9parer (lectures, rencontres, formation) et de sonder son \u00e9tat d&rsquo;esprit : quelles sont ses motivations ? Est-il pr\u00eat \u00e0 d\u00e9couvrir et \u00e0 respecter une autre culture ? Si quelque chose le heurte, va-t-il essayer de comprendre avant de r\u00e9agir ? Il ne doit pas partir dans le but de beaucoup donner, car il risque surtout de beaucoup recevoir.<\/p>\n<p align=\"JUSTIFY\">\u00a0<\/p>\n<p align=\"JUSTIFY\">Pour une action \u00e0 plus long terme, la dimension professionnelle devient fondamentale. Le S.E.L. recherche des jeunes motiv\u00e9s avec des comp\u00e9tences \u00e0 mettre au service de nos partenaires, l\u00e0-bas ou ici (par un stage en d\u00e9veloppement, commerce \u00e9quitable, mais aussi gestion, communication, informatique, etc&#8230;).<\/p>\n<p align=\"JUSTIFY\">\u00a0<\/p>\n<p align=\"JUSTIFY\">Site web du S.E.L. : <a href=\"http:\/\/www.selfrance.org\/\">www.selfrance.org<\/a><\/p>\n<p align=\"JUSTIFY\">\u00a0<\/p>\n<p align=\"JUSTIFY\">\u00a0<\/p>\n<h2><a href=\"http:\/\/relief.medair.org\/fr\/\"><img loading=\"lazy\" decoding=\"async\" class=\" size-full wp-image-9029 alignright\" src=\"\/wp-content\/uploads\/2004\/05\/medair.png\" alt=\"medair\" width=\"190\" height=\"60\" \/><\/a>MEDAIR<\/h2>\n<p align=\"JUSTIFY\">\u00a0<\/p>\n<p align=\"JUSTIFY\">Pour Olivier Laxenaire, membre d&rsquo;une \u00e9glise CAEF \u00e0 Palaiseau, le travail avec M\u00e9dair est une exp\u00e9rience enrichissante : \u00ab\u00a0Ce qui m&rsquo;a incit\u00e9 \u00e0 travailler avec eux, c&rsquo;est leur d\u00e9sir d&rsquo;excellence morale et professionnelle, ainsi que l&rsquo;acceptation de personnes de qualifications diverses (je suis informaticien)&#8230; Depuis l&rsquo;an 2001, je suis parti trois fois au Congo RDC pour un immense projet m\u00e9dical et je remercie Dieu de me permettre de r\u00e9pondre \u00e0 cet appel et de mener aussi mon m\u00e9tier d&rsquo;enseignant. Il est indispensable que des francophones s&rsquo;engagent dans ce service, car les pays francophones ont bien besoin de nous et nous sommes peu nombreux.\u00a0\u00bb<\/p>\n<p align=\"JUSTIFY\">\u00a0<\/p>\n<h3><strong>Questions \u00e0 Eric Jaffrain, directeur de la communication de M\u00e9dair <\/strong><\/h3>\n<p align=\"JUSTIFY\">\u00a0<\/p>\n<p align=\"JUSTIFY\"><strong><img loading=\"lazy\" decoding=\"async\" class=\"alignnone  wp-image-8166\" src=\"\/wp-content\/uploads\/2014\/04\/dialogue-2.jpg\" alt=\"dialogue-2\" width=\"62\" height=\"64\" \/>Quels conseils donneriez-vous \u00e0 un jeune souhaitant s&rsquo;investir au moins ponctuellement dans une : action humanitaire ? <\/strong><\/p>\n<p align=\"JUSTIFY\">\u00a0<\/p>\n<p align=\"JUSTIFY\">Aujourd&rsquo;hui, 3 aspects sont importants \u00e0 consid\u00e9rer :<\/p>\n<p align=\"JUSTIFY\">\u00a0<\/p>\n<p align=\"JUSTIFY\">1. L&rsquo;humanitaire a chang\u00e9 de mentalit\u00e9 : ce n&rsquo;est plus une option exotique ni la d\u00e9marche \u00ab\u00a0du grand blanc qui va aider le petit noir\u00a0\u00bb. L&rsquo;europ\u00e9en ne peut plus aller comme \u00ab\u00a0donneur de le\u00e7on\u00a0\u00bb ou avec une r\u00e9ponse toute faite, mais bel et bien comme un partenaire \u00e0 l&rsquo;\u00e9coute du besoin \u00e9mis par la victime.<\/p>\n<p align=\"JUSTIFY\">\u00a0<\/p>\n<p align=\"JUSTIFY\">2. L&rsquo;aide s&rsquo;est professionnalis\u00e9e : la plupart des ONG internationales comme M\u00e9dair, recrutent le plus souvent des personnes ayant une exp\u00e9rience professionnelle d&rsquo;au moins un an. Nous recrutons des managers, des logisticiens, du personnel m\u00e9dical et technique ou encore administratif.<\/p>\n<p align=\"JUSTIFY\">\u00a0<\/p>\n<p align=\"JUSTIFY\">3. Evaluer sa capacit\u00e9 : suis-je pr\u00eat \u00e0 m&rsquo;adapter \u00e0 une autre culture ? A vivre comme la population sur place ? A vivre en \u00e9quipe ? A supporter le stress ? A m&rsquo;absenter plus de 10 mois hors de mon pays ? etc&#8230; C&rsquo;est pour cette raison que M\u00e9dair propose une \u00ab\u00a0 formation &#8211; \u00e9valuation\u00a0\u00bb de 10 jours avant de partir.<\/p>\n<p align=\"JUSTIFY\">\u00a0<\/p>\n<p align=\"JUSTIFY\">Site web\u00a0de M\u00e9dair <a href=\"http:\/\/www.medair.org \">www.medair.org <\/a><\/p>\n<p align=\"JUSTIFY\">\u00a0<\/p>\n<p align=\"CENTER\"><b>Propos recueillis par Reynald Kozycki<\/b><\/p>\n","protected":false},"excerpt":{"rendered":"<p>Et l&rsquo;humanitaire ? \u00a0 \u00a0 par Reynald KOZYCKI \u00a0 Buts diff\u00e9rents \u00a0 Les buts divergent quelque peu entre le travail missionnaire et l&rsquo;humanitaire. Dans le premier cas, l&rsquo;\u00e9vang\u00e9lisation ou l&rsquo;affermissement des \u00e9glises est la priorit\u00e9. Dans le second, c&rsquo;est le social, le \u00ab\u00a0secours humain\u00a0\u00bb sans port\u00e9e directement spirituelle qui est vis\u00e9. Par exemple M\u00e9dair, organisation [&hellip;]<\/p>\n","protected":false},"author":21,"featured_media":0,"comment_status":"closed","ping_status":"closed","sticky":false,"template":"","format":"standard","meta":{"footnotes":""},"categories":[50,9,72,33,36],"tags":[],"class_list":["post-2302","post","type-post","status-publish","format-standard","hentry","category-jeunesse","category-oeuvres-et-missions","category-service","category-temoignages","category-le-travail"],"_links":{"self":[{"href":"https:\/\/www.servir.caef.net\/index.php?rest_route=\/wp\/v2\/posts\/2302","targetHints":{"allow":["GET"]}}],"collection":[{"href":"https:\/\/www.servir.caef.net\/index.php?rest_route=\/wp\/v2\/posts"}],"about":[{"href":"https:\/\/www.servir.caef.net\/index.php?rest_route=\/wp\/v2\/types\/post"}],"author":[{"embeddable":true,"href":"https:\/\/www.servir.caef.net\/index.php?rest_route=\/wp\/v2\/users\/21"}],"replies":[{"embeddable":true,"href":"https:\/\/www.servir.caef.net\/index.php?rest_route=%2Fwp%2Fv2%2Fcomments&post=2302"}],"version-history":[{"count":0,"href":"https:\/\/www.servir.caef.net\/index.php?rest_route=\/wp\/v2\/posts\/2302\/revisions"}],"wp:attachment":[{"href":"https:\/\/www.servir.caef.net\/index.php?rest_route=%2Fwp%2Fv2%2Fmedia&parent=2302"}],"wp:term":[{"taxonomy":"category","embeddable":true,"href":"https:\/\/www.servir.caef.net\/index.php?rest_route=%2Fwp%2Fv2%2Fcategories&post=2302"},{"taxonomy":"post_tag","embeddable":true,"href":"https:\/\/www.servir.caef.net\/index.php?rest_route=%2Fwp%2Fv2%2Ftags&post=2302"}],"curies":[{"name":"wp","href":"https:\/\/api.w.org\/{rel}","templated":true}]}}