{"id":2401,"date":"2004-09-24T16:50:16","date_gmt":"2004-09-24T16:50:16","guid":{"rendered":"\/?p=2401"},"modified":"2016-08-08T21:27:11","modified_gmt":"2016-08-08T21:27:11","slug":"pourquoi-des-eglises-ethniques","status":"publish","type":"post","link":"https:\/\/www.servir.caef.net\/?p=2401","title":{"rendered":"Pourquoi des \u00e9glises ethniques ?"},"content":{"rendered":"<h1 style=\"text-align: center;\" align=\"JUSTIFY\">Pourquoi des \u00e9glises ethniques ?<\/h1>\n<p align=\"JUSTIFY\">\u00a0<\/p>\n<p align=\"JUSTIFY\"><a href=\"\/wp-content\/uploads\/2015\/01\/interview.jpg\"><img loading=\"lazy\" decoding=\"async\" class=\" size-full wp-image-8710 aligncenter\" src=\"\/wp-content\/uploads\/2015\/01\/interview.jpg\" alt=\"interview\" width=\"329\" height=\"126\" srcset=\"https:\/\/www.servir.caef.net\/wp-content\/uploads\/2015\/01\/interview.jpg 329w, https:\/\/www.servir.caef.net\/wp-content\/uploads\/2015\/01\/interview-300x114.jpg 300w\" sizes=\"auto, (max-width: 329px) 100vw, 329px\" \/><\/a><\/p>\n<p align=\"JUSTIFY\">\u00a0<\/p>\n<p align=\"JUSTIFY\"><strong>par <span style=\"color: #b22222;\"><span style=\"font-size: 16px;\">Allan KITT<\/span><\/span><\/strong><\/p>\n<p align=\"JUSTIFY\">\u00a0<\/p>\n<p>&nbsp;<\/p>\n<p align=\"JUSTIFY\"><span style=\"font-size: 14pt;\"><strong>Vanh KHEUANESOM-BATH est pasteur de l&rsquo;\u00e9glise laotienne \u00e0 V\u00e9nissieux, dans la banlieue de Lyon. Allan Km lui a pos\u00e9 quelques questions au sujet de son minist\u00e8re en France et de sa vision pour son \u00e9glise.<\/strong><\/span><\/p>\n<p align=\"JUSTIFY\">\u00a0<\/p>\n<p align=\"JUSTIFY\">\u00a0<\/p>\n<p align=\"JUSTIFY\"><strong><br \/> <!--more--><br \/> <\/strong><\/p>\n<h3 style=\"text-align: justify;\"><strong><a href=\"\/wp-content\/uploads\/2004\/pdf2004\/2004_05_10_pourquoideseglisesethniques.pdf\" target=\"_blank\"><img loading=\"lazy\" decoding=\"async\" title=\"iconePDF\" src=\"\/wp-content\/uploads\/2011\/01\/iconePDF.jpg\" alt=\"\" width=\"81\" height=\"76\" align=\"right\" hspace=\"8\" vspace=\"8\" \/><\/a><\/strong><a href=\"\/wp-content\/uploads\/2014\/04\/dialogue-2.jpg\"><img loading=\"lazy\" decoding=\"async\" class=\"  wp-image-8166 alignleft\" src=\"\/wp-content\/uploads\/2014\/04\/dialogue-2.jpg\" alt=\"dialogue-2\" width=\"64\" height=\"67\" \/><\/a>A.K. Bonjour, Vanh, et merci de prendre du temps pour partager ton exp\u00e9rience avec les lecteurs de \u00ab Servir \u00bb. Peux-tu r\u00e9sumer rapidement l&rsquo;histoire de l&rsquo;\u00e9glise laotienne et de ton propre minist\u00e8re ?<\/h3>\n<p align=\"JUSTIFY\">\u00a0<\/p>\n<p align=\"JUSTIFY\">V.K. L&rsquo;\u00e9glise a ses origines dans le travail de Hermann CHRISTEN, missionnaire au Laos pendant 25 ans, puis parmi les r\u00e9fugi\u00e9s laotiens en France \u00e0 partir de 1975. Je suis arriv\u00e9 en France comme r\u00e9fugi\u00e9 en 1976. Apr\u00e8s un s\u00e9jour \u00e0 Lure, dans la Haute-Sa\u00f4ne, o\u00f9 j&rsquo;ai travaill\u00e9 en usine, j&rsquo;ai rejoint Hermann en juillet 1977 pour l&rsquo;accompagner dans le travail de visites aupr\u00e8s des r\u00e9fugi\u00e9s. Des chr\u00e9tiens laotiens ont commenc\u00e9 \u00e0 se r\u00e9unir, et l&rsquo;\u00e9glise elle-m\u00eame est d\u00e9clar\u00e9e comme association cultuelle depuis 1986. Environ 60 \u00e0 70 personnes se r\u00e9unissent maintenant dans un local sur le terrain de l&rsquo;\u00e9glise \u00e9vang\u00e9lique \u00ab l&rsquo;Oasis \u00bb, \u00e0 V\u00e9nissieux.<\/p>\n<p align=\"JUSTIFY\">\u00a0<\/p>\n<p align=\"JUSTIFY\">\u00a0<\/p>\n<h3><a href=\"\/wp-content\/uploads\/2014\/04\/dialogue-2.jpg\"><img loading=\"lazy\" decoding=\"async\" class=\"  wp-image-8166 alignleft\" src=\"\/wp-content\/uploads\/2014\/04\/dialogue-2.jpg\" alt=\"dialogue-2\" width=\"64\" height=\"67\" \/><\/a>A.K. Qu&rsquo;est-ce qui vous distingue d&rsquo;une \u00e9glise fran\u00e7aise ?<\/h3>\n<p align=\"JUSTIFY\">\u00a0<\/p>\n<p align=\"JUSTIFY\">V.K. Presque tous les visages ont un petit air asiatique ! Et il y a, bien s\u00fbr, la langue. Au d\u00e9but, les r\u00e9unions se faisaient uniquement en laotien. Avec le temps nous avons \u00e9volu\u00e9 vers des rencontres bilingues comme nous les pratiquons actuellement. Tout en \u00e9tant reconnaissants pour l&rsquo;accueil dont nous avons b\u00e9n\u00e9fici\u00e9 en France, nous sommes conscients de ne pas vivre dans notre pays natal. Nous faisons partie du corps de Christ en France, bien entendu, mais il est important aussi de ne pas perdre notre identit\u00e9. Ce sont les jeunes de notre communaut\u00e9 qui nous encouragent \u00e0 maintenir l&rsquo;usage du laotien dans nos rencontres. Nous y retrouvons \u00ab un bout de notre patrie \u00bb.<\/p>\n<p align=\"JUSTIFY\">\u00a0<\/p>\n<p align=\"JUSTIFY\">\u00a0<\/p>\n<h3 style=\"text-align: justify;\"><a href=\"\/wp-content\/uploads\/2014\/04\/dialogue-2.jpg\"><img loading=\"lazy\" decoding=\"async\" class=\"  wp-image-8166 alignleft\" src=\"\/wp-content\/uploads\/2014\/04\/dialogue-2.jpg\" alt=\"dialogue-2\" width=\"64\" height=\"67\" \/><\/a>A.K. Cette sp\u00e9cificit\u00e9 vous emp\u00eache-t-elle d&rsquo;avoir des relations avec d&rsquo;autres \u00e9glises ?<\/h3>\n<p align=\"JUSTIFY\">\u00a0<\/p>\n<p align=\"JUSTIFY\">V.K. Absolument pas : nous faisons partie du corps de Christ en France, et plus sp\u00e9cifiquement dans la r\u00e9gion lyonnaise. Personnellement je fais partie du comit\u00e9 de la pastorale \u00e9vang\u00e9lique lyonnaise, j&rsquo;ai beaucoup de plaisir \u00e0 participer aux rencontres r\u00e9gionales et nationales des CAEF, et nous entreprenons r\u00e9guli\u00e8rement des actions d&rsquo;\u00e9vang\u00e9lisation avec les \u00e9glises \u00e9vang\u00e9liques de notre secteur g\u00e9ographique. Les jeunes participent \u00e9galement aux activit\u00e9s propos\u00e9es, par exemple, par Jeunesse pour Christ.<\/p>\n<p align=\"JUSTIFY\">\u00a0<\/p>\n<p align=\"JUSTIFY\">\u00a0<\/p>\n<h3 style=\"text-align: justify;\"><a href=\"\/wp-content\/uploads\/2014\/04\/dialogue-2.jpg\"><img loading=\"lazy\" decoding=\"async\" class=\"  wp-image-8166 alignleft\" src=\"\/wp-content\/uploads\/2014\/04\/dialogue-2.jpg\" alt=\"dialogue-2\" width=\"64\" height=\"67\" \/><\/a>A.K. Y a-t-il eu des difficult\u00e9s d&rsquo;Int\u00e9gration dans la vie en France ?<\/h3>\n<p align=\"JUSTIFY\">\u00a0<\/p>\n<p align=\"JUSTIFY\">V.K. Dans l&rsquo;ensemble, cela s&rsquo;est tr\u00e8s bien pass\u00e9. Quelques aspects de la vie en France, et en g\u00e9n\u00e9ral dans les pays occidentaux, peuvent choquer ceux qui viennent d&rsquo;une culture asiatique. Je pense, par exemple, aux relations entre gar\u00e7ons et filles, qui sont beaucoup moins encadr\u00e9es ici que dans notre pays d&rsquo;origine. La place et l&rsquo;honneur accord\u00e9s en Europe aux personnes \u00e2g\u00e9es ne sont pas non plus les m\u00eames qu&rsquo;en Asie, et cela a pu \u00eatre une source de conflits.<\/p>\n<p align=\"JUSTIFY\">\u00a0<\/p>\n<p align=\"JUSTIFY\">\u00a0<\/p>\n<h3><a href=\"\/wp-content\/uploads\/2014\/04\/dialogue-2.jpg\"><img loading=\"lazy\" decoding=\"async\" class=\"  wp-image-8166 alignleft\" src=\"\/wp-content\/uploads\/2014\/04\/dialogue-2.jpg\" alt=\"dialogue-2\" width=\"64\" height=\"67\" \/><\/a>A.K. Quels sont vos contacts avec votre pays d&rsquo;origine ?<\/h3>\n<p align=\"JUSTIFY\">\u00a0<\/p>\n<p align=\"JUSTIFY\">V.K. Cette ann\u00e9e, au mois d&rsquo;avril, j&rsquo;ai pu effectuer un voyage au Laos. Cela m&rsquo;a permis de revoir des membres de ma famille, et de rendre visite \u00e0 quelques \u00e9glises l\u00e0-bas. Les chr\u00e9tiens souffrent de la pers\u00e9cution, surtout hors des grandes villes, mais ils n&rsquo;en parlent pas comme si c&rsquo;\u00e9tait quelque chose d&rsquo;extraordinaire. Pour eux, cela fait partie du prix \u00e0 payer comme disciple du Christ, et ils ne sont certainement pas pr\u00eats \u00e0 se taire afin d&rsquo;\u00e9viter la prison ou la souffrance !<\/p>\n<p align=\"JUSTIFY\">\u00a0<\/p>\n<p align=\"JUSTIFY\">Nous avons des liens avec d&rsquo;autres chr\u00e9tiens laotiens en France. L&rsquo;Union des Eglises Evang\u00e9liques Laotiennes en France, dont nous faisons partie, est compos\u00e9e de cinq \u00e9glises, et elle organise deux rencontres pastorales par an, ainsi qu&rsquo;un camp de familles. La Jeunesse Chr\u00e9tienne Asiatique organise chaque ann\u00e9e un camp auquel participent 80 \u00e0 100 jeunes. L\u2019Alliance Chr\u00e9tienne Missionnaire g\u00e8re aussi une douzaine d&rsquo;\u00e9glises fr\u00e9quent\u00e9es surtout par des Hmong, originaires du nord du Laos et du Vietnam.<\/p>\n<p align=\"JUSTIFY\">\u00a0<\/p>\n<p align=\"JUSTIFY\">Dans la r\u00e9gion Rh\u00f4ne-Alpes je me rends r\u00e9guli\u00e8rement chez des chr\u00e9tiens laotiens isol\u00e9s ou qui fr\u00e9quentent des \u00e9glises fran\u00e7aises. Il y a aussi une action humanitaire importante en direction du Laos, g\u00e9r\u00e9e par le Service Fraternel d&rsquo;Entraide, une ONG franco-suisse chr\u00e9tienne qui poursuit diverses activit\u00e9s dans le domaine de la coop\u00e9ration m\u00e9dicale et du d\u00e9veloppement rural.<\/p>\n<p align=\"JUSTIFY\">\u00a0<\/p>\n<p align=\"JUSTIFY\">\u00a0<\/p>\n<p align=\"JUSTIFY\">\u00a0<\/p>\n<h3 style=\"text-align: justify;\"><a href=\"\/wp-content\/uploads\/2014\/04\/dialogue-2.jpg\"><img loading=\"lazy\" decoding=\"async\" class=\"  wp-image-8166 alignleft\" src=\"\/wp-content\/uploads\/2014\/04\/dialogue-2.jpg\" alt=\"dialogue-2\" width=\"64\" height=\"67\" \/><\/a>A.K. Merci, Vanh, pour cet aper\u00e7u des richesses spirituelles et de la vitalit\u00e9 de nos \u00e9glises-s\u0153urs qui ont une grande place dans nos c\u0153urs et dans le paysage chr\u00e9tien fran\u00e7ais.<\/h3>\n<p align=\"JUSTIFY\">\u00a0<\/p>\n","protected":false},"excerpt":{"rendered":"<p>Pourquoi des \u00e9glises ethniques ? \u00a0 \u00a0 par Allan KITT \u00a0 &nbsp; Vanh KHEUANESOM-BATH est pasteur de l&rsquo;\u00e9glise laotienne \u00e0 V\u00e9nissieux, dans la banlieue de Lyon. Allan Km lui a pos\u00e9 quelques questions au sujet de son minist\u00e8re en France et de sa vision pour son \u00e9glise. \u00a0 \u00a0<\/p>\n","protected":false},"author":59,"featured_media":0,"comment_status":"closed","ping_status":"closed","sticky":false,"template":"","format":"standard","meta":{"footnotes":""},"categories":[16,12,13],"tags":[],"class_list":["post-2401","post","type-post","status-publish","format-standard","hentry","category-le-chretien-et-la-societe","category-eglise-et-mission","category-la-vie-de-leglise"],"_links":{"self":[{"href":"https:\/\/www.servir.caef.net\/index.php?rest_route=\/wp\/v2\/posts\/2401","targetHints":{"allow":["GET"]}}],"collection":[{"href":"https:\/\/www.servir.caef.net\/index.php?rest_route=\/wp\/v2\/posts"}],"about":[{"href":"https:\/\/www.servir.caef.net\/index.php?rest_route=\/wp\/v2\/types\/post"}],"author":[{"embeddable":true,"href":"https:\/\/www.servir.caef.net\/index.php?rest_route=\/wp\/v2\/users\/59"}],"replies":[{"embeddable":true,"href":"https:\/\/www.servir.caef.net\/index.php?rest_route=%2Fwp%2Fv2%2Fcomments&post=2401"}],"version-history":[{"count":0,"href":"https:\/\/www.servir.caef.net\/index.php?rest_route=\/wp\/v2\/posts\/2401\/revisions"}],"wp:attachment":[{"href":"https:\/\/www.servir.caef.net\/index.php?rest_route=%2Fwp%2Fv2%2Fmedia&parent=2401"}],"wp:term":[{"taxonomy":"category","embeddable":true,"href":"https:\/\/www.servir.caef.net\/index.php?rest_route=%2Fwp%2Fv2%2Fcategories&post=2401"},{"taxonomy":"post_tag","embeddable":true,"href":"https:\/\/www.servir.caef.net\/index.php?rest_route=%2Fwp%2Fv2%2Ftags&post=2401"}],"curies":[{"name":"wp","href":"https:\/\/api.w.org\/{rel}","templated":true}]}}