{"id":2420,"date":"2004-09-24T17:26:01","date_gmt":"2004-09-24T17:26:01","guid":{"rendered":"\/?p=2420"},"modified":"2016-09-08T13:57:19","modified_gmt":"2016-09-08T13:57:19","slug":"dans-la-peau-de-letranger","status":"publish","type":"post","link":"https:\/\/www.servir.caef.net\/?p=2420","title":{"rendered":"Dans la peau de l&rsquo;\u00e9tranger"},"content":{"rendered":"<h1 style=\"text-align: center;\" align=\"JUSTIFY\">Dans la peau de l&rsquo;\u00e9tranger<\/h1>\n<p align=\"JUSTIFY\">\u00a0<a href=\"\/wp-content\/uploads\/2004\/09\/negatif-1.jpg\"><img loading=\"lazy\" decoding=\"async\" class=\" size-full wp-image-9041 aligncenter\" src=\"\/wp-content\/uploads\/2004\/09\/negatif-1.jpg\" alt=\"negatif-1\" width=\"113\" height=\"105\" \/><\/a><a href=\"\/wp-content\/uploads\/2004\/09\/negatif.gif\"><img loading=\"lazy\" decoding=\"async\" class=\" size-full wp-image-9040 aligncenter\" src=\"\/wp-content\/uploads\/2004\/09\/negatif.gif\" alt=\"negatif\" width=\"113\" height=\"105\" \/><\/a><\/p>\n<p align=\"JUSTIFY\">\u00a0<\/p>\n<p align=\"JUSTIFY\"><strong>par <span style=\"color: #b22222;\"><span style=\"font-size: 16px;\">Fran\u00e7oise LOMBET<\/span><\/span><\/strong><\/p>\n<p align=\"JUSTIFY\">\u00a0<\/p>\n<p align=\"JUSTIFY\">\u00a0<\/p>\n<p>&nbsp;<\/p>\n<p>&nbsp;<\/p>\n<p align=\"JUSTIFY\"><strong>Voici deux ouvrages un peu anciens, mais qui ont le m\u00e9rite d&rsquo;\u00eatre des enqu\u00eates, des documents v\u00e9cus sur le terrain et de l&rsquo;int\u00e9rieur ; ce que l&rsquo;on appellerait aujourd&rsquo;hui des \u00ab reportages-r\u00e9alit\u00e9 \u00bb. Peut-on dire que les situations ont \u00e9volu\u00e9 positivement depuis ces \u00e9poques ? Ce n&rsquo;est pas s\u00fbr. Il reste toujours des progr\u00e8s \u00e0 faire dans la communication et la compr\u00e9hension entre les hommes.<\/strong><\/p>\n<p align=\"JUSTIFY\">\u00a0<\/p>\n<p align=\"JUSTIFY\"><!--more--><\/p>\n<h3><strong><a href=\"\/wp-content\/uploads\/2004\/pdf2004\/2004_05_15_danslapeaudeletranger.pdf\" target=\"_blank\"><img loading=\"lazy\" decoding=\"async\" title=\"iconePDF\" src=\"\/wp-content\/uploads\/2011\/01\/iconePDF.jpg\" alt=\"\" width=\"81\" height=\"76\" align=\"right\" hspace=\"8\" vspace=\"8\" \/><\/a><\/strong>Dans la peau d&rsquo;un Noir<\/h3>\n<p align=\"JUSTIFY\">\u00a0<\/p>\n<p align=\"JUSTIFY\"><strong>de John Howard GRIFFIN<\/strong><\/p>\n<p align=\"JUSTIFY\">\u00a0<\/p>\n<p align=\"JUSTIFY\">En 1959, un Blanc J.H. Griffin, hant\u00e9 par le probl\u00e8me de la s\u00e9gr\u00e9gation raciale, d\u00e9cide d&rsquo;aller au fond du probl\u00e8me en devenant lui-m\u00eame un Noir.<\/p>\n<p align=\"JUSTIFY\">\u00a0<\/p>\n<p align=\"JUSTIFY\">Ayant coup\u00e9 les ponts avec sa famille et ses amis, il se m\u00e9tamorphose en Noir en cinq jours avec l&rsquo;aide d&rsquo;un m\u00e9decin, d&rsquo;un m\u00e9dicament et d&rsquo;une lampe \u00e0 rayons ultraviolets. Du 7 novembre au 14 d\u00e9cembre, il sillonne le Mississipi, l&rsquo;Alabama, la Nouvelle-Orl\u00e9ans empruntant tous les moyens de locomotion, dormant dans les taudis r\u00e9serv\u00e9s aux gens de couleur, mangeant, vivant avec eux, comme eux, avec toutes les contraintes et les interdictions (toilettes, restaurants, \u00e9glises, biblioth\u00e8ques, cin\u00e9mas, \u00e9coles&#8230;) les concernant, leur parlant d&rsquo;\u00e9gal \u00e0 \u00e9gal puisqu&rsquo;il est noir.<\/p>\n<p align=\"JUSTIFY\">\u00a0<\/p>\n<p align=\"JUSTIFY\">L&rsquo;\u00e9volution de John Griffin le conduit \u00e0 s&rsquo;identifier \u00e0 la condition de Noir. Il a compris imm\u00e9diatement \u00ab la lutte sournoise qui mettait perp\u00e9tuellement aux prises les Noirs et les Blancs \u00bb. Il dit : \u00ab La seule chose qui sauve le Noir du d\u00e9sespoir complet est sa conviction que ces choses ne lui sont pas destin\u00e9es personnellement, mais \u00e0 sa race, \u00e0 sa pigmentation. \u00bb \u00ab Je n&rsquo;ai pas \u00e9t\u00e9 charg\u00e9 de d\u00e9fendre la cause des Noirs. J&rsquo;ai cherch\u00e9 ce qu&rsquo;ils avaient d&rsquo;inf\u00e9rieur, et je n&rsquo;ai pas trouv\u00e9. \u00bb<\/p>\n<p align=\"JUSTIFY\">\u00a0<\/p>\n<p align=\"JUSTIFY\">Lorsqu&rsquo;il reprend son identit\u00e9 d&rsquo;homme blanc, apr\u00e8s 7 semaines pass\u00e9es dans la peau d&rsquo;un Noir, c&rsquo;est le m\u00eame chemin qu&rsquo;il lui faut parcourir \u00e0 rebours. Il subit l&rsquo;hostilit\u00e9 de son entourage, les menaces, la peur, la haine mais aussi des f\u00e9licitations pour avoir os\u00e9 cette exp\u00e9rience. Il avoue m\u00eame \u00ab demeurer en partie Noir \u00bb. Il conclut : \u00ab Les Noirs ne comprennent pas plus les Blancs que ceux-ci ne comprennent les Noirs. La plus d\u00e9solante cons\u00e9quence de cette absence de communication est l&rsquo;accroissement du racisme chez les Noirs, justifi\u00e9 jusqu&rsquo;\u00e0 un certain point. \u00bb<\/p>\n<p align=\"JUSTIFY\">\u00a0<\/p>\n<p align=\"JUSTIFY\">\u00a0<\/p>\n<p style=\"text-align: center;\"><span style=\"background-color: #add8e6;\"><em>\u00ab Il n&rsquo;y a plus ni Juif ni Grec, il n&rsquo;y a plus ni esclave ni libre, il n&rsquo;y a plus ni homme ni femme ; car tous vous \u00eates un en J\u00e9sus-Christ. \u00bb<\/em><\/span><\/p>\n<p style=\"text-align: center;\"><span style=\"background-color: #add8e6;\"><em>Galates 3 : 28<\/em><\/span><\/p>\n<p align=\"JUSTIFY\">\u00a0<\/p>\n<p align=\"JUSTIFY\">\u00a0<\/p>\n<p align=\"JUSTIFY\">\u00a0<\/p>\n<h3>T\u00eate de Turc<\/h3>\n<p align=\"JUSTIFY\"><strong><br \/> de Gunter Wallraff<br \/> <\/strong><\/p>\n<p align=\"JUSTIFY\">\u00a0<\/p>\n<p align=\"JUSTIFY\">Journaliste, Gunter Wallraff s&rsquo;est rendu c\u00e9l\u00e8bre en Allemagne par ses dossiers explosifs et notamment sur les m\u00e9thodes du journalisme \u00e0 sensation, pratiqu\u00e9es par l&rsquo;important quotidien Bild Zeitung, o\u00f9 il s&rsquo;\u00e9tait infiltr\u00e9 sous une fausse identit\u00e9.<\/p>\n<p align=\"JUSTIFY\">\u00a0<\/p>\n<p align=\"JUSTIFY\">Paru en 1985, \u00ab T\u00eate de Turc \u00bb a connu un succ\u00e8s sans pr\u00e9c\u00e9dent dans l&rsquo;histoire de l&rsquo;\u00e9dition allemande : 2 millions d&rsquo;exemplaires vendus en 4 mois.<\/p>\n<p align=\"JUSTIFY\">\u00a0<\/p>\n<p align=\"JUSTIFY\">Pendant deux ans, Wallraff a v\u00e9cu comme un Turc, trim\u00e9 comme un Turc. Pour gagner sa vie, il est pr\u00eat \u00e0 faire tous les boulots \u00ab m\u00eame les plus durs, les plus insalubres \u00bb. Il sera successivement journalier dans une ferme, homme \u00e0 tout faire chez McDonald&rsquo;s, manoeuvre dans le b\u00e2timent, OS dans les aci\u00e9ries, cobaye dans l&rsquo;industrie pharmaceutique, chauffeur d&rsquo;un marchand d&rsquo;esclaves, membre d&rsquo;un \u00ab commando suicide \u00bb charg\u00e9 d&rsquo;aller colmater une fuite dans une centrale nucl\u00e9aire, etc.<\/p>\n<p align=\"JUSTIFY\">\u00a0<\/p>\n<p align=\"JUSTIFY\">Il a subi les brimades et les discriminations qui constituent le lot de nombre d&rsquo;immigr\u00e9s dans cette d\u00e9mocratie qu&rsquo;est la RFA. Le titre original de cet ouvrage est \u00ab Tout en bas ! \u00bb. Cette enqu\u00eate se lit comme un roman. Wallraff s&rsquo;est \u00ab fait turc \u00bb pour d\u00e9couvrir et faire d\u00e9couvrir au public allemand apr\u00e8s lui, ce que peut \u00eatre le racisme quotidien dans une d\u00e9mocratie europ\u00e9enne.<\/p>\n<p align=\"JUSTIFY\">\u00a0<\/p>\n<p align=\"JUSTIFY\">Gunter Wallraff aura impos\u00e9 la r\u00e9habilitation des Turcs immigr\u00e9s en racontant, apr\u00e8s l&rsquo;avoir si longtemps partag\u00e9, leur enfer quotidien. Il faut rappeler qu&rsquo;il verse les deux tiers de ses droits d&rsquo;auteur \u00e0 un \u00ab Fonds de solidarit\u00e9 avec les \u00e9trangers \u00bb qu&rsquo;il a cr\u00e9\u00e9.<\/p>\n<p align=\"JUSTIFY\">\u00a0<\/p>\n<p style=\"text-align: center;\"><strong>F.L.<\/strong><\/p>\n","protected":false},"excerpt":{"rendered":"<p>Dans la peau de l&rsquo;\u00e9tranger \u00a0 \u00a0 par Fran\u00e7oise LOMBET \u00a0 \u00a0 &nbsp; &nbsp; Voici deux ouvrages un peu anciens, mais qui ont le m\u00e9rite d&rsquo;\u00eatre des enqu\u00eates, des documents v\u00e9cus sur le terrain et de l&rsquo;int\u00e9rieur ; ce que l&rsquo;on appellerait aujourd&rsquo;hui des \u00ab reportages-r\u00e9alit\u00e9 \u00bb. Peut-on dire que les situations ont \u00e9volu\u00e9 positivement [&hellip;]<\/p>\n","protected":false},"author":50,"featured_media":0,"comment_status":"closed","ping_status":"closed","sticky":false,"template":"","format":"standard","meta":{"footnotes":""},"categories":[16,41,74],"tags":[],"class_list":["post-2420","post","type-post","status-publish","format-standard","hentry","category-le-chretien-et-la-societe","category-lhomme","category-peche"],"_links":{"self":[{"href":"https:\/\/www.servir.caef.net\/index.php?rest_route=\/wp\/v2\/posts\/2420","targetHints":{"allow":["GET"]}}],"collection":[{"href":"https:\/\/www.servir.caef.net\/index.php?rest_route=\/wp\/v2\/posts"}],"about":[{"href":"https:\/\/www.servir.caef.net\/index.php?rest_route=\/wp\/v2\/types\/post"}],"author":[{"embeddable":true,"href":"https:\/\/www.servir.caef.net\/index.php?rest_route=\/wp\/v2\/users\/50"}],"replies":[{"embeddable":true,"href":"https:\/\/www.servir.caef.net\/index.php?rest_route=%2Fwp%2Fv2%2Fcomments&post=2420"}],"version-history":[{"count":0,"href":"https:\/\/www.servir.caef.net\/index.php?rest_route=\/wp\/v2\/posts\/2420\/revisions"}],"wp:attachment":[{"href":"https:\/\/www.servir.caef.net\/index.php?rest_route=%2Fwp%2Fv2%2Fmedia&parent=2420"}],"wp:term":[{"taxonomy":"category","embeddable":true,"href":"https:\/\/www.servir.caef.net\/index.php?rest_route=%2Fwp%2Fv2%2Fcategories&post=2420"},{"taxonomy":"post_tag","embeddable":true,"href":"https:\/\/www.servir.caef.net\/index.php?rest_route=%2Fwp%2Fv2%2Ftags&post=2420"}],"curies":[{"name":"wp","href":"https:\/\/api.w.org\/{rel}","templated":true}]}}