{"id":2428,"date":"2004-09-24T17:39:21","date_gmt":"2004-09-24T17:39:21","guid":{"rendered":"\/?p=2428"},"modified":"2016-09-08T13:55:18","modified_gmt":"2016-09-08T13:55:18","slug":"du-cameroun-a-la-france","status":"publish","type":"post","link":"https:\/\/www.servir.caef.net\/?p=2428","title":{"rendered":"Du Cameroun \u00e0 la France"},"content":{"rendered":"<h1 style=\"text-align: center;\">Du Cameroun \u00e0 la France<\/h1>\n<h3>\u00a0<a href=\"\/wp-content\/uploads\/2015\/01\/interview.jpg\"><img loading=\"lazy\" decoding=\"async\" class=\" size-full wp-image-8710 aligncenter\" src=\"\/wp-content\/uploads\/2015\/01\/interview.jpg\" alt=\"interview\" width=\"329\" height=\"126\" srcset=\"https:\/\/www.servir.caef.net\/wp-content\/uploads\/2015\/01\/interview.jpg 329w, https:\/\/www.servir.caef.net\/wp-content\/uploads\/2015\/01\/interview-300x114.jpg 300w\" sizes=\"auto, (max-width: 329px) 100vw, 329px\" \/><\/a><\/h3>\n<h3>\u00a0<\/h3>\n<h3>Jeanne TCHOUMI, d&rsquo;origine camerounaise est membre de l&rsquo;assembl\u00e9e de Palaiseau. Elle a une Ma\u00eetrise en Droit et a exerc\u00e9 comme Secr\u00e9taire juridique.<\/h3>\n<p align=\"JUSTIFY\">\u00a0<\/p>\n<p align=\"JUSTIFY\">\u00a0<\/p>\n<h3><a href=\"\/wp-content\/uploads\/2014\/04\/dialogue-2.jpg\"><img loading=\"lazy\" decoding=\"async\" class=\"  wp-image-8166 alignleft\" src=\"\/wp-content\/uploads\/2014\/04\/dialogue-2.jpg\" alt=\"dialogue-2\" width=\"70\" height=\"73\" \/><\/a>Comment es-tu arriv\u00e9e en France ?<\/h3>\n<p align=\"JUSTIFY\">\u00a0<\/p>\n<p>&nbsp;<\/p>\n<p align=\"JUSTIFY\">Ce ne fut pas un voyage pr\u00e9par\u00e9 longtemps \u00e0 l&rsquo;avance. J&rsquo;ai grandi au Cameroun en fr\u00e9quentant une \u00e9glise protestante. Enfant, j&rsquo;avais la crainte de Dieu, mais je ne connaissais pas Sa Parole. Un jour, je me rappelle avoir \u00e9t\u00e9 transport\u00e9e en r\u00eave dans un pays magnifique, d&rsquo;une rare beaut\u00e9 et entour\u00e9 d&rsquo;eau d&rsquo;un bleu pur. A mon r\u00e9veil, je ne sais pourquoi, j&rsquo;ai eu la conviction que c&rsquo;\u00e9tait la France. Quelques ann\u00e9es pass\u00e8rent et un jour une tristesse indescriptible m&rsquo;envahit, un d\u00e9sir profond de m&rsquo;en aller. La premi\u00e8re id\u00e9e qui me vint \u00e0 l&rsquo;esprit \u00e9tait la France. Trois semaines apr\u00e8s, j&rsquo;arrivais en France.<\/p>\n<p align=\"JUSTIFY\">\u00a0<\/p>\n<p align=\"JUSTIFY\">\u00a0<\/p>\n<p align=\"JUSTIFY\"><!--more--><\/p>\n<h3><a href=\"\/wp-content\/uploads\/2014\/04\/dialogue-2.jpg\"><img loading=\"lazy\" decoding=\"async\" class=\"  wp-image-8166 alignleft\" src=\"\/wp-content\/uploads\/2014\/04\/dialogue-2.jpg\" alt=\"dialogue-2\" width=\"70\" height=\"73\" \/><\/a>Qu&rsquo;est-ce qui t&rsquo;a le plus surpris en France ?<\/h3>\n<p align=\"JUSTIFY\">\u00a0<\/p>\n<p align=\"JUSTIFY\"><strong><a href=\"\/wp-content\/uploads\/2004\/pdf2004\/2004_05_17_ducamerounalafrance.pdf\" target=\"_blank\"><img loading=\"lazy\" decoding=\"async\" title=\"iconePDF\" src=\"\/wp-content\/uploads\/2011\/01\/iconePDF.jpg\" alt=\"\" width=\"81\" height=\"76\" align=\"right\" hspace=\"8\" vspace=\"8\" \/><\/a><\/strong>Je dirais l&rsquo;hiver et la neige que je n&rsquo;avais jamais vue au Cameroun, mais aussi, encore plus marquant, l&rsquo;individualisme, l&rsquo;indiff\u00e9rence. Je dirais aussi les beaux paysages, l&rsquo;ordre des constructions, la beaut\u00e9 des lieux, l&rsquo;argent&#8230;<\/p>\n<p align=\"JUSTIFY\">\u00a0<\/p>\n<p align=\"JUSTIFY\">\u00a0<\/p>\n<h3><a href=\"\/wp-content\/uploads\/2014\/04\/dialogue-2.jpg\"><img loading=\"lazy\" decoding=\"async\" class=\"  wp-image-8166 alignleft\" src=\"\/wp-content\/uploads\/2014\/04\/dialogue-2.jpg\" alt=\"dialogue-2\" width=\"70\" height=\"73\" \/><\/a>Comment as-tu d\u00e9couvert une foi vivante en France ?<\/h3>\n<p align=\"JUSTIFY\">\u00a0<\/p>\n<p align=\"JUSTIFY\">Ma vie sans Dieu rencontrait toutes sortes de barri\u00e8res int\u00e9rieures et ext\u00e9rieures. Les difficult\u00e9s \u00e9taient \u00e0 la mesure de mon d\u00e9sordre int\u00e9rieur. Mon parcours \u00e9tait sem\u00e9 d&#8217;emb\u00fbches. Ma vie de famille \u00e9tait sans joie. Des frustrations et amertumes se sont d\u00e9velopp\u00e9es en moi suite \u00e0 certaines injustices et aussi \u00e0 cause de mon propre p\u00e9ch\u00e9.<\/p>\n<p align=\"JUSTIFY\">\u00a0<\/p>\n<p align=\"JUSTIFY\">En fait, c&rsquo;est dans un avion, \u00e0 plusieurs kilom\u00e8tres d&rsquo;altitude, que le Dieu de mis\u00e9ricorde m&rsquo;a saisie alors que nous allions tous mourir \u00e0 cause d&rsquo;une panne. A ce moment-l\u00e0, de mani\u00e8re assez inexpliqu\u00e9e, je me suis convertie et j&rsquo;ai re\u00e7u Sa gr\u00e2ce. Par la suite, j&rsquo;ai rejoint une \u00e9glise \u00e9vang\u00e9lique dans mon voisinage en r\u00e9gion parisienne.<\/p>\n<p align=\"JUSTIFY\">\u00a0<\/p>\n<p align=\"JUSTIFY\">\u00a0<\/p>\n<h3><a href=\"\/wp-content\/uploads\/2014\/04\/dialogue-2.jpg\"><img loading=\"lazy\" decoding=\"async\" class=\"  wp-image-8166 alignleft\" src=\"\/wp-content\/uploads\/2014\/04\/dialogue-2.jpg\" alt=\"dialogue-2\" width=\"70\" height=\"73\" \/><\/a>Par rapport \u00e0 ton statut d&rsquo;\u00e9trang\u00e8re, et d\u00e9sormais naturalis\u00e9e fran\u00e7aise, ta foi a-t-elle chang\u00e9 quelque chose ?<\/h3>\n<p align=\"JUSTIFY\">\u00a0<\/p>\n<p align=\"JUSTIFY\">Le Seigneur m&rsquo;a donn\u00e9 le privil\u00e8ge d&rsquo;\u00eatre r\u00e9concili\u00e9e avec Lui et m\u00eame avec ceux qui \u00e9taient consid\u00e9r\u00e9s comme mes ennemis. Il a effac\u00e9 les fronti\u00e8res et barri\u00e8res que nous \u00e9tablissons entre les autres et nous. La foi fond\u00e9e sur le Seigneur J\u00e9sus est universelle, alors je suis devenue \u00ab la fille de tous pays \u00bb en commen\u00e7ant par la terre de France, mon pays d&rsquo;adoption.<\/p>\n<p align=\"JUSTIFY\">\u00a0<\/p>\n<p align=\"JUSTIFY\">La foi m&rsquo;a amen\u00e9e \u00e0 m&rsquo;accepter moi-m\u00eame et \u00e0 accepter les autres. Dieu m&rsquo;a appris \u00e0 m&rsquo;aimer et \u00e0 aimer les autres dans leur diff\u00e9rence.<\/p>\n<p align=\"JUSTIFY\">\u00a0<\/p>\n<p align=\"JUSTIFY\">Les r\u00e9percussions se sont fait sentir aussi sur ma famille, dans l&rsquo;\u00e9ducation des enfants, sur mon environnement et sur ma profession : je sers actuellement le Seigneur dans<strong> l&rsquo;Association pour l&rsquo;Evang\u00e9lisation des Enfants<\/strong>. Il est mon Rocher et ma Forteresse dans les temp\u00eates. Que la gloire lui revienne !<\/p>\n<p align=\"JUSTIFY\">\u00a0<\/p>\n<p align=\"JUSTIFY\">\u00a0<\/p>\n<p style=\"text-align: center;\"><strong>Interview recueillie par Reynald KOZYCKI<\/strong><\/p>\n<p align=\"JUSTIFY\">\u00a0<\/p>\n","protected":false},"excerpt":{"rendered":"<p>Du Cameroun \u00e0 la France \u00a0 \u00a0 Jeanne TCHOUMI, d&rsquo;origine camerounaise est membre de l&rsquo;assembl\u00e9e de Palaiseau. Elle a une Ma\u00eetrise en Droit et a exerc\u00e9 comme Secr\u00e9taire juridique. \u00a0 \u00a0 Comment es-tu arriv\u00e9e en France ? \u00a0 &nbsp; Ce ne fut pas un voyage pr\u00e9par\u00e9 longtemps \u00e0 l&rsquo;avance. J&rsquo;ai grandi au Cameroun en fr\u00e9quentant [&hellip;]<\/p>\n","protected":false},"author":21,"featured_media":0,"comment_status":"closed","ping_status":"closed","sticky":false,"template":"","format":"standard","meta":{"footnotes":""},"categories":[9,33,11],"tags":[],"class_list":["post-2428","post","type-post","status-publish","format-standard","hentry","category-oeuvres-et-missions","category-temoignages","category-la-vie-du-chretien"],"_links":{"self":[{"href":"https:\/\/www.servir.caef.net\/index.php?rest_route=\/wp\/v2\/posts\/2428","targetHints":{"allow":["GET"]}}],"collection":[{"href":"https:\/\/www.servir.caef.net\/index.php?rest_route=\/wp\/v2\/posts"}],"about":[{"href":"https:\/\/www.servir.caef.net\/index.php?rest_route=\/wp\/v2\/types\/post"}],"author":[{"embeddable":true,"href":"https:\/\/www.servir.caef.net\/index.php?rest_route=\/wp\/v2\/users\/21"}],"replies":[{"embeddable":true,"href":"https:\/\/www.servir.caef.net\/index.php?rest_route=%2Fwp%2Fv2%2Fcomments&post=2428"}],"version-history":[{"count":0,"href":"https:\/\/www.servir.caef.net\/index.php?rest_route=\/wp\/v2\/posts\/2428\/revisions"}],"wp:attachment":[{"href":"https:\/\/www.servir.caef.net\/index.php?rest_route=%2Fwp%2Fv2%2Fmedia&parent=2428"}],"wp:term":[{"taxonomy":"category","embeddable":true,"href":"https:\/\/www.servir.caef.net\/index.php?rest_route=%2Fwp%2Fv2%2Fcategories&post=2428"},{"taxonomy":"post_tag","embeddable":true,"href":"https:\/\/www.servir.caef.net\/index.php?rest_route=%2Fwp%2Fv2%2Ftags&post=2428"}],"curies":[{"name":"wp","href":"https:\/\/api.w.org\/{rel}","templated":true}]}}