{"id":2551,"date":"2007-01-27T14:15:35","date_gmt":"2007-01-27T14:15:35","guid":{"rendered":"\/?p=2551"},"modified":"2016-09-16T09:37:58","modified_gmt":"2016-09-16T09:37:58","slug":"delegue-du-personnel-et-chretien","status":"publish","type":"post","link":"https:\/\/www.servir.caef.net\/?p=2551","title":{"rendered":"D\u00e9l\u00e9gu\u00e9 du personnel et chr\u00e9tien"},"content":{"rendered":"<h1 style=\"text-align: center;\">D\u00e9l\u00e9gu\u00e9 du personnel et chr\u00e9tien<\/h1>\n<p>&nbsp;<\/p>\n<p><a href=\"\/wp-content\/uploads\/2015\/01\/interview.jpg\"><img loading=\"lazy\" decoding=\"async\" class=\" size-full wp-image-8710 aligncenter\" src=\"\/wp-content\/uploads\/2015\/01\/interview.jpg\" alt=\"interview\" width=\"329\" height=\"126\" srcset=\"https:\/\/www.servir.caef.net\/wp-content\/uploads\/2015\/01\/interview.jpg 329w, https:\/\/www.servir.caef.net\/wp-content\/uploads\/2015\/01\/interview-300x114.jpg 300w\" sizes=\"auto, (max-width: 329px) 100vw, 329px\" \/><\/a>\u00a0<\/p>\n<p>&nbsp;<\/p>\n<p>&nbsp;<\/p>\n<p><img loading=\"lazy\" decoding=\"async\" class=\"alignnone size-full wp-image-2553\" title=\"Jean Eyraud\" src=\"\/wp-content\/uploads\/2007\/01\/Jean-Eyraud.jpg\" alt=\"\" width=\"75\" height=\"98\" align=\"left\" hspace=\"10\" vspace=\"10\" \/><\/p>\n<p style=\"text-align: center;\"><span style=\"font-size: 16px;\"><span style=\"color: #b22222;\"><strong>Interview de Jean Eyraud &#8211; <\/strong><\/span><\/span><\/p>\n<p style=\"text-align: center;\"><span style=\"font-size: 16px;\"><span style=\"color: #b22222;\"><strong>Ancien dans une Eglise CAEF en r\u00e9gion parisienne <br \/> Propos recueillis par Reynald Kozycki<\/strong><\/span><\/span><\/p>\n<p>&nbsp;<\/p>\n<p>&nbsp;<\/p>\n<p>&nbsp;<\/p>\n<p>&nbsp;<\/p>\n<p>&nbsp;<\/p>\n<h3>Quelle est ton activit\u00e9 professionnelle, et quelles ont \u00e9t\u00e9 tes implications dans le monde du syndicalisme ?<\/h3>\n<p>&nbsp;<\/p>\n<p style=\"text-align: justify;\">Je suis technicien en \u00e9lectronique au service apr\u00e8s-vente d&rsquo;une entreprise. Ce S.A.V. fait d&rsquo;ailleurs partie des leaders dans le service et la vente au niveau national. Cela fait presque 20 ans que je suis dans la m\u00eame entreprise. J&rsquo;ai gravi tous les \u00e9chelons.<\/p>\n<p style=\"text-align: justify;\"><!--more--><br \/> \u00a0<\/p>\n<p style=\"text-align: justify;\"><a href=\"\/wp-content\/uploads\/2007\/pdf2007\/Servir2007_1.pdf#page=21\" target=\"_blank\"><img loading=\"lazy\" decoding=\"async\" title=\"iconePDF\" src=\"\/wp-content\/uploads\/2011\/01\/iconePDF.jpg\" alt=\"\" width=\"81\" height=\"76\" align=\"right\" hspace=\"8\" vspace=\"8\" \/><\/a>Ayant eu l&rsquo;estime et la confiance d&rsquo;une bonne partie de mes coll\u00e8gues de travail, un d\u00e9l\u00e9gu\u00e9 syndical a pris contact avec moi et m&rsquo;a propos\u00e9 de me pr\u00e9senter en tant que \u00ab d\u00e9l\u00e9gu\u00e9 du personnel \u00bb. J&rsquo;ai tout d&rsquo;abord refus\u00e9, puis, apr\u00e8s avoir r\u00e9fl\u00e9chi et pri\u00e9, il m&rsquo;a sembl\u00e9 qu&rsquo;un chr\u00e9tien pouvait avoir un r\u00f4le positif \u00e0 jouer dans cette sph\u00e8re ; j&rsquo;ai donc accept\u00e9.<br \/> \u00a0<\/p>\n<p style=\"text-align: justify;\">J&rsquo;ai accompli cette fonction pendant un peu plus de 4 ans dans les circonstances difficiles du passage aux 35 heures avec modulation du temps de travail, p\u00e9riode qui a \u00e9t\u00e9 suivie d&rsquo;une grande restructuration interne.<br \/> \u00a0<\/p>\n<p style=\"text-align: justify;\">Ces 4 ann\u00e9es ont \u00e9t\u00e9 tr\u00e8s enrichissantes. Il est clair que c&rsquo;est un investissement de temps et d&rsquo;\u00e9nergie. C&rsquo;est pourquoi, pour des questions de priorit\u00e9s, j&rsquo;ai refus\u00e9 de renouveler mon mandat, ressentant l&rsquo;appel du Seigneur \u00e0 devenir plut\u00f4t ancien dans mon Eglise locale, o\u00f9 il y avait un besoin dans ce domaine.<\/p>\n<p>&nbsp;<\/p>\n<p>&nbsp;<\/p>\n<h3><img loading=\"lazy\" decoding=\"async\" class=\"aligncenter size-full wp-image-2555\" title=\"fraternit\u00e9\" src=\"\/wp-content\/uploads\/2007\/01\/fraternit\u00e9.jpg\" alt=\"\" width=\"288\" height=\"326\" align=\"right\" srcset=\"https:\/\/www.servir.caef.net\/wp-content\/uploads\/2007\/01\/fraternit\u00e9.jpg 288w, https:\/\/www.servir.caef.net\/wp-content\/uploads\/2007\/01\/fraternit\u00e9-265x300.jpg 265w\" sizes=\"auto, (max-width: 288px) 100vw, 288px\" \/><\/h3>\n<h3>Quelles sont pour toi les raisons principales qui font du syndicalisme une n\u00e9cessit\u00e9 pour le monde actuel du travail ?<\/h3>\n<p>&nbsp;<\/p>\n<p style=\"text-align: justify;\">En fait le syndicalisme contrebalance le pouvoir des dirigeants. Il permet l&rsquo;\u00e9quilibre des forces en pr\u00e9sence et met des limites au pouvoir de mani\u00e8re \u00e0 ce qu&rsquo;il soit constructif et non n\u00e9faste.<br \/> \u00a0<\/p>\n<p style=\"text-align: justify;\">Il m&rsquo;est arriv\u00e9 par exemple, \u00e0 plusieurs reprises, d&rsquo;informer ma direction des inqui\u00e9tudes des salari\u00e9s suite \u00e0 une option choisie par cette direction. Il y avait, \u00e0 mon sens, un risque in\u00e9vitable de blocage, voire de gr\u00e8ve ! Le signal ayant \u00e9t\u00e9 pris au s\u00e9rieux, nous avons pu ainsi \u00e9viter le pire.<\/p>\n<p style=\"text-align: justify;\">\u00a0<\/p>\n<h3>\u00a0<\/h3>\n<h3>La France a la r\u00e9putation d&rsquo;avoir des syndicats quelquefois trop \u00ab durs \u00bb. Qu&rsquo;en penses-tu ?<\/h3>\n<p>&nbsp;<\/p>\n<p style=\"text-align: justify;\">Au sein m\u00eame du syndicalisme, en tant que chr\u00e9tien, on se rend assez vite compte des limites de ce syst\u00e8me, m\u00eame si celui-ci est n\u00e9cessaire en soi. Il peut devenir, tellement il est prenant parfois, un objectif de vie, occupant progressivement toute la place. Avec le temps on d\u00e9couvre qu&rsquo;au centre il y a souvent la promotion d&rsquo;un homme, d&rsquo;une philosophie humaine entach\u00e9e d&rsquo;imperfections.<br \/> \u00a0<\/p>\n<p style=\"text-align: justify;\">Chaque famille syndicale a ses particularit\u00e9s, et peu \u00e0 peu, on s&rsquo;aper\u00e7oit qu&rsquo;il existe des rivalit\u00e9s, de la jalousie, et la volont\u00e9 de r\u00e9ussir l\u00e0 o\u00f9 les autres ont \u00e9chou\u00e9 afin d&rsquo;appara\u00eetre aux yeux des salari\u00e9s comme les plus efficaces, donc les meilleurs. On peut facilement se laisser entra\u00eener par cela.<br \/> \u00a0<\/p>\n<p style=\"text-align: justify;\">Comme chr\u00e9tien, il faut veiller \u00e0 rester en dehors de ces manigances. Le juste \u00e9quilibre est \u00e0 rechercher quotidiennement et n&rsquo;est pas facile \u00e0 obtenir. J&rsquo;ai souvent formul\u00e9 cette pri\u00e8re : \u00ab Seigneur aide-moi \u00e0 rester vrai, juste, et \u00e0 ne pas me laisser aller \u00e0 des rivalit\u00e9s partisanes, oubliant l&rsquo;objectif premier qui est de d\u00e9fendre les droits du salari\u00e9 dans l&rsquo;entreprise. \u00bb<\/p>\n<p>&nbsp;<\/p>\n<p>&nbsp;<\/p>\n<h3>En tant que chr\u00e9tien, vois-tu des liens entre le syndicalisme et la foi chr\u00e9tienne ?<\/h3>\n<p>&nbsp;<\/p>\n<p style=\"text-align: justify;\">J&rsquo;ai observ\u00e9 que l&rsquo;\u00e9coute attentive est un \u00e9l\u00e9ment capital dans la relation syndicale. Certains probl\u00e8mes se r\u00e9solvent m\u00eame tout seuls dans cette attitude&#8230; Cette \u00e9coute doit \u00eatre de la m\u00eame qualit\u00e9, quel que soit le salari\u00e9 qui est en face de nous, d&rsquo;o\u00f9 la notion d&rsquo;\u00eatre juste dans notre mani\u00e8re de faire valoir les droits de chacun et chacune. Le faible a besoin d&rsquo;\u00eatre assist\u00e9, repr\u00e9sent\u00e9 et revaloris\u00e9. C&rsquo;est souvent un travail cach\u00e9. Il remet chacun \u00e0 sa juste place au sein de l&rsquo;entreprise. L&rsquo;estime de l&rsquo;autre est aussi une valeur biblique, je citerai aussi le respect de la hi\u00e9rarchie, apprendre \u00e0 communiquer les uns avec les autres, rappeler que si nous avons des droits nous avons aussi des devoirs ! Le r\u00f4le du d\u00e9l\u00e9gu\u00e9 du personnel est d&rsquo;\u00eatre une interface entre la direction et les salari\u00e9s et de d\u00e9velopper le dialogue et le respect.<br \/> \u00a0<\/p>\n<p style=\"text-align: justify;\">Je suis convaincu qu&rsquo;un chr\u00e9tien peut avoir sa place dans cette sph\u00e8re. La fonction n&rsquo;est pas facile, mais si Dieu nous y appelle, il faut y aller, en lui demandant chaque jour sa sagesse, et son inspiration dans nos actions. <span style=\"background-color: #add8e6;\"><em>\u00ab Nous sommes le sel de la terre&#8230; \u00bb (Lc 14.34)<\/em><\/span>.<\/p>\n","protected":false},"excerpt":{"rendered":"<p>D\u00e9l\u00e9gu\u00e9 du personnel et chr\u00e9tien &nbsp; \u00a0 &nbsp; &nbsp; Interview de Jean Eyraud &#8211; Ancien dans une Eglise CAEF en r\u00e9gion parisienne Propos recueillis par Reynald Kozycki &nbsp; &nbsp; &nbsp; &nbsp; &nbsp; Quelle est ton activit\u00e9 professionnelle, et quelles ont \u00e9t\u00e9 tes implications dans le monde du syndicalisme ? &nbsp; Je suis technicien en \u00e9lectronique [&hellip;]<\/p>\n","protected":false},"author":96,"featured_media":0,"comment_status":"closed","ping_status":"closed","sticky":false,"template":"","format":"standard","meta":{"footnotes":""},"categories":[16,33,36,11],"tags":[],"class_list":["post-2551","post","type-post","status-publish","format-standard","hentry","category-le-chretien-et-la-societe","category-temoignages","category-le-travail","category-la-vie-du-chretien"],"_links":{"self":[{"href":"https:\/\/www.servir.caef.net\/index.php?rest_route=\/wp\/v2\/posts\/2551","targetHints":{"allow":["GET"]}}],"collection":[{"href":"https:\/\/www.servir.caef.net\/index.php?rest_route=\/wp\/v2\/posts"}],"about":[{"href":"https:\/\/www.servir.caef.net\/index.php?rest_route=\/wp\/v2\/types\/post"}],"author":[{"embeddable":true,"href":"https:\/\/www.servir.caef.net\/index.php?rest_route=\/wp\/v2\/users\/96"}],"replies":[{"embeddable":true,"href":"https:\/\/www.servir.caef.net\/index.php?rest_route=%2Fwp%2Fv2%2Fcomments&post=2551"}],"version-history":[{"count":0,"href":"https:\/\/www.servir.caef.net\/index.php?rest_route=\/wp\/v2\/posts\/2551\/revisions"}],"wp:attachment":[{"href":"https:\/\/www.servir.caef.net\/index.php?rest_route=%2Fwp%2Fv2%2Fmedia&parent=2551"}],"wp:term":[{"taxonomy":"category","embeddable":true,"href":"https:\/\/www.servir.caef.net\/index.php?rest_route=%2Fwp%2Fv2%2Fcategories&post=2551"},{"taxonomy":"post_tag","embeddable":true,"href":"https:\/\/www.servir.caef.net\/index.php?rest_route=%2Fwp%2Fv2%2Ftags&post=2551"}],"curies":[{"name":"wp","href":"https:\/\/api.w.org\/{rel}","templated":true}]}}