{"id":2589,"date":"2007-07-30T09:45:48","date_gmt":"2007-07-30T09:45:48","guid":{"rendered":"\/?p=2589"},"modified":"2016-09-27T08:18:46","modified_gmt":"2016-09-27T08:18:46","slug":"editorial-vous-avez-dit-%c2%ab-piete-%c2%bb","status":"publish","type":"post","link":"https:\/\/www.servir.caef.net\/?p=2589","title":{"rendered":"Editorial du n\u00b04 Juillet-Ao\u00fbt 2007 &#8211; Vous avez dit : \u00ab Pi\u00e9t\u00e9 \u00bb !"},"content":{"rendered":"<p style=\"text-align: center;\"><img loading=\"lazy\" decoding=\"async\" class=\"aligncenter size-medium wp-image-6805\" title=\"2007_04_00 couverture PM\" src=\"\/wp-content\/uploads\/2007\/07\/2007_04_00-couverture-PM-219x300.jpg\" alt=\"\" width=\"219\" height=\"300\" srcset=\"https:\/\/www.servir.caef.net\/wp-content\/uploads\/2007\/07\/2007_04_00-couverture-PM-219x300.jpg 219w, https:\/\/www.servir.caef.net\/wp-content\/uploads\/2007\/07\/2007_04_00-couverture-PM-750x1024.jpg 750w, https:\/\/www.servir.caef.net\/wp-content\/uploads\/2007\/07\/2007_04_00-couverture-PM.jpg 880w\" sizes=\"auto, (max-width: 219px) 100vw, 219px\" \/><\/p>\n<p style=\"text-align: justify;\">\u00a0<\/p>\n<h1 style=\"text-align: center;\">Editorial du n\u00b04 Juillet-Ao\u00fbt 2007<\/h1>\n<p>&nbsp;<\/p>\n<h1 style=\"text-align: center;\">Vous avez dit : \u00ab Pi\u00e9t\u00e9 \u00bb !<\/h1>\n<p style=\"text-align: justify;\">\u00a0<\/p>\n<p style=\"text-align: justify;\"><span style=\"color: #b22222;\"><span style=\"font-size: 16px;\"><b>Par Fran\u00e7ois-Jean Martin<br \/> <\/b><\/span><\/span><\/p>\n<p style=\"text-align: justify;\"><span style=\"font-size: 16px;\"><br \/> <\/span><\/p>\n<p><img loading=\"lazy\" decoding=\"async\" class=\"alignnone size-full wp-image-873\" title=\"Fran\u00e7ois-Jean Martin\" src=\"\/wp-content\/uploads\/2009\/09\/Fran\u00e7ois-Jean-Martin.jpg\" alt=\"\" width=\"79\" height=\"98\" align=\"left\" hspace=\"10\" vspace=\"10\" \/><\/p>\n<p style=\"text-align: justify;\">Jusque r\u00e9cemment la spiritualit\u00e9 \u00e9vang\u00e9lique individuelle se r\u00e9sumait essentiellement \u00e0 deux pratiques : la lecture de la Parole et la pri\u00e8re. La famille assise autour de la table, avec le p\u00e8re lisant la Bible, la m\u00e8re les mains jointes et les enfants tout oreille est presque une image d&rsquo;Epinal de cette spiritualit\u00e9. Aujourd&rsquo;hui les pratiques foisonnent. Insatisfaits de la qualit\u00e9 de leur vie spirituelle, du peu de progr\u00e8s dans leur sanctification, les chr\u00e9tiens sont \u00e0 la recherche de nouvelles m\u00e9thodes, de nouvelles exp\u00e9riences, ils expriment ainsi un besoin de communion plus sensible avec leur Seigneur.<br \/> \u00a0<\/p>\n<p style=\"text-align: justify;\"><!--more--><\/p>\n<p style=\"text-align: justify;\">Bien des croyants vivent actuellement une recherche de pratiques spirituelles : \u00ab <em>Aussi importante qu&rsquo;ait pu \u00eatre chacune de ces approches de la vie spirituelle, aucune n&rsquo;\u00e9tait suffisante en soi. Il y a toujours plus. <br \/> <\/em><\/p>\n<p style=\"text-align: justify;\">\u00a0<\/p>\n<p style=\"text-align: justify;\"><em>Ce constat a \u00e9t\u00e9 source \u00e0 la fois de frustration et d&rsquo;excitation. Source de frustration en ce sens que ma qu\u00eate d&rsquo;un syst\u00e8me garantissant des r\u00e9sultats rapides, valable pour tous et dans tous les cas, ou d&rsquo;une technique toujours parfaitement contr\u00f4lable, avait \u00e9chou\u00e9. Source d&rsquo;excitation, parce que je commence \u00e0 entrevoir que nous n&rsquo;en sommes qu&rsquo;\u00e0 effleurer tout ce que Dieu a fait pour nous et que de nouvelles surprises nous attendent constamment.<\/em> \u00bb (Kenneth BOA).<br \/> \u00a0<\/p>\n<p style=\"text-align: justify;\">Nous n&rsquo;allons pas, dans ce num\u00e9ro, \u00e9valuer toutes les pratiques spirituelles, ni m\u00eame les \u00e9num\u00e9rer. Mais nous vous proposons quelques r\u00e9flexions et questionnements autour de ce foisonnement.<br \/> \u00a0<\/p>\n<p style=\"text-align: justify;\">Tout d&rsquo;abord le danger du d\u00e9s\u00e9quilibre si l&rsquo;on se focalise sur une pratique et qu&rsquo;on y voit la r\u00e9ponse \u00e0 toutes nos aspirations et tous nos combats.<\/p>\n<p>&nbsp;<\/p>\n<p style=\"text-align: justify;\"><em>\u00ab Il est facile d&rsquo;isoler un aspect de la spiritualit\u00e9 et d&rsquo;en faire \u00abla clef\u00bb de toute la vie spirituelle. Les modes risquent ainsi de se succ\u00e9der, isolant un aspect &#8211; sonnent juste &#8211; de son contexte plus large et proposant des spiritualit\u00e9s parfois s\u00e9duisantes, mais d\u00e9s\u00e9quilibr\u00e9es. Car, comme bien des h\u00e9r\u00e9sies reposent sur une v\u00e9rit\u00e9 isol\u00e9e, ces spiritualit\u00e9s successives fragilisent souvent les chr\u00e9tiens et les Eglises. \u00bb<\/em> (Louis Schweitzer)<br \/> \u00a0<\/p>\n<p style=\"text-align: justify;\">Mais il y a aussi des aspects positifs \u00e0 ce foisonnement, dont le moindre n&rsquo;est pas de red\u00e9couvrir un pass\u00e9 riche et des spiritualit\u00e9s v\u00e9cues comme essentielles \u00e0 certaines p\u00e9riodes de l&rsquo;histoire du christianisme. Cette recherche rappelle que <span style=\"background-color: #add8e6;\"><em>nous sommes entour\u00e9s d&rsquo;une nu\u00e9e de t\u00e9moins (H\u00e9 12.1)<\/em><\/span> et que la spiritualit\u00e9 chr\u00e9tienne a vingt si\u00e8cles d&rsquo;existence auxquels on peut ajouter tous les si\u00e8cles de la pi\u00e9t\u00e9 v\u00e9t\u00e9ro-testamentaire. Notre spiritualit\u00e9 est l&rsquo;h\u00e9riti\u00e8re de divers courants qui ont vu le jour \u00e0 travers l&rsquo;histoire.<br \/> \u00a0<\/p>\n<p style=\"text-align: justify;\">Mais cela avertit aussi de ne pas tout prendre sans exercer un n\u00e9cessaire discernement envers toutes les pi\u00e9t\u00e9s aujourd&rsquo;hui \u00e0 la mode. Leur attrait, leur nouveaut\u00e9 ou leur pr\u00e9sence dans l&rsquo;histoire du christianisme ne doivent pas nous les faire accepter sans autre. Il faut que nous nous demandions : \u00ab Ont-elles un fondement dans la r\u00e9v\u00e9lation biblique ? \u00bb<\/p>\n<p style=\"text-align: center;\">\u00a0<\/p>\n<p style=\"text-align: center;\">\u00a0<\/p>\n<p>Fran\u00e7ois-Jean MARTIN<\/p>\n","protected":false},"excerpt":{"rendered":"<p>\u00a0 Editorial du n\u00b04 Juillet-Ao\u00fbt 2007 &nbsp; Vous avez dit : \u00ab Pi\u00e9t\u00e9 \u00bb ! \u00a0 Par Fran\u00e7ois-Jean Martin Jusque r\u00e9cemment la spiritualit\u00e9 \u00e9vang\u00e9lique individuelle se r\u00e9sumait essentiellement \u00e0 deux pratiques : la lecture de la Parole et la pri\u00e8re. La famille assise autour de la table, avec le p\u00e8re lisant la Bible, la m\u00e8re [&hellip;]<\/p>\n","protected":false},"author":3,"featured_media":0,"comment_status":"closed","ping_status":"closed","sticky":false,"template":"","format":"standard","meta":{"footnotes":""},"categories":[26,39,35,11],"tags":[],"class_list":["post-2589","post","type-post","status-publish","format-standard","hentry","category-la-bible","category-editorial","category-la-priere","category-la-vie-du-chretien"],"_links":{"self":[{"href":"https:\/\/www.servir.caef.net\/index.php?rest_route=\/wp\/v2\/posts\/2589","targetHints":{"allow":["GET"]}}],"collection":[{"href":"https:\/\/www.servir.caef.net\/index.php?rest_route=\/wp\/v2\/posts"}],"about":[{"href":"https:\/\/www.servir.caef.net\/index.php?rest_route=\/wp\/v2\/types\/post"}],"author":[{"embeddable":true,"href":"https:\/\/www.servir.caef.net\/index.php?rest_route=\/wp\/v2\/users\/3"}],"replies":[{"embeddable":true,"href":"https:\/\/www.servir.caef.net\/index.php?rest_route=%2Fwp%2Fv2%2Fcomments&post=2589"}],"version-history":[{"count":0,"href":"https:\/\/www.servir.caef.net\/index.php?rest_route=\/wp\/v2\/posts\/2589\/revisions"}],"wp:attachment":[{"href":"https:\/\/www.servir.caef.net\/index.php?rest_route=%2Fwp%2Fv2%2Fmedia&parent=2589"}],"wp:term":[{"taxonomy":"category","embeddable":true,"href":"https:\/\/www.servir.caef.net\/index.php?rest_route=%2Fwp%2Fv2%2Fcategories&post=2589"},{"taxonomy":"post_tag","embeddable":true,"href":"https:\/\/www.servir.caef.net\/index.php?rest_route=%2Fwp%2Fv2%2Ftags&post=2589"}],"curies":[{"name":"wp","href":"https:\/\/api.w.org\/{rel}","templated":true}]}}