{"id":2628,"date":"2007-07-30T18:41:57","date_gmt":"2007-07-30T18:41:57","guid":{"rendered":"\/?p=2628"},"modified":"2016-09-27T07:57:47","modified_gmt":"2016-09-27T07:57:47","slug":"grain-a-moudre-1-co-9-27","status":"publish","type":"post","link":"https:\/\/www.servir.caef.net\/?p=2628","title":{"rendered":"Grain \u00e0 moudre &#8211; 1 Corinthiens 9.27"},"content":{"rendered":"<p style=\"text-align: center;\"><img loading=\"lazy\" decoding=\"async\" style=\"width: 453px; height: 57px;\" title=\"Grain \u00e0 moudre\" src=\"\/wp-content\/uploads\/2007\/03\/Grain-\u00e0-moudre.jpg\" alt=\"\" width=\"453\" height=\"57\" align=\"middle\" \/><\/p>\n<p style=\"text-align: center;\">\u00a0<\/p>\n<p style=\"text-align: center;\">\u00a0<\/p>\n<p><strong><span style=\"font-size: 16px;\"><span style=\"color: #b22222;\">Par Marcel Reutenauer <\/span><\/span><\/strong><\/p>\n<p><img loading=\"lazy\" decoding=\"async\" class=\"alignnone size-full wp-image-2068\" title=\"Marcel Reutenauer\" src=\"\/wp-content\/uploads\/2007\/03\/Marcel-Reutenauer.jpg\" alt=\"\" width=\"112\" height=\"146\" align=\"left\" hspace=\"10\" vspace=\"10\" \/><\/p>\n<p>&nbsp;<\/p>\n<p>&nbsp;<\/p>\n<p style=\"margin-left: 160px; text-align: center;\">\u00a0<\/p>\n<p style=\"background-color: #32326b; color: #ffffff; text-align: center;\"><strong><em>\u00ab Je traite durement mon corps, je le ma\u00eetrise s\u00e9v\u00e8rement, de peur qu&rsquo;apr\u00e8s avoir proclam\u00e9 la Bonne Nouvelle aux autres, je ne me trouve moi-m\u00eame disqualifi\u00e9. \u00bb\u00a0 <br \/>1 Co 9.27 <\/em>(version Semeur)<\/strong><\/p>\n<p>&nbsp;<\/p>\n<p>&nbsp;<\/p>\n<p style=\"text-align: justify;\">\u00a0<\/p>\n<p style=\"text-align: justify;\">\u00a0<\/p>\n<p style=\"text-align: justify;\">Cette d\u00e9claration de l&rsquo;ap\u00f4tre Paul se situe \u00e0 la fin d&rsquo;un d\u00e9veloppement o\u00f9 il d\u00e9fend son minist\u00e8re face \u00e0 ceux qui le d\u00e9nigrent <span style=\"background-color: #add8e6;\"><em>(v.1-23)<\/em><\/span>. II affirme que sa seule motivation est l&rsquo;annonce de l&rsquo;Evangile du salut auquel il a part lui-m\u00eame \u00e9galement <span style=\"background-color: #add8e6;\"><em>(v.23)<\/em><\/span>. Et pour illustrer sa disposition d&rsquo;esprit pour la cause de l&rsquo;Evangile il donne pour exemple les athl\u00e8tes qui courent dans le stade pour esp\u00e9rer gagner et remporter le prix qui r\u00e9compense le vainqueur.<br \/> \u00a0<\/p>\n<p>\u00a0<!--more--><\/p>\n<p style=\"text-align: justify;\"><a href=\"\/wp-content\/uploads\/2007\/pdf2007\/17_pdfsam_Sservir2007_4.pdf\"><img loading=\"lazy\" decoding=\"async\" title=\"iconePDF\" src=\"\/wp-content\/uploads\/2011\/01\/iconePDF.jpg\" alt=\"\" width=\"81\" height=\"76\" align=\"right\" hspace=\"8\" vspace=\"8\" \/><\/a>Or, pour esp\u00e9rer \u00eatre vainqueurs, les athl\u00e8tes s&rsquo;imposent une discipline s\u00e9v\u00e8re&#8230; pour une couronne \u00e9ph\u00e9m\u00e8re qui se fl\u00e9trit ! Mais la couronne promise \u00e0 notre foi ne se fl\u00e9trira jamais <span style=\"background-color: #add8e6;\"><em>(v.25)<\/em><\/span> et vaut donc la peine de courir <span style=\"background-color: #add8e6;\"><em>\u00ab les yeux fix\u00e9s sur le but \u00bb<\/em><\/span><sub><strong>1<\/strong><\/sub> et de boxer <span style=\"background-color: #add8e6;\"><em>\u00ab sans frapper dans le vide \u00bb<\/em><\/span><strong><sub>2<\/sub><\/strong>..<br \/> \u00a0<\/p>\n<p style=\"text-align: justify;\">\u00a0<\/p>\n<p style=\"text-align: justify;\">Et c&rsquo;est ce deuxi\u00e8me type de combat que Paul pr\u00e9cise par les termes <span style=\"background-color: #add8e6;\"><em>\u00ab Je traite durement mon corps&#8230; \u00bb<\/em><\/span> Car si le rachet\u00e9 est invit\u00e9 \u00e0 tendre vers la promesse d&rsquo;une r\u00e9compense<sub><strong>3<\/strong><\/sub>, il y a aussi une lutte contre ce qui pourrait la faire perdre. Et l&rsquo;ennemi, c&rsquo;est le corps.<br \/> \u00a0<\/p>\n<p style=\"text-align: justify;\">\u00a0<\/p>\n<p style=\"text-align: justify;\">Mais ce n&rsquo;est pas le corps physique &#8211; la chair que les philosophes grecs voyaient comme la prison de l&rsquo;\u00e2me et de l&rsquo;intelligence, la barri\u00e8re entre elles et le monde divin &#8211; qu&rsquo;il s&rsquo;agit de ma\u00eetriser, c&rsquo;est toute la personne elle-m\u00eame<sub><strong>4<\/strong><\/sub> avec ses besoins l\u00e9gitimes, ses tendances, l&rsquo;amour des aises et du confort<sub><strong>5<\/strong><\/sub>.<\/p>\n<p style=\"text-align: justify;\">\u00a0<\/p>\n<p style=\"text-align: justify;\">L\u2019ap\u00f4tre veille \u00e0 ce que la partie physique de son \u00eatre soit enti\u00e8rement soumise \u00e0 sa passion dominante : annoncer et r\u00e9v\u00e9ler l&rsquo;Evangile dans toute sa pl\u00e9nitude<sub><strong>6<\/strong><\/sub>. Il s&rsquo;impose et accepte des privations<sub><strong>7<\/strong><\/sub> par suite de l&rsquo;opposition rencontr\u00e9e, de son refus de tout salaire et de sa d\u00e9cision de pourvoir lui-m\u00eame \u00e0 son entretien<sub><strong>8<\/strong><\/sub>.<br \/> \u00a0<\/p>\n<p style=\"text-align: justify;\">\u00a0<\/p>\n<p style=\"text-align: justify;\">La d\u00e9termination de l&rsquo;ap\u00f4tre est \u00e9vidente lorsque l&rsquo;on r\u00e9alise que les expressions traduites par <span style=\"background-color: #add8e6;\"><em>\u00ab traiter durement \u00bb<\/em><\/span> et \u00ab ma\u00eetriser s\u00e9v\u00e8rement \u00bb signifient litt\u00e9ralement \u00ab mettre un oeil au beurre noir \u00bb et \u00ab r\u00e9duire en esclavage \u00bb. D&rsquo;autres traduisent \u00ab malmener et traiter comme esclave \u00bb (Nouvelle Edition de Gen\u00e8ve), \u00ab mortifier et asservir \u00bb (Darby), \u00ab traiter comme esclave et assujettir \u00bb (Ostervald), \u00ab meurtrir et tra\u00eener en esclavage \u00bb (J\u00e9rusalem).<\/p>\n<p style=\"text-align: justify;\">\u00a0<\/p>\n<p><img loading=\"lazy\" decoding=\"async\" class=\"alignnone size-full wp-image-2629\" title=\"Course\" src=\"\/wp-content\/uploads\/2011\/05\/Course.jpg\" alt=\"\" width=\"340\" height=\"263\" align=\"right\" hspace=\"10\" vspace=\"10\" srcset=\"https:\/\/www.servir.caef.net\/wp-content\/uploads\/2011\/05\/Course.jpg 340w, https:\/\/www.servir.caef.net\/wp-content\/uploads\/2011\/05\/Course-300x232.jpg 300w\" sizes=\"auto, (max-width: 340px) 100vw, 340px\" \/><\/p>\n<p>&nbsp;<\/p>\n<p style=\"text-align: justify;\">Il serait faux d&rsquo;y voir des \u0153uvres m\u00e9ritoires ou des p\u00e9nitences r\u00e9demptrices ; le salut par gr\u00e2ce est une notion fondamentale que Paul a maintes fois d\u00e9velopp\u00e9e<sub><strong>9<\/strong><\/sub>. L\u2019attitude de l&rsquo;ap\u00f4tre vise la totale cons\u00e9cration \u00e0 sa vocation de proclamer l&rsquo;Evangile.<\/p>\n<p style=\"text-align: justify;\">\u00a0<\/p>\n<p style=\"text-align: justify;\">\u00a0<\/p>\n<p style=\"text-align: justify;\">Lorsqu&rsquo;il parle du risque d&rsquo;\u00eatre <span style=\"background-color: #add8e6;\"><em>\u00ab \u00e9limin\u00e9 \u00bb<\/em><\/span> (Bible en fran\u00e7ais courant), \u00ab disqualifi\u00e9 \u00bb (Semeur), \u00ab d\u00e9sapprouv\u00e9 \u00bb (Nouvelle Edition de Gen\u00e8ve), \u00ab r\u00e9prouv\u00e9 \u00bb (Darby), \u00ab rejet\u00e9 \u00bb (Segond), \u00ab \u00e9limin\u00e9 \u00bb (Parole de Vie), s&rsquo;agit-il de la perte du salut ? Non. Ce qui est en jeu, c&rsquo;est la r\u00e9compense &#8211; la louange du Seigneur &#8211; lorsque l&rsquo;oeuvre de chacun sera \u00e9prouv\u00e9e. <span style=\"background-color: #add8e6;\"><em>\u00ab Si l&rsquo;\u0153uvre b\u00e2tie par quelqu&rsquo;un sur le fondement subsiste, il recevra une r\u00e9compense. Si l&rsquo;\u0153uvre de quelqu&rsquo;un est consum\u00e9e, il en subira la perte ; pour lui il sera sauv\u00e9, mais comme au travers du feu. \u00bb (1 Co 3.14-15).<\/em><\/span><\/p>\n<p style=\"text-align: justify;\">\u00a0<\/p>\n<p>&nbsp;<\/p>\n<p style=\"text-align: justify;\">Apr\u00e8s sa d\u00e9claration, l&rsquo;ap\u00f4tre rappelle solennellement, au <span style=\"background-color: #add8e6;\"><em>chapitre 10 de cette premi\u00e8re \u00e9p\u00eetre aux Corinthiens<\/em><\/span>, la perte par les Isra\u00e9lites, de la r\u00e9compense \u00e0 cause de leurs mauvais d\u00e9sirs non ma\u00eetris\u00e9s <span style=\"background-color: #add8e6;\"><em>(10.6)<\/em><\/span>. Ils p\u00e9rirent dans le d\u00e9sert <span style=\"background-color: #add8e6;\"><em>(10.5)<\/em><\/span> au lieu d&rsquo;entrer dans la Terre promise. <span style=\"background-color: #add8e6;\"><em>\u00ab Ces choses leur sont arriv\u00e9es pour servir d&rsquo;exemples, et elles ont \u00e9t\u00e9 \u00e9crites pour notre instruction. \u00bb (10.11).<\/em><\/span><\/p>\n<p style=\"text-align: justify;\">\u00a0<\/p>\n<p style=\"text-align: center;\"><strong>M.R. <\/strong><\/p>\n<p style=\"text-align: center;\">\u00a0<\/p>\n<hr \/>\n<p>NOTES<\/p>\n<p>&nbsp;<\/p>\n<p>&nbsp;<\/p>\n<p><strong>1. <\/strong>(v.26) Bible en fran\u00e7ais courant<br \/> \u00a0<\/p>\n<p>&nbsp;<\/p>\n<p><strong>2<\/strong>. (v.26) Bible de J\u00e9rusalem<br \/> \u00a0<\/p>\n<p>&nbsp;<\/p>\n<p><strong>3<\/strong>. 1 Co 3.14-15 ; 2 Jn 1.8 ; 2 Tm 4.8 ; Jc 1.12<br \/> \u00a0<\/p>\n<p>&nbsp;<\/p>\n<p><strong>4.<\/strong> Cf 1 Co 6.18-19 ; Rm 12.1<br \/> \u00a0<\/p>\n<p>&nbsp;<\/p>\n<p><strong>5<\/strong>. Rochedieu Ch, <em>Les Tr\u00e9sors du Nouveau Testament<\/em>, p.267, Emma\u00fcs, St-L\u00e9gier, 1972<br \/> \u00a0<\/p>\n<p>&nbsp;<\/p>\n<p><strong>6.<\/strong> Campbell-Morgan G, <em>La premi\u00e8re \u00e9p\u00eetre aux Corinthiens<\/em>, p.126, Emma\u00fcs, Vennes sur Lausanne, 1959<br \/> \u00a0<\/p>\n<p>&nbsp;<\/p>\n<p><strong>7<\/strong>. 2 Co 6.4-5 ; 2 Co 11.23-27<br \/> \u00a0<\/p>\n<p>&nbsp;<\/p>\n<p><strong>8.<\/strong> Godet F, Commentaire sur la Premi\u00e8re Ep\u00eetre aux Corinthiens, tome 2, p.69, Imprimerie Nouvelle, Neuch\u00e2tel, 1965<br \/> \u00a0<\/p>\n<p>&nbsp;<\/p>\n<p><strong>9<\/strong>. Ro 11.6<\/p>\n","protected":false},"excerpt":{"rendered":"<p>\u00a0 \u00a0 Par Marcel Reutenauer &nbsp; &nbsp; \u00a0 \u00ab Je traite durement mon corps, je le ma\u00eetrise s\u00e9v\u00e8rement, de peur qu&rsquo;apr\u00e8s avoir proclam\u00e9 la Bonne Nouvelle aux autres, je ne me trouve moi-m\u00eame disqualifi\u00e9. \u00bb\u00a0 1 Co 9.27 (version Semeur) &nbsp; &nbsp; \u00a0 \u00a0 Cette d\u00e9claration de l&rsquo;ap\u00f4tre Paul se situe \u00e0 la fin d&rsquo;un [&hellip;]<\/p>\n","protected":false},"author":22,"featured_media":0,"comment_status":"closed","ping_status":"closed","sticky":false,"template":"","format":"standard","meta":{"footnotes":""},"categories":[32,71,11],"tags":[],"class_list":["post-2628","post","type-post","status-publish","format-standard","hentry","category-le-nouveau-testament","category-salut","category-la-vie-du-chretien"],"_links":{"self":[{"href":"https:\/\/www.servir.caef.net\/index.php?rest_route=\/wp\/v2\/posts\/2628","targetHints":{"allow":["GET"]}}],"collection":[{"href":"https:\/\/www.servir.caef.net\/index.php?rest_route=\/wp\/v2\/posts"}],"about":[{"href":"https:\/\/www.servir.caef.net\/index.php?rest_route=\/wp\/v2\/types\/post"}],"author":[{"embeddable":true,"href":"https:\/\/www.servir.caef.net\/index.php?rest_route=\/wp\/v2\/users\/22"}],"replies":[{"embeddable":true,"href":"https:\/\/www.servir.caef.net\/index.php?rest_route=%2Fwp%2Fv2%2Fcomments&post=2628"}],"version-history":[{"count":0,"href":"https:\/\/www.servir.caef.net\/index.php?rest_route=\/wp\/v2\/posts\/2628\/revisions"}],"wp:attachment":[{"href":"https:\/\/www.servir.caef.net\/index.php?rest_route=%2Fwp%2Fv2%2Fmedia&parent=2628"}],"wp:term":[{"taxonomy":"category","embeddable":true,"href":"https:\/\/www.servir.caef.net\/index.php?rest_route=%2Fwp%2Fv2%2Fcategories&post=2628"},{"taxonomy":"post_tag","embeddable":true,"href":"https:\/\/www.servir.caef.net\/index.php?rest_route=%2Fwp%2Fv2%2Ftags&post=2628"}],"curies":[{"name":"wp","href":"https:\/\/api.w.org\/{rel}","templated":true}]}}