{"id":2711,"date":"2007-09-07T15:19:47","date_gmt":"2007-09-07T15:19:47","guid":{"rendered":"\/?p=2711"},"modified":"2016-10-04T13:57:55","modified_gmt":"2016-10-04T13:57:55","slug":"evangeliser-ou-faire-du-proselytisme","status":"publish","type":"post","link":"https:\/\/www.servir.caef.net\/?p=2711","title":{"rendered":"Evang\u00e9liser ou faire du pros\u00e9lytisme ?"},"content":{"rendered":"<h1 style=\"text-align: center;\">Evang\u00e9liser ou faire du pros\u00e9lytisme ?<\/h1>\n<p>&nbsp;<\/p>\n<p><strong><span style=\"font-size: 16px;\"><span style=\"color: #b22222;\">Par Philippe Perrilliat <br \/> <\/span><\/span><\/strong><\/p>\n<p>&nbsp;<\/p>\n<p>&nbsp;<\/p>\n<p><img loading=\"lazy\" decoding=\"async\" class=\"alignnone size-full wp-image-2714\" title=\"Philippe P\u00e9rrilliat\" src=\"\/wp-content\/uploads\/2007\/09\/Philippe-P\u00e9rrilliat.jpg\" alt=\"\" width=\"75\" height=\"98\" align=\"left\" hspace=\"10\" vspace=\"10\" \/><\/p>\n<p style=\"text-align: justify;\">La question a \u00e9t\u00e9 pos\u00e9e, ans un contexte pol\u00e9mique o\u00f9 certains m\u00e9dias ont contribu\u00e9 \u00e0 l&rsquo;amalgame. Outre ces m\u00e9dias, certaines manifestations de masse, ou \u00e9missions t\u00e9l\u00e9vis\u00e9es \u00e9quivoques, ont montr\u00e9 parfois les \u00e9vang\u00e9liques comme des groupes extr\u00e9mistes venus d&rsquo;ailleurs. Ceci a contribu\u00e9 \u00e0 mettre de l&rsquo;huile sur le feu dans notre soci\u00e9t\u00e9 fran\u00e7aise, soci\u00e9t\u00e9 dans laquelle on essaie de tout analyser dans une confrontation intellectuelle.<\/p>\n<p>&nbsp;<\/p>\n<p style=\"text-align: justify;\">Il convient de d\u00e9passionner le d\u00e9bat et de d\u00e9finir les termes avant d&rsquo;aller plus loin.<\/p>\n<p>&nbsp;<\/p>\n<p style=\"text-align: justify;\">Un pros\u00e9lyte est quelqu&rsquo;un qui est anim\u00e9 d&rsquo;un z\u00e8le qui le pousse \u00e0 propager ses convictions pour faire de nouveaux adeptes.<\/p>\n<p style=\"text-align: justify;\">\u00a0<\/p>\n<p style=\"text-align: justify;\">Le terme \u00e9vang\u00e9liser quant \u00e0 lui vient d&rsquo;un mot grec qui signifie partager la Bonne Nouvelle (l&rsquo;Evangile). La diff\u00e9rence, si elle semble parfois difficile \u00e0 discerner, existe n\u00e9anmoins au niveau pratique : elle r\u00e9side dans l&rsquo;\u00e9cart \u00e9norme qui existe entre faire du matraquage pour convaincre (pros\u00e9lytisme) et partager une information importante dans le respect de l&rsquo;autre (\u00e9vang\u00e9liser).<\/p>\n<p style=\"text-align: justify;\">\u00a0<\/p>\n<p style=\"text-align: justify;\"><!--more--><\/p>\n<p style=\"text-align: justify;\"><a href=\"\/wp-content\/uploads\/2007\/pdf2007\/Servir2007_5.pdf#page=6\" target=\"_blank\"><img loading=\"lazy\" decoding=\"async\" title=\"iconePDF\" src=\"\/wp-content\/uploads\/2011\/01\/iconePDF.jpg\" alt=\"\" width=\"81\" height=\"76\" align=\"right\" hspace=\"8\" vspace=\"8\" \/><\/a>Le propre du p\u00e9ch\u00e9 d&rsquo;orgueil est de s&rsquo;imaginer que l&rsquo;on peut prendre la place de Dieu. Or, on fait du pros\u00e9lytisme d\u00e8s que l&rsquo;on tente de se substituer \u00e0 Dieu dans le r\u00f4le que Lui et Lui seul peut jouer dans la conscience de l&rsquo;autre.<\/p>\n<p>&nbsp;<\/p>\n<p>La Bible est claire sur ce point : <span style=\"background-color: #add8e6;\"><em><strong>c&rsquo;est le Saint-Esprit qui convainc de p\u00e9ch\u00e9, de justice et de jugement (Jean 16.8)<\/strong><\/em><\/span><\/p>\n<p>&nbsp;<\/p>\n<p style=\"text-align: justify;\">Nous avons donc, en tant que chr\u00e9tien, non seulement le droit<strong><sub>1<\/sub><\/strong>, mais aussi le devoir de partager la Bonne Nouvelle. Mais il faut le faire en respectant d&rsquo;une part la conscience de l&rsquo;autre, et d&rsquo;autre part le r\u00f4le de Dieu.<\/p>\n<p style=\"text-align: justify;\">\u00a0<\/p>\n<p style=\"text-align: justify;\">N&rsquo;oublions pas que la puissance qui fait passer des t\u00e9n\u00e8bres \u00e0 la lumi\u00e8re du salut r\u00e9side dans l&rsquo;Evangile, et non pas dans l&rsquo;\u00e9vang\u00e9liste : C&rsquo;est \u00e9galement ce qu&rsquo;affirm\u00e9 Paul, ex-pro\u00ads\u00e9lyte int\u00e9griste devenu ap\u00f4tre de la Bonne Nouvelle :<\/p>\n<p style=\"text-align: justify;\">\u00a0<\/p>\n<p style=\"text-align: justify;\"><em><span style=\"background-color: #add8e6;\"><strong>\u00ab C&rsquo;est sans crainte que j&rsquo;annonce la Bonne Nouvelle : elle est en effet la force dont Dieu se sert pour sauver tous ceux qui croient&#8230; \u00bb (Romains 1.16)<\/strong><\/span><\/em><\/p>\n<p>&nbsp;<\/p>\n<p style=\"text-align: justify;\"><strong>En conclusion<\/strong>, faisons notre travail, qui se limite au partage dans le respect de l&rsquo;autre, et faisons confiance au Seigneur : Lui aussi fera son oeuvre !<\/p>\n<p>&nbsp;<\/p>\n<p style=\"text-align: center;\"><strong>P.P.<br \/> <\/strong><\/p>\n<p>&nbsp;<\/p>\n<hr \/>\n<p>NOTE<\/p>\n<p>&nbsp;<\/p>\n<p><strong>1.<\/strong> L&rsquo;article 9 de la Convention europ\u00e9enne, ratifi\u00e9e par la France en 1950, rappelle: \u00ab\u00a0Toute personne a droit \u00e0 la libert\u00e9 de pens\u00e9e, de conscience et de religion ; ce droit implique la libert\u00e9 de changer de religion ou de conviction, ainsi que la libert\u00e9 de manifester sa religion ou sa conviction individuellement ou collectivement, en public ou en priv\u00e9\u00a0\u00bb.<\/p>\n","protected":false},"excerpt":{"rendered":"<p>Evang\u00e9liser ou faire du pros\u00e9lytisme ? &nbsp; Par Philippe Perrilliat &nbsp; &nbsp; La question a \u00e9t\u00e9 pos\u00e9e, ans un contexte pol\u00e9mique o\u00f9 certains m\u00e9dias ont contribu\u00e9 \u00e0 l&rsquo;amalgame. Outre ces m\u00e9dias, certaines manifestations de masse, ou \u00e9missions t\u00e9l\u00e9vis\u00e9es \u00e9quivoques, ont montr\u00e9 parfois les \u00e9vang\u00e9liques comme des groupes extr\u00e9mistes venus d&rsquo;ailleurs. Ceci a contribu\u00e9 \u00e0 mettre [&hellip;]<\/p>\n","protected":false},"author":111,"featured_media":0,"comment_status":"closed","ping_status":"closed","sticky":false,"template":"","format":"standard","meta":{"footnotes":""},"categories":[16,8,24],"tags":[],"class_list":["post-2711","post","type-post","status-publish","format-standard","hentry","category-le-chretien-et-la-societe","category-evangelisation","category-le-saint-esprit"],"_links":{"self":[{"href":"https:\/\/www.servir.caef.net\/index.php?rest_route=\/wp\/v2\/posts\/2711","targetHints":{"allow":["GET"]}}],"collection":[{"href":"https:\/\/www.servir.caef.net\/index.php?rest_route=\/wp\/v2\/posts"}],"about":[{"href":"https:\/\/www.servir.caef.net\/index.php?rest_route=\/wp\/v2\/types\/post"}],"author":[{"embeddable":true,"href":"https:\/\/www.servir.caef.net\/index.php?rest_route=\/wp\/v2\/users\/111"}],"replies":[{"embeddable":true,"href":"https:\/\/www.servir.caef.net\/index.php?rest_route=%2Fwp%2Fv2%2Fcomments&post=2711"}],"version-history":[{"count":0,"href":"https:\/\/www.servir.caef.net\/index.php?rest_route=\/wp\/v2\/posts\/2711\/revisions"}],"wp:attachment":[{"href":"https:\/\/www.servir.caef.net\/index.php?rest_route=%2Fwp%2Fv2%2Fmedia&parent=2711"}],"wp:term":[{"taxonomy":"category","embeddable":true,"href":"https:\/\/www.servir.caef.net\/index.php?rest_route=%2Fwp%2Fv2%2Fcategories&post=2711"},{"taxonomy":"post_tag","embeddable":true,"href":"https:\/\/www.servir.caef.net\/index.php?rest_route=%2Fwp%2Fv2%2Ftags&post=2711"}],"curies":[{"name":"wp","href":"https:\/\/api.w.org\/{rel}","templated":true}]}}