{"id":2721,"date":"2007-09-07T15:45:00","date_gmt":"2007-09-07T15:45:00","guid":{"rendered":"\/?p=2721"},"modified":"2016-09-27T08:37:38","modified_gmt":"2016-09-27T08:37:38","slug":"temoins-en-zone-rurale","status":"publish","type":"post","link":"https:\/\/www.servir.caef.net\/?p=2721","title":{"rendered":"T\u00e9moins en zone rurale"},"content":{"rendered":"<h1 style=\"text-align: center;\">T\u00e9moins en zone rurale<\/h1>\n<p>&nbsp;<\/p>\n<p><img loading=\"lazy\" decoding=\"async\" class=\"size-full wp-image-8710 aligncenter\" src=\"\/wp-content\/uploads\/2015\/01\/interview.jpg\" alt=\"interview\" width=\"329\" height=\"126\" srcset=\"https:\/\/www.servir.caef.net\/wp-content\/uploads\/2015\/01\/interview.jpg 329w, https:\/\/www.servir.caef.net\/wp-content\/uploads\/2015\/01\/interview-300x114.jpg 300w\" sizes=\"auto, (max-width: 329px) 100vw, 329px\" \/><\/p>\n<p>&nbsp;<\/p>\n<p>&nbsp;<\/p>\n<h2><img loading=\"lazy\" decoding=\"async\" class=\"alignnone size-full wp-image-2723\" title=\"Norbert Laffin\" src=\"\/wp-content\/uploads\/2007\/09\/Norbert-Laffin.jpg\" alt=\"\" width=\"112\" height=\"157\" align=\"left\" hspace=\"10\" vspace=\"10\" \/>\u00ab Constance \u00e0 Coutances \u00bb par <span style=\"color: #b22222;\">Norbert Laffin<\/span><\/h2>\n<p style=\"text-align: justify;\">\u00a0<\/p>\n<p style=\"text-align: justify;\">On entend assez souvent qu&rsquo;il est recommand\u00e9 de d\u00e9marrer une \u00c9glise dans des villes de plus de 20.000 habitants&#8230; Pas de chance pour la cit\u00e9 \u00e9piscopale de la Manche, avec \u00e0 peine la moiti\u00e9 du nombre requis ! C&rsquo;est pourtant l\u00e0, \u00e0 Coutances, que le Seigneur nous a plac\u00e9s &#8211; depuis 17 ans maintenant. Le mot est d\u00e9riv\u00e9 de Constantia ou constance. Ce nom pourrait r\u00e9sumer notre programme. Pers\u00e9v\u00e9rance dans l&rsquo;utilisation de quelques \u00ab chemins creux \u00bb du bocage normand qui nous permettent d&rsquo;aller \u00e0 la rencontre des catholiques \u00ab de culture \u00bb.<\/p>\n<p>&nbsp;<\/p>\n<p>&nbsp;<\/p>\n<p><!--more--><\/p>\n<p><img loading=\"lazy\" decoding=\"async\" class=\"size-full wp-image-2724 alignleft\" style=\"margin: 10px;\" title=\"Coutances\" src=\"\/wp-content\/uploads\/2007\/09\/Coutances.jpg\" alt=\"\" width=\"417\" height=\"272\" align=\"right\" hspace=\"10\" vspace=\"10\" srcset=\"https:\/\/www.servir.caef.net\/wp-content\/uploads\/2007\/09\/Coutances.jpg 417w, https:\/\/www.servir.caef.net\/wp-content\/uploads\/2007\/09\/Coutances-300x195.jpg 300w\" sizes=\"auto, (max-width: 417px) 100vw, 417px\" \/><\/p>\n<p style=\"text-align: justify;\"><a href=\"\/wp-content\/uploads\/2007\/pdf2007\/Servir2007_5.pdf#page=8\" target=\"_blank\"><img loading=\"lazy\" decoding=\"async\" title=\"iconePDF\" src=\"\/wp-content\/uploads\/2011\/01\/iconePDF.jpg\" alt=\"\" width=\"81\" height=\"76\" align=\"right\" hspace=\"8\" vspace=\"8\" \/><\/a>Nous cherchons la constance dans les contacts avec les autorit\u00e9s la\u00efques et religieuses de la ville (par des visites de courtoisie, des envois r\u00e9guliers, les \u00ab 7 jours de pri\u00e8re pour la France \u00bb), dans les informations r\u00e9guli\u00e8res donn\u00e9es \u00e0 la presse locale (et elle est lue !), dans le stand biblique du march\u00e9 qui n&rsquo;attire toujours pas la foule mais occupe bien le terrain. Les calendriers apport\u00e9s par les membres de l&rsquo;assembl\u00e9e \u00e0 des voisins ou des amis permettent un rayonnement jusque dans les campagnes. Ces personnes d&rsquo;ailleurs aiment venir en ville visiter nos nouveaux locaux : pour un concert, une f\u00eate de No\u00ebl, une projection de film.<\/p>\n<p>&nbsp;<\/p>\n<p style=\"text-align: justify;\">La construction du nouveau Centre \u00c9vang\u00e9lique Protestant sur un terrain propos\u00e9 par la municipalit\u00e9 a permis de franchir une \u00e9tape. Les membres et visiteurs viennent aussi des environs. Actuellement, entre 25 et 40 personnes s&rsquo;y r\u00e9unissent le dimanche matin. Les clubs d&rsquo;enfants, de pr\u00e9-ados et de jeunes ont toujours un caract\u00e8re familial. Il faut du temps, beaucoup de temps, de la patience, de la constance. Tout s&rsquo;inscrit dans la dur\u00e9e. Comme le bocage normand o\u00f9 tout bouge plus lentement.<\/p>\n<p>&nbsp;<\/p>\n<p>&nbsp;<\/p>\n<h2><img loading=\"lazy\" decoding=\"async\" class=\"alignnone size-full wp-image-2725\" title=\"Peter Rapp\" src=\"\/wp-content\/uploads\/2007\/09\/Peter-Rapp.jpg\" alt=\"\" width=\"113\" height=\"146\" align=\"left\" hspace=\"10\" vspace=\"10\" \/>T\u00e9moignage de <span style=\"color: #b22222;\">Peter Rapp<\/span> (CAEF Alen\u00e7on)<\/h2>\n<p style=\"text-align: justify;\">\u00a0<\/p>\n<p style=\"text-align: justify;\">Nos \u00c9glises se situent dans la Manche et l&rsquo;Orne. La plus grande ville, avec environ 30.000 habitants est Alen\u00e7on. Les autres villes ont entre 5 et 20.000 habitants. L&rsquo;assembl\u00e9e d&rsquo;Alen\u00e7on a commenc\u00e9 \u00e0 voir le jour en 1994. Trois \u00e0 cinq personnes d\u00e9j\u00e0 chr\u00e9tiennes se sont r\u00e9unies dans l&rsquo;appartement de la famille missionnaire.<\/p>\n<p>&nbsp;<\/p>\n<p style=\"text-align: justify;\">Apr\u00e8s quelques ann\u00e9es de pers\u00e9v\u00e9rance dans l&rsquo;annonce de l&rsquo;Evangile, la m\u00e9fiance de la population a commenc\u00e9 \u00e0 s&rsquo;amoindrir. L&rsquo;engagement dans les associations locales et les clubs sportifs a port\u00e9 ses premiers fruits. Apr\u00e8s 13 ans de t\u00e9moignage, on peut constater que l&rsquo;assistance a \u00e9volu\u00e9. La plupart des personnes qui assistent actuellement au culte n&rsquo;ont pas \u00e9t\u00e9 atteintes par nos efforts d&rsquo;\u00e9vang\u00e9lisation directs.<\/p>\n<p><img loading=\"lazy\" decoding=\"async\" class=\"alignnone size-full wp-image-2726\" title=\"Alen\u00e7on\" src=\"\/wp-content\/uploads\/2007\/09\/Alen\u00e7on.jpg\" alt=\"\" width=\"352\" height=\"261\" align=\"right\" hspace=\"10\" vspace=\"10\" srcset=\"https:\/\/www.servir.caef.net\/wp-content\/uploads\/2007\/09\/Alen\u00e7on.jpg 352w, https:\/\/www.servir.caef.net\/wp-content\/uploads\/2007\/09\/Alen\u00e7on-300x222.jpg 300w\" sizes=\"auto, (max-width: 352px) 100vw, 352px\" \/><\/p>\n<p style=\"text-align: justify;\">\u00a0<\/p>\n<p style=\"text-align: justify;\">Certains s&rsquo;\u00e9taient d\u00e9j\u00e0 convertis dans une grande ville auparavant, d&rsquo;autres sont venus simplement en voyant l&rsquo;enseigne accroch\u00e9e \u00e0 la salle, d&rsquo;autres, c&rsquo;est la vitrine de l&rsquo;\u00c9glise qui les a intrigu\u00e9s, ayant appr\u00e9ci\u00e9 le contenu des affiches. Le petit stand sur le march\u00e9 a permis \u00e0 la population un certain nombre de contacts avec le missionnaire que plusieurs trouvent malgr\u00e9 tout sympathique et pas seulement sectaire. Nous passons parfois par des temps de d\u00e9couragement, puis par des temps d&rsquo;encouragement lorsque de nouvelles personnes viennent r\u00e9guli\u00e8rement, permettant ainsi de donner un nouveau souffle.<\/p>\n<p style=\"text-align: justify;\">\u00a0<\/p>\n<p style=\"text-align: justify;\">Un exemple de d\u00e9couragement serait l&rsquo;annonce d&rsquo;une famille qui doit d\u00e9m\u00e9nager \u00e0 cause du travail. Nous sommes encourag\u00e9s par le z\u00e8le de certains de nos membres qui essaient de gagner leur voisins, les invitent \u00e0 des rencontres, mais ils les voient souvent faire marche arri\u00e8re, et parfois revenir apr\u00e8s des ann\u00e9es.<\/p>\n<p style=\"text-align: justify;\">\u00a0<\/p>\n<p style=\"text-align: justify;\">Nous savons que le Seigneur est \u00e0 l&rsquo;oeuvre et b\u00e2tit son \u00c9glise, m\u00eame avec les habitants du Nord-Ouest de la France, mais il faut pers\u00e9v\u00e9rer&#8230;<\/p>\n","protected":false},"excerpt":{"rendered":"<p>T\u00e9moins en zone rurale &nbsp; &nbsp; &nbsp; \u00ab Constance \u00e0 Coutances \u00bb par Norbert Laffin \u00a0 On entend assez souvent qu&rsquo;il est recommand\u00e9 de d\u00e9marrer une \u00c9glise dans des villes de plus de 20.000 habitants&#8230; Pas de chance pour la cit\u00e9 \u00e9piscopale de la Manche, avec \u00e0 peine la moiti\u00e9 du nombre requis ! C&rsquo;est [&hellip;]<\/p>\n","protected":false},"author":10,"featured_media":0,"comment_status":"closed","ping_status":"closed","sticky":false,"template":"","format":"standard","meta":{"footnotes":""},"categories":[16,8,33],"tags":[],"class_list":["post-2721","post","type-post","status-publish","format-standard","hentry","category-le-chretien-et-la-societe","category-evangelisation","category-temoignages"],"_links":{"self":[{"href":"https:\/\/www.servir.caef.net\/index.php?rest_route=\/wp\/v2\/posts\/2721","targetHints":{"allow":["GET"]}}],"collection":[{"href":"https:\/\/www.servir.caef.net\/index.php?rest_route=\/wp\/v2\/posts"}],"about":[{"href":"https:\/\/www.servir.caef.net\/index.php?rest_route=\/wp\/v2\/types\/post"}],"author":[{"embeddable":true,"href":"https:\/\/www.servir.caef.net\/index.php?rest_route=\/wp\/v2\/users\/10"}],"replies":[{"embeddable":true,"href":"https:\/\/www.servir.caef.net\/index.php?rest_route=%2Fwp%2Fv2%2Fcomments&post=2721"}],"version-history":[{"count":0,"href":"https:\/\/www.servir.caef.net\/index.php?rest_route=\/wp\/v2\/posts\/2721\/revisions"}],"wp:attachment":[{"href":"https:\/\/www.servir.caef.net\/index.php?rest_route=%2Fwp%2Fv2%2Fmedia&parent=2721"}],"wp:term":[{"taxonomy":"category","embeddable":true,"href":"https:\/\/www.servir.caef.net\/index.php?rest_route=%2Fwp%2Fv2%2Fcategories&post=2721"},{"taxonomy":"post_tag","embeddable":true,"href":"https:\/\/www.servir.caef.net\/index.php?rest_route=%2Fwp%2Fv2%2Ftags&post=2721"}],"curies":[{"name":"wp","href":"https:\/\/api.w.org\/{rel}","templated":true}]}}