{"id":2751,"date":"2007-09-08T14:42:34","date_gmt":"2007-09-08T14:42:34","guid":{"rendered":"\/?p=2751"},"modified":"2016-09-27T08:55:07","modified_gmt":"2016-09-27T08:55:07","slug":"l%e2%80%99organisation-d%e2%80%99un-camp-d%e2%80%99evangelisation","status":"publish","type":"post","link":"https:\/\/www.servir.caef.net\/?p=2751","title":{"rendered":"L\u2019organisation d\u2019un camp d\u2019\u00e9vang\u00e9lisation"},"content":{"rendered":"<h1 style=\"text-align: center;\">L\u2019organisation d\u2019un camp d\u2019\u00e9vang\u00e9lisation<\/h1>\n<p>&nbsp;<\/p>\n<p><img loading=\"lazy\" decoding=\"async\" class=\"size-full wp-image-8710 aligncenter\" src=\"\/wp-content\/uploads\/2015\/01\/interview.jpg\" alt=\"interview\" width=\"329\" height=\"126\" srcset=\"https:\/\/www.servir.caef.net\/wp-content\/uploads\/2015\/01\/interview.jpg 329w, https:\/\/www.servir.caef.net\/wp-content\/uploads\/2015\/01\/interview-300x114.jpg 300w\" sizes=\"auto, (max-width: 329px) 100vw, 329px\" \/><\/p>\n<p>&nbsp;<\/p>\n<p><span style=\"font-size: 16px;\"><span style=\"color: #b22222;\"><strong>Inteviews par Reynald Kozycki <br \/> <\/strong><\/span><\/span><\/p>\n<p>&nbsp;<\/p>\n<p>&nbsp;<\/p>\n<div>\n<p style=\"color: #ffffff; background-color: #32316b;\"><em><strong>\u00a0\u00ab Vous serez mes t\u00e9moins \u00e0 J\u00e9rusalem, dans toute la Jud\u00e9e, dans la Samarie\u00a0et jusqu&rsquo;aux extr\u00e9mit\u00e9s de la terre \u00bb Ac 1.8\u00a0<br \/> <\/strong><\/em><\/p>\n<\/div>\n<div><span style=\"color: #ffffff;\"><br \/> <\/span><\/div>\n<div><!--more--><\/div>\n<p><a href=\"\/wp-content\/uploads\/2007\/pdf2007\/Servir2007_5.pdf#page=15\" target=\"_blank\"><img loading=\"lazy\" decoding=\"async\" title=\"iconePDF\" src=\"\/wp-content\/uploads\/2011\/01\/iconePDF.jpg\" alt=\"\" width=\"81\" height=\"76\" align=\"right\" hspace=\"8\" vspace=\"8\" \/><\/a><\/p>\n<h2>T\u00e9moignage de Philippe P\u00e9rillat\u00a0<\/h2>\n<div>\u00a0<\/div>\n<div><img loading=\"lazy\" decoding=\"async\" class=\"alignnone size-full wp-image-2754\" title=\"Camp d'enfants\" src=\"\/wp-content\/uploads\/2007\/09\/Camp-denfants.jpg\" alt=\"\" width=\"425\" height=\"318\" align=\"right\" hspace=\"10\" vspace=\"10\" srcset=\"https:\/\/www.servir.caef.net\/wp-content\/uploads\/2007\/09\/Camp-denfants.jpg 425w, https:\/\/www.servir.caef.net\/wp-content\/uploads\/2007\/09\/Camp-denfants-300x224.jpg 300w\" sizes=\"auto, (max-width: 425px) 100vw, 425px\" \/><\/div>\n<div style=\"text-align: justify;\">L\u2019une des caract\u00e9ristiques de ces derni\u00e8res ann\u00e9es en mati\u00e8re missionnaire a \u00e9t\u00e9 le d\u00e9veloppement de\u00a0camps d&rsquo;\u00e9vang\u00e9lisation qui r\u00e9pondent au terme technique de micro-missions.\u00a0<\/div>\n<div style=\"text-align: justify;\">\u00a0<\/div>\n<div style=\"text-align: justify;\">\u00a0<\/div>\n<div style=\"text-align: justify;\">Une \u00c9glise qui a \u00e9vang\u00e9lis\u00e9 ses amis et contacts de proximit\u00e9 (J\u00e9rusalem et la Jud\u00e9e) se trouvera t\u00f4t ou\u00a0tard devant le d\u00e9fi d&rsquo;atteindre les multitudes inconnues avec l&rsquo;\u00c9vangile de J\u00e9sus-Christ (Samarie et les\u00a0extr\u00e9mit\u00e9s de la terre). Dans ce cadre, une campagne d&rsquo;\u00e9vang\u00e9lisation peut avoir tout son r\u00f4le.\u00a0<\/div>\n<div>\u00a0<\/div>\n<div>\u00a0<\/div>\n<div style=\"text-align: justify;\">Pour en lancer une, il faut tout d&rsquo;abord que l&rsquo;\u00c9glise ait en elle ce d\u00e9sir. Ensuite, il convient de faire une\u00a0demande pour recevoir une \u00e9quipe (par exemple avec GLO). Celle-ci, en partenariat \u00e9troit avec l&rsquo;Eglise\u00a0locale, tentera de mettre au point un programme appropri\u00e9 afin d&rsquo;atteindre des populations plus \u00e9loign\u00e9es.\u00a0Cette \u00e9quipe, souvent en provenance de plusieurs pays, est dirig\u00e9e par un coordinateur qualifi\u00e9. Elle peut\u00a0\u00eatre compos\u00e9e de cinq \u00e0 plusieurs dizaines de participants (mon exp\u00e9rience m&rsquo;a montr\u00e9 qu&rsquo;une douzaine\u00a0est un bon chiffre). L\u2019\u00e9quipe ainsi constitu\u00e9e cr\u00e9era l&rsquo;\u00e9v\u00e9nement et relancera une dynamique\u00a0d&rsquo;\u00e9vang\u00e9lisation.\u00a0<\/div>\n<div>\u00a0<\/div>\n<div style=\"text-align: justify;\">\u00a0<\/div>\n<div style=\"text-align: justify;\">Le potentiel de ces campagnes est \u00e9norme. Il est possible de faire de grandes distributions de trait\u00e9s, des\u00a0visites, des \u00ab plein-air \u00bb avec des mimes, sketches, chants, courtes pr\u00e9dications, d&rsquo;organiser des\u00a0\u00e9v\u00e9nements sp\u00e9ciaux tels que des soir\u00e9es internationales, des concerts, etc.\u00a0<\/div>\n<div style=\"text-align: justify;\">\u00a0<\/div>\n<div style=\"text-align: justify;\">\u00a0<\/div>\n<div style=\"text-align: justify;\">Le bienfait de ces \u00e9quipes est double : premi\u00e8rement il ravive la flamme et le z\u00e8le de l&rsquo;Eglise pour le\u00a0difficile mandat d&rsquo;apporter l&rsquo;Evangile plus loin, et deuxi\u00e8mement il est une source de b\u00e9n\u00e9diction pour les\u00a0\u00e9quipiers venus aider, qui bien souvent re\u00e7oivent au moins autant que ce qu&rsquo;ils ont pu donner ! Bien des\u00a0vocations missionnaires long terme ont vu le jour pendant des camps d&rsquo;\u00e9vang\u00e9lisation de 2 semaines.\u00a0<\/div>\n<div style=\"text-align: justify;\">\u00a0<\/div>\n<div style=\"text-align: justify;\">\u00a0<\/div>\n<div style=\"text-align: justify;\">Pour moi, ces camps sont une partie importante de ma vie chr\u00e9tienne. J&rsquo;y participe tous les \u00e9t\u00e9s depuis\u00a0plus de 20 ans \u00e0 pr\u00e9sent, et je n&rsquo;ai pas fini d&rsquo;en voir les b\u00e9n\u00e9fices !\u00a0<\/div>\n<div>\u00a0<\/div>\n<div>\u00a0<\/div>\n<h2><img loading=\"lazy\" decoding=\"async\" class=\"alignnone size-full wp-image-2753\" title=\"Jean Koumarianos\" src=\"\/wp-content\/uploads\/2007\/09\/Jean-Koumarianos.jpg\" alt=\"\" width=\"85\" height=\"111\" align=\"left\" hspace=\"10\" vspace=\"10\" \/>Questions \u00e0 Jean Koumarianos\u00a0<\/h2>\n<div style=\"text-align: justify;\">\u00a0<\/div>\n<h3 style=\"text-align: justify;\"><img loading=\"lazy\" decoding=\"async\" class=\"alignnone  wp-image-8166\" src=\"\/wp-content\/uploads\/2014\/04\/dialogue-2.jpg\" alt=\"dialogue-2\" width=\"64\" height=\"67\" \/>Cet \u00e9t\u00e9 les jeunes de votre Eglise ont \u00e9t\u00e9 impliqu\u00e9s dans une grande campagne\u00a0d&rsquo;\u00e9vang\u00e9lisation \u00e0 Toulouse avec une \u00e9quipe qu\u00e9b\u00e9coise. Qu&rsquo;est-ce qui t&rsquo;a marqu\u00e9?<\/h3>\n<div>\u00a0<\/div>\n<div>\u00a0<\/div>\n<div style=\"text-align: justify;\">\u00a0<\/div>\n<div style=\"text-align: justify;\">C&rsquo;est l&rsquo;engagement des jeunes dans le t\u00e9moignage. Par amour pour le Seigneur ils \u00e9taient tr\u00e8s consacr\u00e9s,\u00a0tr\u00e8s motiv\u00e9s et z\u00e9l\u00e9s dans le cadre de cette campagne.<\/div>\n<div>\u00a0<\/div>\n<h3>\u00a0<img loading=\"lazy\" decoding=\"async\" class=\"alignnone  wp-image-8166\" src=\"\/wp-content\/uploads\/2014\/04\/dialogue-2.jpg\" alt=\"dialogue-2\" width=\"64\" height=\"67\" \/>Et les jeunes ?\u00a0<\/h3>\n<div style=\"text-align: justify;\">\u00a0<\/div>\n<div style=\"text-align: justify;\">Selon eux, ils n&rsquo;avaient jamais exp\u00e9riment\u00e9 quelque chose comme cela (d&rsquo;o\u00f9 l&rsquo;int\u00e9r\u00eat de leur permettre de\u00a0t\u00e9moigner dans un cadre bien particulier). Les jeunes disent aussi qu&rsquo;ils ont \u00e9t\u00e9 \u00e9tonn\u00e9s de la fa\u00e7on dont\u00a0ils ont \u00e9t\u00e9 utilis\u00e9s par Dieu dans leur t\u00e9moignage, les personnes rencontr\u00e9es correspondant parfaitement \u00e0\u00a0leur personnalit\u00e9 et \u00e0 leur v\u00e9cu.\u00a0Ils ont aussi touch\u00e9 de pr\u00e8s l&rsquo;action du Saint Esprit au travers d&rsquo;une quinzaine de conversions. Parmi ces\u00a0personnes certaines se sont jointes d\u00e8s le lendemain de leur nouvelle naissance \u00e0 l&rsquo;\u00e9quipe d&rsquo;\u00e9vang\u00e9lisation.<\/div>\n<div>\u00a0<\/div>\n<div>\u00a0<\/div>\n<h3 style=\"text-align: justify;\">\u00a0<img loading=\"lazy\" decoding=\"async\" class=\"alignnone  wp-image-8166\" src=\"\/wp-content\/uploads\/2014\/04\/dialogue-2.jpg\" alt=\"dialogue-2\" width=\"64\" height=\"67\" \/>Il y a, en Ile-de-France, un projet d&rsquo;une grande campagne en 2010, quels sont les objectifs de\u00a0cette campagne ?\u00a0<\/h3>\n<div style=\"text-align: justify;\">\u00a0<\/div>\n<div style=\"text-align: justify;\">Nos objectifs sont de permettre \u00e0 l&rsquo;\u00c9glise de Nation (et d&rsquo;autres autour) d&rsquo;exp\u00e9rimenter une grande\u00a0campagne d&rsquo;\u00e9vang\u00e9lisation, une grande action qui mobilise toute l&rsquo;\u00c9glise, puisque cela se fera chez nous,\u00a0ou en partant de chez nous.\u00a0<\/div>\n<div style=\"text-align: justify;\">\u00a0<\/div>\n<div style=\"text-align: justify;\">\u00a0<\/div>\n<div style=\"text-align: justify;\">Le deuxi\u00e8me objectif est de permettre \u00e0 nos jeunes et \u00e0 des jeunes d&rsquo;autres \u00e9glises d&rsquo;exp\u00e9rimenter ce qui a\u00a0\u00e9t\u00e9 v\u00e9cu \u00e0 Toulouse. Cette campagne est pr\u00e9vue au mois de juillet, en principe les trois premi\u00e8res\u00a0semaines. Elle ne durera que 15 jours, suivie par une semaine de tourisme pour les qu\u00e9b\u00e9cois.<\/div>\n<div>\u00a0<\/div>\n<div>\u00a0<\/div>\n<div style=\"text-align: center;\"><strong>\u00a0<\/strong><\/div>\n<div style=\"text-align: center;\"><strong>Propos recueillis par Reynald Kozycki<\/strong><\/div>\n","protected":false},"excerpt":{"rendered":"<p>L\u2019organisation d\u2019un camp d\u2019\u00e9vang\u00e9lisation &nbsp; &nbsp; Inteviews par Reynald Kozycki &nbsp; &nbsp; \u00a0\u00ab Vous serez mes t\u00e9moins \u00e0 J\u00e9rusalem, dans toute la Jud\u00e9e, dans la Samarie\u00a0et jusqu&rsquo;aux extr\u00e9mit\u00e9s de la terre \u00bb Ac 1.8\u00a0<\/p>\n","protected":false},"author":21,"featured_media":0,"comment_status":"closed","ping_status":"closed","sticky":false,"template":"","format":"standard","meta":{"footnotes":""},"categories":[8,33,13],"tags":[],"class_list":["post-2751","post","type-post","status-publish","format-standard","hentry","category-evangelisation","category-temoignages","category-la-vie-de-leglise"],"_links":{"self":[{"href":"https:\/\/www.servir.caef.net\/index.php?rest_route=\/wp\/v2\/posts\/2751","targetHints":{"allow":["GET"]}}],"collection":[{"href":"https:\/\/www.servir.caef.net\/index.php?rest_route=\/wp\/v2\/posts"}],"about":[{"href":"https:\/\/www.servir.caef.net\/index.php?rest_route=\/wp\/v2\/types\/post"}],"author":[{"embeddable":true,"href":"https:\/\/www.servir.caef.net\/index.php?rest_route=\/wp\/v2\/users\/21"}],"replies":[{"embeddable":true,"href":"https:\/\/www.servir.caef.net\/index.php?rest_route=%2Fwp%2Fv2%2Fcomments&post=2751"}],"version-history":[{"count":0,"href":"https:\/\/www.servir.caef.net\/index.php?rest_route=\/wp\/v2\/posts\/2751\/revisions"}],"wp:attachment":[{"href":"https:\/\/www.servir.caef.net\/index.php?rest_route=%2Fwp%2Fv2%2Fmedia&parent=2751"}],"wp:term":[{"taxonomy":"category","embeddable":true,"href":"https:\/\/www.servir.caef.net\/index.php?rest_route=%2Fwp%2Fv2%2Fcategories&post=2751"},{"taxonomy":"post_tag","embeddable":true,"href":"https:\/\/www.servir.caef.net\/index.php?rest_route=%2Fwp%2Fv2%2Ftags&post=2751"}],"curies":[{"name":"wp","href":"https:\/\/api.w.org\/{rel}","templated":true}]}}