{"id":2797,"date":"2007-09-08T19:14:07","date_gmt":"2007-09-08T19:14:07","guid":{"rendered":"\/?p=2797"},"modified":"2016-10-04T13:49:38","modified_gmt":"2016-10-04T13:49:38","slug":"limpact-des-evenements-jeunesse","status":"publish","type":"post","link":"https:\/\/www.servir.caef.net\/?p=2797","title":{"rendered":"L&rsquo;impact des \u00e9v\u00e8nements jeunesse"},"content":{"rendered":"<h1 style=\"text-align: center;\">L&rsquo;impact des \u00e9v\u00e8nements jeunesse<\/h1>\n<p>&nbsp;<\/p>\n<p><span style=\"font-size: 16px;\"><span style=\"color: #b22222;\"><strong>Par Lea Bariteau<br \/> <\/strong><\/span><\/span><\/p>\n<p>&nbsp;<\/p>\n<p>&nbsp;<\/p>\n<p><img loading=\"lazy\" decoding=\"async\" class=\"alignnone size-full wp-image-2799\" style=\"width: 85px; height: 118px;\" title=\"L\u00e9a Bariteau\" src=\"\/wp-content\/uploads\/2007\/09\/L\u00e9a-Bariteau.jpg\" alt=\"\" width=\"85\" height=\"118\" align=\"left\" hspace=\"10\" vspace=\"10\" \/><\/p>\n<p style=\"text-align: justify;\">\u00ab Non, mais je r\u00eave ! J&rsquo;ai pass\u00e9 mon Bac avec ce gars et je ne savais m\u00eame pas qu&rsquo;il \u00e9tait chr\u00e9tien !! \u00bb (Aline, soir\u00e9e PULSE, Lyon).<\/p>\n<p style=\"text-align: justify;\">\u00a0<\/p>\n<p style=\"text-align: justify;\">\u00ab La salle \u00e9tait remplie de jeunes chr\u00e9tiens et l\u00e0 je me suis dit : \u00ab\u00a0Wow, je ne suis pas le seul\u00a0\u00bb, et \u00e7a m&rsquo;a boost\u00e9 pour continuer \u00e0 vivre ma foi au quotidien \u00bb (Matthieu, Mad in France, Chalon-sur-Sa\u00f4ne).<\/p>\n<p>&nbsp;<\/p>\n<p style=\"text-align: justify;\">\u00ab Je me suis rendue compte que je poss\u00e9dais le plus grand des tr\u00e9sors et que je le gardais pour moi&#8230; \u00bb \u00ab Je suis revenue \u00e0 Dieu et je veux vivre pour Lui, co\u00fbte que co\u00fbte \u00bb (divers).<\/p>\n<p style=\"text-align: justify;\">\u00a0<\/p>\n<p style=\"text-align: justify;\"><!--more--><\/p>\n<p style=\"text-align: justify;\"><a href=\"\/wp-content\/uploads\/2007\/pdf2007\/Servir2007_5.pdf#page=24\" target=\"_blank\"><img loading=\"lazy\" decoding=\"async\" title=\"iconePDF\" src=\"\/wp-content\/uploads\/2011\/01\/iconePDF.jpg\" alt=\"\" width=\"81\" height=\"76\" align=\"right\" hspace=\"8\" vspace=\"8\" \/><\/a>Je me rends compte que beaucoup de d\u00e9cisions importantes concernant note vie spirituelle ont \u00e9t\u00e9 prises lors de grands \u00e9v\u00e9nements Je crois que notre vie est un t\u00e9moignage, je crois que notre vie est \u00ab \u00e9vang\u00e9lisation \u00bb&#8230; Les gens nous regardent. Ils regardent nos rapports avec notre famille, nos amis, nos profs, nos patrons&#8230; Ils regardent notre mani\u00e8re d&rsquo;aborder les probl\u00e8mes, l&rsquo;injustice, notre mani\u00e8re d&rsquo;aimer, notre mani\u00e8re de demander pardon&#8230; Oui ! Mais pour que l&rsquo;\u00e9vang\u00e9lisation passe par notre vie, il faut que notre vie ait \u00e9t\u00e9 touch\u00e9e par Dieu, il faut se laisser toucher par Dieu, il faut comprendre notre d\u00e9pendance du sacrifice de Christ.<\/p>\n<p><img loading=\"lazy\" decoding=\"async\" class=\"alignnone size-full wp-image-2800\" title=\"concert\" src=\"\/wp-content\/uploads\/2007\/09\/concert.jpg\" alt=\"\" width=\"425\" height=\"319\" align=\"right\" hspace=\"10\" vspace=\"10\" srcset=\"https:\/\/www.servir.caef.net\/wp-content\/uploads\/2007\/09\/concert.jpg 425w, https:\/\/www.servir.caef.net\/wp-content\/uploads\/2007\/09\/concert-300x225.jpg 300w\" sizes=\"auto, (max-width: 425px) 100vw, 425px\" \/><\/p>\n<p>&nbsp;<\/p>\n<p style=\"text-align: justify;\">On \u00e9prouve tous le besoin de pouvoir s&rsquo;identifier \u00e0 un groupe, mais ce besoin est vraiment exacerb\u00e9 \u00e0 l&rsquo;adolescence. Et c&rsquo;est tr\u00e8s difficile de se sentir seul \u00e0 vivre sa foi. J&rsquo;ai toujours \u00e9t\u00e9 la seule chr\u00e9tienne de mon \u00e9cole, au primaire, au coll\u00e8ge, au lyc\u00e9e, dans le sup\u00e9rieur. Toujours. Et pendant un long moment, parce que mes parents font un travail d&rsquo;implantation d&rsquo;\u00c9glise et que le groupe de jeunes \u00e9tait compos\u00e9 de mes amis de l&rsquo;\u00e9cole, j&rsquo;ai \u00e9galement \u00e9t\u00e9 la seule chr\u00e9tienne du groupe de jeunes. Enfin, j&rsquo;ai \u00e9t\u00e9 pendant tr\u00e8s longtemps la seule adolescente de mon \u00c9glise.<\/p>\n<p>&nbsp;<\/p>\n<p style=\"text-align: justify;\">J&rsquo;avais 15 ans lorsque j&rsquo;ai v\u00e9cu mon premier \u00e9v\u00e9nement-jeunesse chr\u00e9tien. Je suis arriv\u00e9e (en retard) et l\u00e0 j&rsquo;ai vu des centaines de jeunes qui priaient et louaient Dieu, des jeunes qui aimaient le Seigneur, et je me suis dit : \u00ab \u00e7a existe ??!!! \u00bb. J&rsquo;ai vu des jeunes qui vivaient la m\u00eame chose que moi, qui comprenaient &#8230; J&rsquo;ai vu des animateurs \u00ab cools \u00bb \u00e0 mes yeux et \u00e0 qui je voulais ressembler, j&rsquo;ai vu des pasteurs qui parlaient mon langage &#8230; Et d&rsquo;un coup je me suis sentie moins seule.<\/p>\n<p style=\"text-align: justify;\">\u00a0<\/p>\n<p style=\"text-align: justify;\">Ces \u00e9v\u00e9nements jeunesse sont de v\u00e9ritables piq\u00fbres de motivation. Ce sont des lieux qui permettent de nous ressourcer spirituellement, de nous faire du bien. Ces \u00e9v\u00e9nements nous mettent au d\u00e9fi de continuer \u00e0 vivre notre foi au quotidien, l\u00e0 o\u00f9 on se sent moins en s\u00e9curit\u00e9 spirituellement, mais l\u00e0 o\u00f9 Dieu nous a plac\u00e9s. Ce sont des lieux qui marquent notre vie parce qu&rsquo;ils nous permettent de nous rendre compte de la grandeur de la famille de Dieu, de la grandeur de son plan, et de la grandeur du tr\u00e9sor qui est en Christ.<\/p>\n<p>&nbsp;<\/p>\n<p style=\"text-align: justify;\">Comme je le disais en introduction, ces \u00e9v\u00e9nements sont souvent propices \u00e0 la prise de d\u00e9cision pour notre vie : \u00ab II faut que je change dans ce domaine ; j&rsquo;ai envie de me former ; j&rsquo;ai envie de passer plus de temps \u00e0 lire ma Bible ; je veux \u00eatre un t\u00e9moignage vivant ; je veux mettre mes dons \u00e0 Son service &#8230; etc. \u00bb Je crois de tout mon coeur que Dieu utilise ces \u00e9v\u00e9nements pour toucher la vie des jeunes. Et une vie touch\u00e9e par Dieu est une vie transform\u00e9e. Une vie transform\u00e9e est un t\u00e9moignage vivant, c&rsquo;est l&rsquo;\u00e9vang\u00e9lisation.<\/p>\n<p>&nbsp;<\/p>\n<p style=\"text-align: center;\"><strong>L.B.<\/strong><\/p>\n","protected":false},"excerpt":{"rendered":"<p>L&rsquo;impact des \u00e9v\u00e8nements jeunesse &nbsp; Par Lea Bariteau &nbsp; &nbsp; \u00ab Non, mais je r\u00eave ! J&rsquo;ai pass\u00e9 mon Bac avec ce gars et je ne savais m\u00eame pas qu&rsquo;il \u00e9tait chr\u00e9tien !! \u00bb (Aline, soir\u00e9e PULSE, Lyon). \u00a0 \u00ab La salle \u00e9tait remplie de jeunes chr\u00e9tiens et l\u00e0 je me suis dit : \u00ab\u00a0Wow, [&hellip;]<\/p>\n","protected":false},"author":64,"featured_media":0,"comment_status":"closed","ping_status":"closed","sticky":false,"template":"","format":"standard","meta":{"footnotes":""},"categories":[14,8,50,33],"tags":[],"class_list":["post-2797","post","type-post","status-publish","format-standard","hentry","category-eglises-et-oeuvres","category-evangelisation","category-jeunesse","category-temoignages"],"_links":{"self":[{"href":"https:\/\/www.servir.caef.net\/index.php?rest_route=\/wp\/v2\/posts\/2797","targetHints":{"allow":["GET"]}}],"collection":[{"href":"https:\/\/www.servir.caef.net\/index.php?rest_route=\/wp\/v2\/posts"}],"about":[{"href":"https:\/\/www.servir.caef.net\/index.php?rest_route=\/wp\/v2\/types\/post"}],"author":[{"embeddable":true,"href":"https:\/\/www.servir.caef.net\/index.php?rest_route=\/wp\/v2\/users\/64"}],"replies":[{"embeddable":true,"href":"https:\/\/www.servir.caef.net\/index.php?rest_route=%2Fwp%2Fv2%2Fcomments&post=2797"}],"version-history":[{"count":0,"href":"https:\/\/www.servir.caef.net\/index.php?rest_route=\/wp\/v2\/posts\/2797\/revisions"}],"wp:attachment":[{"href":"https:\/\/www.servir.caef.net\/index.php?rest_route=%2Fwp%2Fv2%2Fmedia&parent=2797"}],"wp:term":[{"taxonomy":"category","embeddable":true,"href":"https:\/\/www.servir.caef.net\/index.php?rest_route=%2Fwp%2Fv2%2Fcategories&post=2797"},{"taxonomy":"post_tag","embeddable":true,"href":"https:\/\/www.servir.caef.net\/index.php?rest_route=%2Fwp%2Fv2%2Ftags&post=2797"}],"curies":[{"name":"wp","href":"https:\/\/api.w.org\/{rel}","templated":true}]}}