{"id":2803,"date":"2002-01-09T09:33:25","date_gmt":"2002-01-09T09:33:25","guid":{"rendered":"\/?p=2803"},"modified":"2016-06-15T07:30:18","modified_gmt":"2016-06-15T07:30:18","slug":"editorial-du-n%c2%b01-janvier-fevrier-2002","status":"publish","type":"post","link":"https:\/\/www.servir.caef.net\/?p=2803","title":{"rendered":"Editorial du n\u00b01 Janvier-F\u00e9vrier 2002 &#8211; Les jeunes sont l\u2019avenir de l\u2019Eglise !"},"content":{"rendered":"<p style=\"text-align: center;\"><a href=\"\/wp-content\/uploads\/2011\/06\/2002_01_00-couverture-PM.jpg\"><img loading=\"lazy\" decoding=\"async\" class=\"alignnone size-medium wp-image-2807\" title=\"2002_01_00 couverture PM\" src=\"\/wp-content\/uploads\/2011\/06\/2002_01_00-couverture-PM-215x300.jpg\" alt=\"\" width=\"215\" height=\"300\" srcset=\"https:\/\/www.servir.caef.net\/wp-content\/uploads\/2011\/06\/2002_01_00-couverture-PM-215x300.jpg 215w, https:\/\/www.servir.caef.net\/wp-content\/uploads\/2011\/06\/2002_01_00-couverture-PM-734x1024.jpg 734w, https:\/\/www.servir.caef.net\/wp-content\/uploads\/2011\/06\/2002_01_00-couverture-PM.jpg 885w\" sizes=\"auto, (max-width: 215px) 100vw, 215px\" \/><\/a><\/p>\n<h1 style=\"text-align: center;\">\u00a0<\/h1>\n<h1 style=\"text-align: center;\">Editorial du n\u00b01 Janvier-F\u00e9vrier 2002<\/h1>\n<h1 style=\"text-align: center;\">\u00a0<\/h1>\n<h1 style=\"text-align: center;\">\u00ab Les jeunes sont l\u2019avenir de l\u2019Eglise ! \u00bb<\/h1>\n<p align=\"JUSTIFY\">\u00a0<\/p>\n<p align=\"JUSTIFY\"><strong><span style=\"color: #800000; font-size: medium;\">Par\u00a0 Annick Waechter <\/span><br \/><\/strong><\/p>\n<p>&nbsp;<\/p>\n<p align=\"JUSTIFY\">Et chacun d&rsquo;interpr\u00e9ter cette phrase lourde de sens \u00e0 sa mani\u00e8re. Mais en tout cas, elle d\u00e9finit un groupe \u00e0 part : les jeunes. Et ces derniers, m\u00eame s&rsquo;ils ont des responsabilit\u00e9s dans l&rsquo;Eglise, restent des <em>\u00ab jeunes \u00bb<\/em> sans se confondre avec le reste de la communaut\u00e9.<\/p>\n<p align=\"JUSTIFY\">\u00a0<\/p>\n<p align=\"JUSTIFY\"><!--more--><\/p>\n<p align=\"JUSTIFY\">\u00a0<a href=\"\/wp-content\/uploads\/2002\/pdf2002\/2002_01_01_editorial.pdf\" target=\"_blank\"><img loading=\"lazy\" decoding=\"async\" title=\"iconePDF\" src=\"\/wp-content\/uploads\/2011\/01\/iconePDF.jpg\" alt=\"\" width=\"81\" height=\"76\" align=\"right\" hspace=\"8\" vspace=\"8\" \/><\/a>Pourtant l&rsquo;Eglise est un corps, et les jeunes en font partie d\u00e8s que leur c\u0153ur appartient \u00e0 notre Seigneur. Osons leur confier des t\u00e2ches, sans attendre qu&rsquo;ils soient hyper-extra-qualifi\u00e9s pour cela ; formons-les ; soyons les mod\u00e8les de cons\u00e9cration et d&rsquo;engagement dont ils ont besoin pour construire leur personnalit\u00e9 ; prenons du temps avec l&rsquo;un d&rsquo;eux, simplement, dans l&rsquo;amiti\u00e9 ; en souvenir peut-\u00eatre d&rsquo;une personne qui, il y a quelques ann\u00e9es, a pris du temps pour le jeune que nous \u00e9tions.<\/p>\n<p align=\"JUSTIFY\">\u00a0<\/p>\n<p align=\"JUSTIFY\">Et dans le culte, dans l&rsquo;Eglise, si nous leur laissions une place ? Si nous pensons que les jeunes sont de possibles futurs \u00e9vang\u00e9listes, pasteurs, anciens, diacres&#8230; ne les cantonnons pas \u00e0 choisir les chants dans le moment de louange o\u00f9 seulement ils peuvent intervenir !<\/p>\n<p align=\"JUSTIFY\">\u00a0<\/p>\n<p align=\"JUSTIFY\">Le<em> Petit Robert <\/em>d\u00e9finit l&rsquo;\u00e2ge adulte comme la p\u00e9riode qui s&rsquo;\u00e9tend entre l&rsquo;adolescence et le commencement de la vieillesse ; cette d\u00e9finition a le m\u00e9rite de rassembler, d&rsquo;unir les jeunes aux plus \u00e2g\u00e9s.<\/p>\n<p align=\"JUSTIFY\">\u00a0<\/p>\n<p align=\"JUSTIFY\">Parce qu&rsquo;\u00e0 16,18 ou 20 ans on d\u00e9cide d\u00e9j\u00e0 largement quelles seront les priorit\u00e9s de sa vie, faisons en sorte qu&rsquo;ils reconnaissent tr\u00e8s t\u00f4t qu&rsquo;ils peuvent exprimer leur foi et leurs dons au sein de l&rsquo;Eglise locale.<\/p>\n<p align=\"JUSTIFY\">\u00a0<\/p>\n<p align=\"JUSTIFY\">Pour que les jeunes voient qu&rsquo;ils ont un avenir dans l&rsquo;Eglise. Apr\u00e8s, parfois, c&rsquo;est trop tard. Dommage.<\/p>\n<p align=\"JUSTIFY\">\u00a0<\/p>\n<p style=\"text-align: center;\"><strong>Annick Waechter\u00a0<\/strong><\/p>\n","protected":false},"excerpt":{"rendered":"<p>\u00a0 Editorial du n\u00b01 Janvier-F\u00e9vrier 2002 \u00a0 \u00ab Les jeunes sont l\u2019avenir de l\u2019Eglise ! \u00bb \u00a0 Par\u00a0 Annick Waechter &nbsp; Et chacun d&rsquo;interpr\u00e9ter cette phrase lourde de sens \u00e0 sa mani\u00e8re. Mais en tout cas, elle d\u00e9finit un groupe \u00e0 part : les jeunes. Et ces derniers, m\u00eame s&rsquo;ils ont des responsabilit\u00e9s dans l&rsquo;Eglise, [&hellip;]<\/p>\n","protected":false},"author":88,"featured_media":0,"comment_status":"closed","ping_status":"closed","sticky":false,"template":"","format":"standard","meta":{"footnotes":""},"categories":[39,50,13],"tags":[],"class_list":["post-2803","post","type-post","status-publish","format-standard","hentry","category-editorial","category-jeunesse","category-la-vie-de-leglise"],"_links":{"self":[{"href":"https:\/\/www.servir.caef.net\/index.php?rest_route=\/wp\/v2\/posts\/2803","targetHints":{"allow":["GET"]}}],"collection":[{"href":"https:\/\/www.servir.caef.net\/index.php?rest_route=\/wp\/v2\/posts"}],"about":[{"href":"https:\/\/www.servir.caef.net\/index.php?rest_route=\/wp\/v2\/types\/post"}],"author":[{"embeddable":true,"href":"https:\/\/www.servir.caef.net\/index.php?rest_route=\/wp\/v2\/users\/88"}],"replies":[{"embeddable":true,"href":"https:\/\/www.servir.caef.net\/index.php?rest_route=%2Fwp%2Fv2%2Fcomments&post=2803"}],"version-history":[{"count":0,"href":"https:\/\/www.servir.caef.net\/index.php?rest_route=\/wp\/v2\/posts\/2803\/revisions"}],"wp:attachment":[{"href":"https:\/\/www.servir.caef.net\/index.php?rest_route=%2Fwp%2Fv2%2Fmedia&parent=2803"}],"wp:term":[{"taxonomy":"category","embeddable":true,"href":"https:\/\/www.servir.caef.net\/index.php?rest_route=%2Fwp%2Fv2%2Fcategories&post=2803"},{"taxonomy":"post_tag","embeddable":true,"href":"https:\/\/www.servir.caef.net\/index.php?rest_route=%2Fwp%2Fv2%2Ftags&post=2803"}],"curies":[{"name":"wp","href":"https:\/\/api.w.org\/{rel}","templated":true}]}}