{"id":2811,"date":"2002-01-09T10:01:24","date_gmt":"2002-01-09T10:01:24","guid":{"rendered":"\/?p=2811"},"modified":"2016-06-15T07:28:20","modified_gmt":"2016-06-15T07:28:20","slug":"jeunes-en-mal-detre","status":"publish","type":"post","link":"https:\/\/www.servir.caef.net\/?p=2811","title":{"rendered":"Jeunes en mal d&rsquo;\u00eatre"},"content":{"rendered":"<h1 style=\"text-align: center;\" align=\"JUSTIFY\">Jeunes en mal d&rsquo;\u00eatre<\/h1>\n<p align=\"JUSTIFY\">\u00a0<a href=\"\/wp-content\/uploads\/2013\/04\/generation-JEUNES.jpg\"><img loading=\"lazy\" decoding=\"async\" class=\" size-full wp-image-7087 aligncenter\" src=\"\/wp-content\/uploads\/2013\/04\/generation-JEUNES.jpg\" alt=\"generation-JEUNES\" width=\"596\" height=\"381\" srcset=\"https:\/\/www.servir.caef.net\/wp-content\/uploads\/2013\/04\/generation-JEUNES.jpg 596w, https:\/\/www.servir.caef.net\/wp-content\/uploads\/2013\/04\/generation-JEUNES-300x191.jpg 300w\" sizes=\"auto, (max-width: 596px) 100vw, 596px\" \/><\/a><\/p>\n<p align=\"JUSTIFY\">\u00a0<\/p>\n<p align=\"JUSTIFY\"><strong>par<span style=\"color: #b22222;\"> <span style=\"font-size: 16px;\">Matthew Glock<\/span><\/span><sub>1<\/sub><\/strong><\/p>\n<p align=\"JUSTIFY\"><strong><br \/> <\/strong><\/p>\n<p align=\"JUSTIFY\">\u00a0<\/p>\n<p>&nbsp;<\/p>\n<p align=\"JUSTIFY\"><strong>Qui sont ces jeunes en face de nous et comment leur transmettre la foi que nous avons re\u00e7ue ? On ne trouve pas la r\u00e9ponse dans un nouveau style d&rsquo;\u00e9tude biblique ou dans un appel \u00e0 plus de cons\u00e9cration. Certes ces choses sont importantes, mais nous avons besoin d&rsquo;aller beaucoup plus loin. Les mutations qui se dessinent devant nos yeux ne sont pas simplement une question de g\u00e9n\u00e9ration. Non, nous sommes en train de vivre un changement d&rsquo;\u00e9poque. Les sociologues et les A philosophes en sont conscients, nos jeunes aussi. Si nous voulons les aider nous devons y penser. <\/strong><\/p>\n<p align=\"JUSTIFY\">\u00a0<\/p>\n<p align=\"JUSTIFY\">\u00a0<\/p>\n<p align=\"JUSTIFY\"><!--more--><\/p>\n<p align=\"JUSTIFY\"><a href=\"\/wp-content\/uploads\/2002\/pdf2002\/2002_01_02_jeunesenmaldetre.pdf\" target=\"_blank\"><img loading=\"lazy\" decoding=\"async\" title=\"iconePDF\" src=\"\/wp-content\/uploads\/2011\/01\/iconePDF.jpg\" alt=\"\" width=\"81\" height=\"76\" align=\"right\" hspace=\"8\" vspace=\"8\" \/><\/a>\u00ab\u00a0L&rsquo;\u00e9poque n&rsquo;est pas sans int\u00e9r\u00eat. En tout cas pour ceux qui s&rsquo;amusent \u00e0 en observer les convulsions.\u00a0\u00bb Nous vivons dans un temps de profondes mutations o\u00f9 les valeurs d&rsquo;un \u00e2ge s&rsquo;effondrent et o\u00f9 d&rsquo;autres valeurs essayent de leur prendre la place. Le sociologue par vocation se trouve dans une position d&rsquo;observateur. Il a le droit de \u00ab\u00a0s&rsquo;amuser\u00a0\u00bb.<\/p>\n<p align=\"JUSTIFY\">\u00a0<\/p>\n<p align=\"JUSTIFY\">Les responsables de nos Eglises et surtout ceux qui ont un minist\u00e8re aupr\u00e8s des jeunes consid\u00e8rent ces convulsions avec un autre regard.<\/p>\n<p align=\"JUSTIFY\">\u00a0<\/p>\n<p>&nbsp;<\/p>\n<h2>Qui sont ces jeunes ?<\/h2>\n<p align=\"JUSTIFY\">\u00a0<\/p>\n<p align=\"JUSTIFY\">J&rsquo;ai choisi de souligner trois valeurs qu&rsquo;on trouve chez les jeunes d&rsquo;aujourd&rsquo;hui.<\/p>\n<p align=\"JUSTIFY\">\u00a0<\/p>\n<h3><em>1. Ils baignent dans le pluralisme et la tol\u00e9rance.<\/em><\/h3>\n<p align=\"JUSTIFY\">\u00a0<\/p>\n<p align=\"JUSTIFY\">Chacun a sa v\u00e9rit\u00e9 et nous n&rsquo;avons pas le droit d&rsquo;imposer notre v\u00e9rit\u00e9 \u00e0 une autre personne.<\/p>\n<p align=\"JUSTIFY\">\u00a0<\/p>\n<h3><em>2. Ils se m\u00e9fient de tout syst\u00e8me de pouvoir.<\/em><\/h3>\n<p align=\"JUSTIFY\">\u00a0<\/p>\n<p align=\"JUSTIFY\">Les institutions s\u00e9culi\u00e8res ou religieuses sont toutes suspectes. Cette attitude suit logiquement la premi\u00e8re. Si nous acceptons que toute croyance individuelle est valable, toute institution qui cherche \u00e0 exercer une h\u00e9g\u00e9monie sur les autres est \u00e0 \u00e9viter.<\/p>\n<p align=\"JUSTIFY\">\u00a0<\/p>\n<h3><em>3. Ils d\u00e9sirent se trouver dans une communaut\u00e9 authentique.<\/em><\/h3>\n<p align=\"JUSTIFY\">\u00a0<\/p>\n<p align=\"JUSTIFY\">M\u00eame s&rsquo;ils pensent que tout le monde a le droit de croire ce qu&rsquo;il veut, ils ont besoin que quelqu&rsquo;un valide leurs propres croyances. Ils cherchent une tribu, un endroit o\u00f9 ils se sentent \u00ab\u00a0chez eux\u00a0\u00bb.<\/p>\n<p align=\"JUSTIFY\">\u00a0<\/p>\n<p align=\"JUSTIFY\">On aimerait bien croire que cette analyse s&rsquo;applique \u00e0 ceux qui sont en dehors de nos communaut\u00e9s. Malheureusement ce n&rsquo;est pas le cas. Pour le meilleur ou pour le pire, le monde est comme \u00e7a aujourd&rsquo;hui. Le choix d&rsquo;\u00e9pouser ces valeurs trouve une partie de sa raison dans la r\u00e9action contre la rigidit\u00e9 de la pens\u00e9e moderne, l&rsquo;intol\u00e9rance des institutions et les exc\u00e8s de l&rsquo;individualisme. Si au lieu de lutter contre ces valeurs, nous les acceptons comme une r\u00e9alit\u00e9, elles peuvent \u00eatre utiles pour l&rsquo;annonce de l&rsquo;Evangile.<\/p>\n<p align=\"JUSTIFY\">\u00a0<\/p>\n<p align=\"JUSTIFY\">Le pluralisme et la tol\u00e9rance cherchent \u00e0 rectifier les attitudes de la supr\u00e9matie de certaines id\u00e9es et l&rsquo;assurance qu&rsquo;un groupe d\u00e9tient la connaissance de la v\u00e9rit\u00e9. Certes il y a des dangers. Mais si nous gardons un langage qui est contre tout, nous risquons de perdre toute possibilit\u00e9 de dialogue.<\/p>\n<p align=\"JUSTIFY\">\u00a0<\/p>\n<p align=\"JUSTIFY\">Je pense aux paroles de J\u00e9sus quand il dit : <span style=\"background-color: #add8e6;\"><em>\u00ab\u00a0Venez \u00e0 moi, vous tous qui \u00eates accabl\u00e9s sous le poids d&rsquo;un lourd fardeau, et je vous donnerai du repos\u00a0\u00bb. (Mt 11.28)<\/em><\/span>. Il nous offre le repos et non pas le jugement. Nous devons faire la m\u00eame chose. La v\u00e9rit\u00e9 se trouve dans une relation avec J\u00e9sus-Christ. Peut-\u00eatre que ce serait mieux de dire \u00ab\u00a0nous connaissons J\u00e9sus-Christ\u00a0\u00bb au lieu de dire \u00ab\u00a0nous connaissons la v\u00e9rit\u00e9\u00a0\u00bb ?<\/p>\n<p align=\"JUSTIFY\">\u00a0<\/p>\n<p align=\"JUSTIFY\">Concernant la m\u00e9fiance de tout syst\u00e8me de pouvoir, je trouve cette attitude tr\u00e8s rafra\u00eechissante. C&rsquo;\u00e9tait celle de J\u00e9sus-Christ. Tout au long de son minist\u00e8re, il a lutt\u00e9 contre le contr\u00f4le des pharisiens sur le peuple juif. Il a aussi montr\u00e9 une autre mani\u00e8re de servir. Matthieu nous rappelle ce que le proph\u00e8te Esa\u00efe a \u00e9crit :<span style=\"background-color: #add8e6;\"><em> \u00ab\u00a0Voici mon serviteur, dit Dieu, celui que j&rsquo;ai choisi, celui qui j&rsquo;aime et qui fait ma joie. Je ferai reposer mon Esprit sur lui et il annoncera la justice aux nations. Il ne cherchera pas querelle, il n&rsquo;\u00e9l\u00e8vera pas le ton. On n&rsquo;entendra pas sa voix dans les rues. Il ne brisera pas le roseau qui se ploie, et il n&rsquo;\u00e9teindra pas la lampe dont la m\u00e8che fume encore. Il agira encore, jusqu&rsquo;\u00e0 ce qu&rsquo;il ait assur\u00e9 le triomphe de la justice. Tous les peuples mettront leur espoir en lui\u00a0\u00bb (Matt. 12,18-21)<\/em><\/span>. L\u00e0 encore nous devons suivre son exemple.<\/p>\n<p align=\"JUSTIFY\">\u00a0<\/p>\n<p align=\"JUSTIFY\">La recherche d&rsquo;une tribu est la cons\u00e9quence logique de l&rsquo;exc\u00e8s d&rsquo;individualisme du 20e si\u00e8cle. Personne n&rsquo;est capable d&rsquo;\u00eatre autonome et suffisant en lui-m\u00eame. Les grandes institutions ne donnent pas une identit\u00e9. Mais je me sens bien dans mon clan, ma tribu. Cette valeur est proche de la r\u00e9alit\u00e9 du caract\u00e8re communautaire de l&rsquo;Eglise.<\/p>\n<p align=\"JUSTIFY\">\u00a0<\/p>\n<p align=\"JUSTIFY\">*********<\/p>\n<p align=\"JUSTIFY\">\u00a0<\/p>\n<p align=\"JUSTIFY\">Ci-dessus, je vous ai donn\u00e9 quelques pistes de r\u00e9flexion. Certainement il faudra des livres, des conf\u00e9rences et d&rsquo;autres formes de r\u00e9flexion afin de baliser le terrain devant nous. Pour conclure j&rsquo;ajoute deux remarques qui concernent nos jeunes.<\/p>\n<p align=\"JUSTIFY\">\u00a0<\/p>\n<p align=\"JUSTIFY\"><em>Premi\u00e8rement si nos jeunes tiennent \u00e0 ces trois valeurs, il n&rsquo;y a n&rsquo;en d&rsquo;\u00e9tonnant qu&rsquo;ils quittent nos Eglises aussi rapidement qu&rsquo;ils le peuvent<\/em>. Je suis certain que beaucoup parmi eux d\u00e9sirent fortement vivre leur foi d&rsquo;une mani\u00e8re r\u00e9elle et coh\u00e9rente aupr\u00e8s de leurs amis.<\/p>\n<p>&nbsp;<\/p>\n<p><strong>La difficult\u00e9 est qu&rsquo;ils n&rsquo;appartiennent pas \u00e0 une Eglise dont ils peuvent \u00eatre fiers.<\/strong><\/p>\n<p align=\"JUSTIFY\">\u00a0<\/p>\n<p>&nbsp;<\/p>\n<p align=\"JUSTIFY\"><em>Deuxi\u00e8mement nous avons besoin de repenser la mani\u00e8re dont nous travaillons avec nos jeunes<\/em>. Ils ont besoin non seulement d&rsquo;entendre qu&rsquo;ils sont l&rsquo;Eglise de demain, mais de le voir et de l&rsquo;exp\u00e9rimenter. Il y a quelques semaines, j&rsquo;ai discut\u00e9 avec deux jeunes en terminale. Je leur ai demand\u00e9 : \u00ab\u00a0Est-ce que vous pensez que notre Eglise peut s&rsquo;adapter pour donner une place pour les jeunes et faire des cultes r\u00e9pondant \u00e0 vos besoins ?\u00a0\u00bb La r\u00e9ponse \u00e9tait : <strong>\u00ab\u00a0Non. Car si les responsables voulaient vraiment faire cela, ils l&rsquo;auraient fait depuis longtemps.\u00a0\u00bb <\/strong><\/p>\n<p align=\"JUSTIFY\">\u00a0<\/p>\n<p>&nbsp;<\/p>\n<p align=\"JUSTIFY\">Est-ce que nous avons confiance dans la capacit\u00e9 de J\u00e9sus-Christ par son Esprit Saint de nous saisir et nous changer profond\u00e9ment et de faire la m\u00eame chose chez nos jeunes ?<\/p>\n<p align=\"JUSTIFY\">\u00a0<\/p>\n<p align=\"JUSTIFY\">&#8211; Est-ce que nous croyons qu&rsquo;il va leur donner la capacit\u00e9 d&rsquo;incarner la r\u00e9alit\u00e9 de leur foi au sein de leur culture ?<\/p>\n<p align=\"JUSTIFY\">\u00a0<\/p>\n<p align=\"JUSTIFY\">&#8211; Est-ce que nous avons le courage d&rsquo;aimer nos jeunes comme nous-m\u00eames ?<\/p>\n<p align=\"JUSTIFY\">\u00a0<\/p>\n<p align=\"JUSTIFY\">&#8211; C&rsquo;est-\u00e0-dire de leur donner la place et les moyens de vivre la foi que Dieu leur donne aupr\u00e8s de leur g\u00e9n\u00e9ration et dans nos Eglises ?<\/p>\n<p align=\"JUSTIFY\">\u00a0<\/p>\n<p align=\"CENTER\"><b>M.G. <\/b><\/p>\n<p align=\"CENTER\">\u00a0<\/p>\n<hr \/>\n<p align=\"JUSTIFY\">\u00a0Note<\/p>\n<p>&nbsp;<\/p>\n<p align=\"JUSTIFY\">\u00a0<\/p>\n<p align=\"JUSTIFY\"><strong>1.<\/strong> : Matthew travaille parmi les jeunes et les \u00e9tudiants \u00e0 Grenoble.<\/p>\n<p align=\"JUSTIFY\">\u00a0<\/p>\n","protected":false},"excerpt":{"rendered":"<p>Jeunes en mal d&rsquo;\u00eatre \u00a0 \u00a0 par Matthew Glock1 \u00a0 &nbsp; Qui sont ces jeunes en face de nous et comment leur transmettre la foi que nous avons re\u00e7ue ? On ne trouve pas la r\u00e9ponse dans un nouveau style d&rsquo;\u00e9tude biblique ou dans un appel \u00e0 plus de cons\u00e9cration. Certes ces choses sont importantes, [&hellip;]<\/p>\n","protected":false},"author":112,"featured_media":0,"comment_status":"closed","ping_status":"closed","sticky":false,"template":"","format":"standard","meta":{"footnotes":""},"categories":[50,13,11],"tags":[],"class_list":["post-2811","post","type-post","status-publish","format-standard","hentry","category-jeunesse","category-la-vie-de-leglise","category-la-vie-du-chretien"],"_links":{"self":[{"href":"https:\/\/www.servir.caef.net\/index.php?rest_route=\/wp\/v2\/posts\/2811","targetHints":{"allow":["GET"]}}],"collection":[{"href":"https:\/\/www.servir.caef.net\/index.php?rest_route=\/wp\/v2\/posts"}],"about":[{"href":"https:\/\/www.servir.caef.net\/index.php?rest_route=\/wp\/v2\/types\/post"}],"author":[{"embeddable":true,"href":"https:\/\/www.servir.caef.net\/index.php?rest_route=\/wp\/v2\/users\/112"}],"replies":[{"embeddable":true,"href":"https:\/\/www.servir.caef.net\/index.php?rest_route=%2Fwp%2Fv2%2Fcomments&post=2811"}],"version-history":[{"count":0,"href":"https:\/\/www.servir.caef.net\/index.php?rest_route=\/wp\/v2\/posts\/2811\/revisions"}],"wp:attachment":[{"href":"https:\/\/www.servir.caef.net\/index.php?rest_route=%2Fwp%2Fv2%2Fmedia&parent=2811"}],"wp:term":[{"taxonomy":"category","embeddable":true,"href":"https:\/\/www.servir.caef.net\/index.php?rest_route=%2Fwp%2Fv2%2Fcategories&post=2811"},{"taxonomy":"post_tag","embeddable":true,"href":"https:\/\/www.servir.caef.net\/index.php?rest_route=%2Fwp%2Fv2%2Ftags&post=2811"}],"curies":[{"name":"wp","href":"https:\/\/api.w.org\/{rel}","templated":true}]}}