{"id":2871,"date":"2007-09-10T12:18:34","date_gmt":"2007-09-10T12:18:34","guid":{"rendered":"\/?p=2871"},"modified":"2016-10-04T13:54:35","modified_gmt":"2016-10-04T13:54:35","slug":"humanitaire-et-evangelisation","status":"publish","type":"post","link":"https:\/\/www.servir.caef.net\/?p=2871","title":{"rendered":"Humanitaire et \u00e9vang\u00e9lisation ?"},"content":{"rendered":"<h1 style=\"text-align: center;\">Humanitaire et \u00e9vang\u00e9lisation ?<\/h1>\n<p>&nbsp;<\/p>\n<p><span style=\"font-size: 16px;\"><span style=\"color: #b22222;\"><b>Par Heloise <\/b><b>Toukam<br \/> <\/b><\/span><\/span><\/p>\n<p>&nbsp;<\/p>\n<p><img loading=\"lazy\" decoding=\"async\" class=\"size-full wp-image-8710 aligncenter\" src=\"\/wp-content\/uploads\/2015\/01\/interview.jpg\" alt=\"interview\" width=\"329\" height=\"126\" srcset=\"https:\/\/www.servir.caef.net\/wp-content\/uploads\/2015\/01\/interview.jpg 329w, https:\/\/www.servir.caef.net\/wp-content\/uploads\/2015\/01\/interview-300x114.jpg 300w\" sizes=\"auto, (max-width: 329px) 100vw, 329px\" \/><\/p>\n<h3>T\u00e9moignage de six associations chr\u00e9tiennes lyonnaises<\/h3>\n<p>&nbsp;<\/p>\n<p>&nbsp;<\/p>\n<h2><img loading=\"lazy\" decoding=\"async\" class=\"alignnone size-full wp-image-2873\" title=\"Parilly en action\" src=\"\/wp-content\/uploads\/2007\/09\/Parilly-en-action.jpg\" alt=\"\" width=\"155\" height=\"146\" align=\"left\" hspace=\"10\" vspace=\"10\" \/>Parilly en Action : un geste ici, un sourire au Laos<\/h2>\n<p>&nbsp;<\/p>\n<p style=\"text-align: justify;\">Six associations chr\u00e9tiennes de la r\u00e9gion Sud-est de Lyon ont d\u00e9cid\u00e9 de se mobiliser pour organiser une journ\u00e9e en l&rsquo;honneur du Laos. Nous voulons aider les entreprises de d\u00e9veloppement, \u00e9ducatives et artisanales du pays. Pour cela, nous travaillons avec le \u00ab Service Fraternel d&rsquo;Entraide \u00bb (S.F.E.).<\/p>\n<p>&nbsp;<\/p>\n<p style=\"text-align: justify;\">Parilly en Action a eu lieu samedi 9 juin 2007, au Parc de Parilly \u00e0 proximit\u00e9 de Lyon. Ce projet avait pour but de collecter des fonds au profit de cette ONG, afin de subvenir aux besoins de d\u00e9veloppement laotien. Par le biais du S.F.E, nous avons pu contribuer au d\u00e9veloppement \u00e9ducatif : les fonds collect\u00e9s ont \u00e9t\u00e9 affect\u00e9s \u00e0 l&rsquo;am\u00e9lioration des \u00e9coles de la province de Champassak et au d\u00e9veloppement artisanal.<\/p>\n<p>&nbsp;<\/p>\n<p><img loading=\"lazy\" decoding=\"async\" class=\"alignnone size-full wp-image-2875\" title=\"Expo-Laos\" src=\"\/wp-content\/uploads\/2007\/09\/Expo-Laos.jpg\" alt=\"\" width=\"194\" height=\"158\" align=\"right\" hspace=\"10\" vspace=\"10\" \/><\/p>\n<p style=\"text-align: justify;\">Parilly en Action n&rsquo;est cependant pas qu&rsquo;une aide mat\u00e9rielle apport\u00e9e. Ces six \u00c9glises \u00e9vang\u00e9liques lyonnaises s&rsquo;\u00e9taient lanc\u00e9es le d\u00e9fi de lier l&rsquo;humanitaire et l&rsquo;\u00e9vang\u00e9lisation afin d&rsquo;approcher leur entourage et partager leur foi en Dieu et leurs valeurs.<\/p>\n<p>&nbsp;<\/p>\n<p>Une approche innovante<\/p>\n<p>&nbsp;<\/p>\n<p style=\"text-align: justify;\">Octobre 2006, six Eglises Evang\u00e9liques lyonnaises ont \u00e0 coeur de monter un projet d&rsquo;\u00e9vang\u00e9lisation. Ces six \u00c9glises, de diff\u00e9rentes d\u00e9nominations, se situent toutes \u00e0 proximit\u00e9 du parc de Parilly, un grand espace vert o\u00f9 de nombreuses personnes se retrouvent pour faire du sport, se d\u00e9tendre, passer un temps agr\u00e9able en famille \u00e0 jouer et \u00e0 discuter.<\/p>\n<p>&nbsp;<\/p>\n<p><!--more--><\/p>\n<p>&nbsp;<\/p>\n<h3><img loading=\"lazy\" decoding=\"async\" class=\"alignnone size-full wp-image-2876\" title=\"Laos\" src=\"\/wp-content\/uploads\/2007\/09\/Laos.jpg\" alt=\"\" width=\"158\" height=\"244\" align=\"left\" hspace=\"10\" vspace=\"10\" \/><a href=\"\/wp-content\/uploads\/2007\/pdf2007\/Servir2007_5.pdf#page=26\" target=\"_blank\"><img loading=\"lazy\" decoding=\"async\" title=\"iconePDF\" src=\"\/wp-content\/uploads\/2011\/01\/iconePDF.jpg\" alt=\"\" width=\"81\" height=\"76\" align=\"right\" hspace=\"8\" vspace=\"8\" \/><\/a>Un geste ici, un sourire au Laos<\/h3>\n<p>&nbsp;<\/p>\n<p style=\"text-align: justify;\">Ce slogan est devenu l&rsquo;objectif de cette journ\u00e9e humanitaire qui s&rsquo;est d\u00e9roul\u00e9e autour de plusieurs activit\u00e9s, toutes li\u00e9es aux activit\u00e9s du S.F.E. au Laos, mais \u00e9galement aux valeurs chr\u00e9tiennes. De part son champ d&rsquo;intervention, un fil rouge a pu se dessiner et le concept est apparu : afin de toucher un large public et de sensibiliser les grands comme les petits, la journ\u00e9e s&rsquo;articulait autour de :<\/p>\n<p>&nbsp;<\/p>\n<p>&nbsp;<\/p>\n<p><span style=\"text-decoration: underline;\"><strong>5 p\u00f4les d&rsquo;activit\u00e9s<\/strong><\/span><\/p>\n<p>&nbsp;<\/p>\n<p style=\"margin-left: 40px; text-align: justify;\"><strong>1) C\u00f4t\u00e9 Laos<\/strong> : le S.F.E. exposait son travail au Laos. Il \u00e9tait possible de d\u00e9couvrir le Laos en images, ce qui avait \u00e9t\u00e9 accompli et les besoins latents. Des danses traditionnelles laotiennes et la gastronomie du pays ont perfectionn\u00e9 la d\u00e9couverte de ce pays.<\/p>\n<p style=\"margin-left: 40px; text-align: justify;\">\u00a0<\/p>\n<p style=\"margin-left: 40px; text-align: justify;\"><strong>2) C\u00f4t\u00e9 restauration<\/strong> : Des cr\u00eapes et des boissons \u00e9taient propos\u00e9es. Des tables et des chaises se trouvaient \u00e0 c\u00f4t\u00e9 du stand afin que chacun puisse s&rsquo;asseoir en se restaurant. Ce moment \u00e9tait \u00e9galement l&rsquo;occasion d&rsquo;engager la discussion naturellement avec le visiteur.<\/p>\n<p style=\"margin-left: 40px;\">\u00a0<\/p>\n<p style=\"margin-left: 40px; text-align: justify;\"><strong>3)<\/strong> <strong>C\u00f4t\u00e9 sport <\/strong>: Tournois de foot et de basket ont anim\u00e9 la journ\u00e9e. Les \u00e9quipes Sport et Foi basket et foot \u00e9taient de la partie et ont pu t\u00e9moigner \u00e0 travers leur fa\u00e7on de jouer et leur attitude sur le terrain. Il y avait \u00e9galement deux courses humanitaires, une pour enfants et une pour adultes \u00e0 laquelle l&rsquo;athl\u00e8te international Patrick Tambwe Ngoie a particip\u00e9. Patrick est chr\u00e9tien et a accord\u00e9 une interview sur le podium pendant laquelle il a pu t\u00e9moigner. La pr\u00e9sence de ce sportif de haut niveau et son t\u00e9moignage ont apport\u00e9 une grande cr\u00e9dibilit\u00e9 au projet et a permis d&rsquo;atteindre le coeur des sportifs venus disputer quelques matchs au cours des tournois.<\/p>\n<p style=\"margin-left: 40px;\">\u00a0<\/p>\n<p style=\"margin-left: 40px; text-align: justify;\"><strong>4) C\u00f4t\u00e9 musique<\/strong> : Des groupes musicaux se sont succ\u00e9d\u00e9s tout l&rsquo;apr\u00e8s-midi. Du rap au gospel, tous ces groupes chr\u00e9tiens ont pu rythmer la journ\u00e9e et participer \u00e0 la bonne ambiance de la manifestation.<\/p>\n<p style=\"margin-left: 40px; text-align: justify;\"><strong><br \/> 5) C\u00f4t\u00e9 d\u00e9couverte<\/strong> : Nous proposions un atelier d\u00e9couverte pour les enfants. Dans cet atelier, ils avaient la possibilit\u00e9 d&rsquo;apprendre la calligraphie laotienne, d&rsquo;assister \u00e0 des spectacles de marionnettes, de faire des jeux&#8230; et, parall\u00e8lement \u00e0 tout cela, d&rsquo;entendre parler de J\u00e9sus.<\/p>\n<p style=\"margin-left: 40px;\">\u00a0<\/p>\n<p style=\"margin-left: 40px;\">\u00a0<\/p>\n<h3><img loading=\"lazy\" decoding=\"async\" class=\"alignnone size-full wp-image-2877\" title=\"Parilly\" src=\"\/wp-content\/uploads\/2007\/09\/Parilly.jpg\" alt=\"\" width=\"382\" height=\"255\" align=\"right\" hspace=\"10\" vspace=\"10\" srcset=\"https:\/\/www.servir.caef.net\/wp-content\/uploads\/2007\/09\/Parilly.jpg 382w, https:\/\/www.servir.caef.net\/wp-content\/uploads\/2007\/09\/Parilly-300x200.jpg 300w\" sizes=\"auto, (max-width: 382px) 100vw, 382px\" \/><\/h3>\n<h2>Un pari gagn\u00e9<\/h2>\n<p>&nbsp;<\/p>\n<p style=\"text-align: justify;\">Soleil, bonne humeur et convivialit\u00e9 ont \u00e9t\u00e9 les mots-cl\u00e9s de cette journ\u00e9e r\u00e9ussie. L&rsquo;\u00e9quipe organisatrice a eu de tr\u00e8s bons contacte avec les administrations locales, en particulier avec Madame le Maire de Bron (une des villes avoisinantes du parc) qui s&rsquo;est d\u00e9plac\u00e9e et a \u00e9t\u00e9 tr\u00e8s agr\u00e9ablement surprise par le calme qui r\u00e9gnait dans le parc.<\/p>\n<p style=\"text-align: justify;\">\u00a0<\/p>\n<p style=\"text-align: justify;\">Un grand nombre de personnes est venu assister \u00e0 cette journ\u00e9e : gr\u00e2ce \u00e0 cette action, le SFE apporte une aide de 4000 euros pour la r\u00e9novation d&rsquo;\u00e9coles et l&rsquo;am\u00e9lioration de l&rsquo;artisanat local.<\/p>\n<p>&nbsp;<\/p>\n<p style=\"text-align: justify;\">L&rsquo;association des ces six \u00c9glises a \u00e9t\u00e9 une grande r\u00e9ussite et a permis \u00e0 de nombreuses personnes d&rsquo;entendre parler de Dieu. \u00ab L&rsquo;union fait la force \u00bb dit-on ! A peine le projet achev\u00e9, nos six \u00c9glises r\u00e9fl\u00e9chissent d\u00e9j\u00e0 \u00e0 un nouveau projet pour l&rsquo;ann\u00e9e prochaine. \u00ab Nous souhaitons cr\u00e9er un autre projet innovant qui permettra \u00e0 notre prochain d&rsquo;entendre parler de Dieu dans un contexte d\u00e9tendu et familial \u00bb affirme Jean-Marc Pilloud, pasteur de l&rsquo;Eglise de l&rsquo;Oasis de V\u00e9nissieux.<\/p>\n<p>&nbsp;<\/p>\n<p>&nbsp;<\/p>\n<p style=\"text-align: center;\"><strong>H\u00e9lo\u00efse Toukam<\/strong><\/p>\n","protected":false},"excerpt":{"rendered":"<p>Humanitaire et \u00e9vang\u00e9lisation ? &nbsp; Par Heloise Toukam &nbsp; T\u00e9moignage de six associations chr\u00e9tiennes lyonnaises &nbsp; &nbsp; Parilly en Action : un geste ici, un sourire au Laos &nbsp; Six associations chr\u00e9tiennes de la r\u00e9gion Sud-est de Lyon ont d\u00e9cid\u00e9 de se mobiliser pour organiser une journ\u00e9e en l&rsquo;honneur du Laos. Nous voulons aider les [&hellip;]<\/p>\n","protected":false},"author":107,"featured_media":0,"comment_status":"closed","ping_status":"closed","sticky":false,"template":"","format":"standard","meta":{"footnotes":""},"categories":[16,14,8,33,13],"tags":[],"class_list":["post-2871","post","type-post","status-publish","format-standard","hentry","category-le-chretien-et-la-societe","category-eglises-et-oeuvres","category-evangelisation","category-temoignages","category-la-vie-de-leglise"],"_links":{"self":[{"href":"https:\/\/www.servir.caef.net\/index.php?rest_route=\/wp\/v2\/posts\/2871","targetHints":{"allow":["GET"]}}],"collection":[{"href":"https:\/\/www.servir.caef.net\/index.php?rest_route=\/wp\/v2\/posts"}],"about":[{"href":"https:\/\/www.servir.caef.net\/index.php?rest_route=\/wp\/v2\/types\/post"}],"author":[{"embeddable":true,"href":"https:\/\/www.servir.caef.net\/index.php?rest_route=\/wp\/v2\/users\/107"}],"replies":[{"embeddable":true,"href":"https:\/\/www.servir.caef.net\/index.php?rest_route=%2Fwp%2Fv2%2Fcomments&post=2871"}],"version-history":[{"count":0,"href":"https:\/\/www.servir.caef.net\/index.php?rest_route=\/wp\/v2\/posts\/2871\/revisions"}],"wp:attachment":[{"href":"https:\/\/www.servir.caef.net\/index.php?rest_route=%2Fwp%2Fv2%2Fmedia&parent=2871"}],"wp:term":[{"taxonomy":"category","embeddable":true,"href":"https:\/\/www.servir.caef.net\/index.php?rest_route=%2Fwp%2Fv2%2Fcategories&post=2871"},{"taxonomy":"post_tag","embeddable":true,"href":"https:\/\/www.servir.caef.net\/index.php?rest_route=%2Fwp%2Fv2%2Ftags&post=2871"}],"curies":[{"name":"wp","href":"https:\/\/api.w.org\/{rel}","templated":true}]}}