{"id":2903,"date":"2007-09-10T13:10:52","date_gmt":"2007-09-10T13:10:52","guid":{"rendered":"\/?p=2903"},"modified":"2016-09-27T08:53:02","modified_gmt":"2016-09-27T08:53:02","slug":"presence-reelle-et-participation-a-la-vie-de-la-cite","status":"publish","type":"post","link":"https:\/\/www.servir.caef.net\/?p=2903","title":{"rendered":"Pr\u00e9sence r\u00e9elle et participation \u00e0 la vie de la cit\u00e9"},"content":{"rendered":"<h1 style=\"text-align: center;\">Pr\u00e9sence r\u00e9elle et participation \u00e0 la vie de la cit\u00e9<\/h1>\n<p>&nbsp;<\/p>\n<p>&nbsp;<\/p>\n<p><span style=\"color: #b22222;\"><span style=\"font-size: 16px;\"><strong>Par Fran\u00e7ois-Jean Martin<br \/> <\/strong><\/span><\/span><\/p>\n<p>&nbsp;<\/p>\n<p>&nbsp;<\/p>\n<p><img loading=\"lazy\" decoding=\"async\" class=\"alignnone size-full wp-image-873\" title=\"Fran\u00e7ois-Jean Martin\" src=\"\/wp-content\/uploads\/2009\/09\/Fran\u00e7ois-Jean-Martin.jpg\" alt=\"\" width=\"79\" height=\"98\" align=\"left\" hspace=\"10\" vspace=\"10\" \/><\/p>\n<p style=\"text-align: justify;\">Depuis le d\u00e9but de l&rsquo;implantation de notre \u00c9glise, nous essayons d&rsquo;\u00eatre pr\u00e9sents dans la cit\u00e9 en participant \u00e0 la vie de celle-ci. Ainsi nous sommes tr\u00e8s attentifs aux manifestations qui y rythment l&rsquo;ann\u00e9e. Nous nous inscrivons en tant qu&rsquo;Eglise \u00e0 certaines occasions festives. Nous allons \u00e0 l&rsquo;une ou l&rsquo;autre soir\u00e9e du th\u00e9\u00e2tre alsacien, nous participons \u00e0 des actions comme le repas organis\u00e9 par la paroisse catholique pour le soutien d&rsquo;un orphelinat en Afrique. Nous sommes disponibles pour donner un coup de main pour les \u00ab Restes du c\u0153ur \u00bb ou le vestiaire. Nous essayons d&rsquo;\u00eatre solidaires.<\/p>\n<p>&nbsp;<\/p>\n<p>&nbsp;<\/p>\n<p><!--more--><\/p>\n<h3><img loading=\"lazy\" decoding=\"async\" class=\"size-full wp-image-2906 alignleft\" style=\"margin: 10px;\" title=\"La cit\u00e9\" src=\"\/wp-content\/uploads\/2007\/09\/La-cit\u00e9.jpg\" alt=\"\" width=\"182\" height=\"243\" align=\"right\" hspace=\"10\" vspace=\"10\" \/>Nous organisons nous-m\u00eames des activit\u00e9s :<\/h3>\n<p style=\"text-align: justify;\">\u00a0<\/p>\n<p><a href=\"\/wp-content\/uploads\/2007\/pdf2007\/Servir2007_5.pdf#page=31\" target=\"_blank\"><img loading=\"lazy\" decoding=\"async\" title=\"iconePDF\" src=\"\/wp-content\/uploads\/2011\/01\/iconePDF.jpg\" alt=\"\" width=\"81\" height=\"76\" align=\"right\" hspace=\"8\" vspace=\"8\" \/><\/a>&#8211; un stand \u00ab solidarit\u00e9 \u00bb \u00e0 la braderie du village<\/p>\n<ul>\n<li style=\"text-align: justify;\">&#8211; un concert de musique classique (s&rsquo;il y a un plateau, les dons servent \u00e0 aider la maison de retraite du village)<\/li>\n<\/ul>\n<ul>\n<li style=\"text-align: justify;\">&#8211; une journ\u00e9e &lsquo;arboriculture&rsquo; (cours de greffe)<\/li>\n<\/ul>\n<ul>\n<li style=\"text-align: justify;\">&#8211; des activit\u00e9s artistiques (club peinture) toute l&rsquo;ann\u00e9e<\/li>\n<\/ul>\n<ul>\n<li style=\"text-align: justify;\">&#8211; un week-end &lsquo;exposition artistique&rsquo; et des conf\u00e9rences sur certains peintres et leur rapport \u00e0 la Bible<\/li>\n<\/ul>\n<ul>\n<li style=\"text-align: justify;\">&#8211; des visites guid\u00e9es de mus\u00e9es ou de monuments li\u00e9s \u00e0 la spiritualit\u00e9, deux \u00e0 trois fois par an. Les visites sont annonc\u00e9es \u00e0 l&rsquo;avance par la mairie sur les panneaux publics et nous y invitons nos contacts.<\/li>\n<\/ul>\n<p style=\"text-align: justify;\">\u00a0<\/p>\n<p style=\"text-align: justify;\">Ainsi nous prenons petit \u00e0 petit notre place dans ce village qui nous a accueillis, au d\u00e9but avec prudence et qui \u00e0 pr\u00e9sent nous accepte comme une de ses composantes. Nos objectifs sont tout d&rsquo;abord de vivre pleinement notre r\u00f4le chr\u00e9tien de sel et de lumi\u00e8re dans notre soci\u00e9t\u00e9.<\/p>\n<p>Nous avons \u00e0 c\u0153ur nos concitoyens, l\u00e0 o\u00f9 Dieu nous a plac\u00e9s. Il est n\u00e9cessaire pour nous aussi d&rsquo;avoir des liens d&rsquo;amiti\u00e9 avec nos semblables. Avec la gr\u00e2ce de Dieu, nous devons \u00eatre pr\u00e9sents au monde. Nos concitoyens ont besoin de notre pr\u00e9sence et d&rsquo;une voix \u00e9quilibr\u00e9e.<\/p>\n<p>&nbsp;<\/p>\n<p style=\"text-align: justify;\"><em><br \/> \u00ab Ce que le monde attend des chr\u00e9tiens est que les chr\u00e9tiens parlent \u00e0 haute et claire voix&#8230; C&rsquo;est qu&rsquo;ils sortent de l&rsquo;abstraction et qu&rsquo;ils se mettent en face de la figure ensanglant\u00e9e qu&rsquo;a prise l&rsquo;histoire aujourd&rsquo;hui. \u00bb<\/em><\/p>\n<p>&nbsp;<\/p>\n<p style=\"text-align: center;\"><strong>F-J.M.<\/strong><\/p>\n","protected":false},"excerpt":{"rendered":"<p>Pr\u00e9sence r\u00e9elle et participation \u00e0 la vie de la cit\u00e9 &nbsp; &nbsp; Par Fran\u00e7ois-Jean Martin &nbsp; &nbsp; Depuis le d\u00e9but de l&rsquo;implantation de notre \u00c9glise, nous essayons d&rsquo;\u00eatre pr\u00e9sents dans la cit\u00e9 en participant \u00e0 la vie de celle-ci. Ainsi nous sommes tr\u00e8s attentifs aux manifestations qui y rythment l&rsquo;ann\u00e9e. Nous nous inscrivons en tant [&hellip;]<\/p>\n","protected":false},"author":3,"featured_media":0,"comment_status":"closed","ping_status":"closed","sticky":false,"template":"","format":"standard","meta":{"footnotes":""},"categories":[16,8,13],"tags":[],"class_list":["post-2903","post","type-post","status-publish","format-standard","hentry","category-le-chretien-et-la-societe","category-evangelisation","category-la-vie-de-leglise"],"_links":{"self":[{"href":"https:\/\/www.servir.caef.net\/index.php?rest_route=\/wp\/v2\/posts\/2903","targetHints":{"allow":["GET"]}}],"collection":[{"href":"https:\/\/www.servir.caef.net\/index.php?rest_route=\/wp\/v2\/posts"}],"about":[{"href":"https:\/\/www.servir.caef.net\/index.php?rest_route=\/wp\/v2\/types\/post"}],"author":[{"embeddable":true,"href":"https:\/\/www.servir.caef.net\/index.php?rest_route=\/wp\/v2\/users\/3"}],"replies":[{"embeddable":true,"href":"https:\/\/www.servir.caef.net\/index.php?rest_route=%2Fwp%2Fv2%2Fcomments&post=2903"}],"version-history":[{"count":0,"href":"https:\/\/www.servir.caef.net\/index.php?rest_route=\/wp\/v2\/posts\/2903\/revisions"}],"wp:attachment":[{"href":"https:\/\/www.servir.caef.net\/index.php?rest_route=%2Fwp%2Fv2%2Fmedia&parent=2903"}],"wp:term":[{"taxonomy":"category","embeddable":true,"href":"https:\/\/www.servir.caef.net\/index.php?rest_route=%2Fwp%2Fv2%2Fcategories&post=2903"},{"taxonomy":"post_tag","embeddable":true,"href":"https:\/\/www.servir.caef.net\/index.php?rest_route=%2Fwp%2Fv2%2Ftags&post=2903"}],"curies":[{"name":"wp","href":"https:\/\/api.w.org\/{rel}","templated":true}]}}