{"id":3017,"date":"2002-07-14T08:28:24","date_gmt":"2002-07-14T08:28:24","guid":{"rendered":"\/?p=3017"},"modified":"2016-06-17T06:22:17","modified_gmt":"2016-06-17T06:22:17","slug":"lhistoire-de-la-cene-dans-lhistoire-de-leglise","status":"publish","type":"post","link":"https:\/\/www.servir.caef.net\/?p=3017","title":{"rendered":"L&rsquo;histoire de la c\u00e8ne dans l&rsquo;histoire de l&rsquo;Eglise"},"content":{"rendered":"<h1 style=\"text-align: center;\">L&rsquo;histoire de la c\u00e8ne dans l&rsquo;histoire de l&rsquo;Eglise<sub>1<\/sub><\/h1>\n<p>&nbsp;<\/p>\n<p align=\"JUSTIFY\">\u00a0<a href=\"\/wp-content\/uploads\/2009\/06\/Calvin-th\u00e9ologien.jpg\"><img loading=\"lazy\" decoding=\"async\" class=\" size-full wp-image-1654 aligncenter\" src=\"\/wp-content\/uploads\/2009\/06\/Calvin-th\u00e9ologien.jpg\" alt=\"Calvin th\u00e9ologien\" width=\"186\" height=\"261\" \/><\/a><\/p>\n<p align=\"JUSTIFY\">\u00a0<\/p>\n<p align=\"JUSTIFY\"><strong>par <span style=\"font-size: 16px;\"><span style=\"color: #b22222;\">Fran\u00e7ois-Jean Martin<\/span><\/span><\/strong><\/p>\n<p align=\"JUSTIFY\">\u00a0<\/p>\n<p>&nbsp;<\/p>\n<p align=\"JUSTIFY\">\u00a0<\/p>\n<p>&nbsp;<\/p>\n<p align=\"JUSTIFY\"><strong>Tout au long de son histoire, l&rsquo;Eglise chr\u00e9tienne a respect\u00e9 l&rsquo;ordre que le Seigneur a donn\u00e9 \u00e0 ses disciples apr\u00e8s leur avoir distribu\u00e9 du pain et donn\u00e9 la coupe : \u00ab\u00a0Faites ceci en m\u00e9moire de moi\u00a0\u00bb. Cependant, au cours des si\u00e8cles, le sens du rite, la nature des \u00e9l\u00e9ments, le droit d&rsquo;y participer et d&rsquo;officier, ainsi que les effets de ce m\u00e9morial, ont donn\u00e9 lieu \u00e0 de vifs d\u00e9bats et divis\u00e9 l&rsquo;Eglise. <\/strong><\/p>\n<p align=\"JUSTIFY\">\u00a0<\/p>\n<p align=\"JUSTIFY\">\u00a0<\/p>\n<p align=\"JUSTIFY\"><!--more--><\/p>\n<h2>Dans les premiers si\u00e8cles<\/h2>\n<p align=\"JUSTIFY\">\u00a0<\/p>\n<p align=\"JUSTIFY\"><a href=\"\/wp-content\/uploads\/2002\/pdf2002\/2002_04_02_lacenedanslhistoire.pdf\" target=\"_blank\"><img loading=\"lazy\" decoding=\"async\" title=\"iconePDF\" src=\"\/wp-content\/uploads\/2011\/01\/iconePDF.jpg\" alt=\"\" width=\"81\" height=\"76\" align=\"right\" hspace=\"8\" vspace=\"8\" \/><\/a>La c\u00e8ne est au cour du culte et de la vie chr\u00e9tienne dans les premiers si\u00e8cles. Dans le Didach\u00e8 (sorte de liturgie et manuel pastoral de la fin du 1er si\u00e8cle), l&rsquo;accent est mis sur la condition spirituelle des participants, sur l&rsquo;unit\u00e9 entre eux et avec toute l&rsquo;Eglise universelle et sur l&rsquo;action de gr\u00e2ces<strong><sub>2<\/sub><\/strong>.<\/p>\n<p align=\"JUSTIFY\">\u00a0<\/p>\n<p align=\"JUSTIFY\">Justin Martyr, dans sa 1\u00e8re Apologie vers 150 apr\u00e8s J-C, explique \u00e0 l&#8217;empereur Antonin le Pieux le d\u00e9roulement de la c\u00e8ne en reprenant les aspects cit\u00e9s dans la Didach\u00e8 et en insistant sur le fait que seuls les convertis baptis\u00e9s peuvent y participer. Il dit aussi que ces \u00e9l\u00e9ments sont \u00ab&#8230;vraiment la chair et le sang de J\u00e9sus incarn\u00e9&#8230;\u00bb.<\/p>\n<p align=\"JUSTIFY\">\u00a0<\/p>\n<p align=\"JUSTIFY\">\u00a0<\/p>\n<h2>Evolution<\/h2>\n<p align=\"JUSTIFY\">\u00a0<\/p>\n<p align=\"JUSTIFY\">Au 3\u00e8me si\u00e8cle, appara\u00eet une liturgie, avec des r\u00e9pons de l&rsquo;assistance aux paroles de l&rsquo;\u00e9v\u00eaque, que la messe catholique a en partie conserv\u00e9e. Mais la liturgie reste encore un cadre, un mod\u00e8le, dans lequel le pr\u00eatre peut exprimer ses propres mots pourvu qu&rsquo;ils soient conformes \u00e0 la saine doctrine. Cependant la structuration du culte se formalise, et s&rsquo;impose dans toutes les \u00c9glises.<\/p>\n<p align=\"JUSTIFY\">\u00a0<\/p>\n<p align=\"JUSTIFY\">D\u00e8s le 2\u00e8me si\u00e8cle on per\u00e7oit des glissements de sens. Le premier est l&rsquo;assimilation de la c\u00e8ne aux sacrifices de l&rsquo;A.T. Pour Ir\u00e9n\u00e9e d\u00e9j\u00e0, ce n&rsquo;est plus seulement le sacrifice du Christ sur la croix qui est propitiatoire mais le sacrifice du Christ dans l&rsquo;eucharistie.<\/p>\n<p align=\"JUSTIFY\">\u00a0<\/p>\n<p align=\"JUSTIFY\">Petit \u00e0 petit on per\u00e7oit l&rsquo;influence du paganisme ambiant : on croit que les \u00e9l\u00e9ments de la c\u00e8ne ont un certain pouvoir, par eux-m\u00eames, d&rsquo;\u00eatre des canaux de la gr\u00e2ce. C&rsquo;est un premier pas vers la notion de sacrement. On parle de r\u00e9alisme magique, et Ignace d&rsquo;Antioche de \u00ab\u00a0rem\u00e8de d&rsquo;immortalit\u00e9\u00a0\u00bb pour ces \u00e9l\u00e9ments.<\/p>\n<p align=\"JUSTIFY\">\u00a0<\/p>\n<p>&nbsp;<\/p>\n<p>&nbsp;<\/p>\n<table style=\"width: 78%;\" border=\"1\" cellspacing=\"3\" cellpadding=\"2\">\n<colgroup>\n<col width=\"718\" \/><\/colgroup>\n<tbody>\n<tr>\n<td bgcolor=\"#ffffff\" width=\"78%\">\n<p align=\"JUSTIFY\"><strong>Au 3\u00b0 si\u00e8cle apparait une liturgie, avec des r\u00e9pons de l&rsquo;assistanceaux paroles de l&rsquo;\u00e9v\u00eaque, que la messe catholique a en partie conserv\u00e9e. Mais la liturgie reste encore un cadre, un mod\u00e8le, dans lequel le pr\u00eatre peut exprimer ses propres mots pourvu qu&rsquo;ils soient conformes \u00e0 la saine doctrine. <\/strong><\/p>\n<p align=\"JUSTIFY\">\u00a0<\/p>\n<p align=\"JUSTIFY\">\u00a0<\/p>\n<p align=\"JUSTIFY\"><strong>Cependant la structuration du culte se formalise et s&rsquo;impose dans toutes les \u00e9glises.<\/strong><\/p>\n<\/td>\n<\/tr>\n<\/tbody>\n<\/table>\n<p>&nbsp;<\/p>\n<p align=\"JUSTIFY\">\u00a0<\/p>\n<p align=\"JUSTIFY\">Cyprien de Carthage est le premier P\u00e8re de l&rsquo;Eglise qui, en Occident, s&rsquo;est fait le d\u00e9fenseur de la transsubstantiation, fondement de la doctrine catholique romaine du sacrement de l&rsquo;eucharistie : les \u00e9l\u00e9ments de la c\u00e8ne deviennent des objets \u00ab\u00a0saints\u00a0\u00bb ; le pr\u00eatre, par son geste et ses paroles sacramentelles, permet la transformation du pain et du vin en corps et sang de J\u00e9sus. La c\u00e8ne prend en elle-m\u00eame une vertu propre, elle est efficace et va petit \u00e0 petit au cours du Moyen Age devenir moyen de salut.<\/p>\n<p align=\"JUSTIFY\">\u00a0<\/p>\n<p align=\"JUSTIFY\">Les cons\u00e9quences furent immenses : l&rsquo;assistance \u00e0 la messe devint obligatoire pour obtenir le pardon des p\u00e9ch\u00e9s, y compris ceux des d\u00e9funts, et l&rsquo;assurance de l&rsquo;entr\u00e9e au paradis ne fut plus qu&rsquo;un espoir. Seules les nombreuses pri\u00e8res et messes pouvaient, par leur accumulation, permettre aux morts d&rsquo;atteindre un jour le paradis. Les pr\u00eatres uniquement pouvaient administrer l&rsquo;eucharistie et eux seuls avaient droit \u00e0 la coupe<strong><sub>3<\/sub><\/strong>.<\/p>\n<p align=\"JUSTIFY\">\u00a0<\/p>\n<p align=\"JUSTIFY\">Cependant cette conception ne s&rsquo;est g\u00e9n\u00e9ralis\u00e9e qu&rsquo;au cours du Moyen Age, non sans de nombreuses r\u00e9actions. C&rsquo;est Hildebert de Tours qui, en 1134, d\u00e9finit la doctrine de la transsubstantiation. Elle est adopt\u00e9e par le 4\u00e8me Concile de Latran en 1215.<\/p>\n<p align=\"JUSTIFY\">\u00a0<\/p>\n<p align=\"JUSTIFY\">II faudra attendre Vatican II (1965) pour que les fid\u00e8les puissent prendre l&rsquo;eucharistie sous ses deux \u00e9l\u00e9ments.<\/p>\n<p align=\"JUSTIFY\">\u00a0<\/p>\n<p align=\"JUSTIFY\">\u00a0<\/p>\n<h2>Les courants protestants<\/h2>\n<p align=\"JUSTIFY\">\u00a0<a href=\"\/wp-content\/uploads\/2009\/06\/Calvin.jpg\"><img loading=\"lazy\" decoding=\"async\" class=\" size-full wp-image-8179 alignright\" src=\"\/wp-content\/uploads\/2009\/06\/Calvin.jpg\" alt=\"Calvin\" width=\"515\" height=\"387\" hspace=\"10\" srcset=\"https:\/\/www.servir.caef.net\/wp-content\/uploads\/2009\/06\/Calvin.jpg 515w, https:\/\/www.servir.caef.net\/wp-content\/uploads\/2009\/06\/Calvin-300x225.jpg 300w\" sizes=\"auto, (max-width: 515px) 100vw, 515px\" \/><\/a><\/p>\n<h3><strong>Luther <\/strong><\/h3>\n<p align=\"JUSTIFY\">\u00a0<\/p>\n<p align=\"JUSTIFY\">En 1517, Luther protesta contre l&rsquo;enseignement d&rsquo;un salut \u00e0 gagner par ses propres m\u00e9rites ou \u00e0 acheter sous forme d&rsquo;indulgences. Il voulut aussi r\u00e9former la doctrine de l&rsquo;eucharistie.<\/p>\n<p align=\"JUSTIFY\">\u00a0<\/p>\n<p align=\"JUSTIFY\">Sur ce point,<strong> Luther<\/strong> a \u00e9volu\u00e9 selon qu&rsquo;il s&rsquo;en prenait aux \u00ab\u00a0papistes\u00a0\u00bb ou \u00e0 d&rsquo;autres r\u00e9formateurs, Zwingli en particulier qu&rsquo;il traita comme un ennemi. Sa doctrine restait li\u00e9e \u00e0 la notion de myst\u00e8re ; les \u00e9l\u00e9ments consacr\u00e9s sont, pour lui, \u00e0 la fois pain et vin, et corps et sang du Christ. Cette pr\u00e9sence simultan\u00e9e est appel\u00e9e consubstantiation.<\/p>\n<p align=\"JUSTIFY\">\u00a0<\/p>\n<p align=\"JUSTIFY\">La c\u00e8ne est b\u00e9n\u00e9fique pour tous ceux qui la prennent (croyants ou non). <span style=\"text-decoration: underline;\">Elle garde un caract\u00e8re sacramentel<\/span> pour Luther : paradoxalement, sa doctrine de la c\u00e8ne est en contradiction avec sa doctrine sur le salut par la gr\u00e2ce re\u00e7ue par la foi.<\/p>\n<p align=\"JUSTIFY\">\u00a0<\/p>\n<h3>Zwingli<\/h3>\n<p align=\"JUSTIFY\">\u00a0<\/p>\n<p align=\"JUSTIFY\">A la lecture litt\u00e9rale de Luther, Zwingli opposa<span style=\"text-decoration: underline;\"> une interpr\u00e9tation symbolique<\/span>. Pour lui, le verbe \u00ab\u00a0\u00eatre\u00a0\u00bb n&rsquo;indique pas une simple identit\u00e9 mais une relation entre un symbole et la r\u00e9alit\u00e9 : ainsi lorsque le Christ dit : <span style=\"background-color: #add8e6;\"><em>\u00ab\u00a0je suis le chemin <\/em><em>\u00bb<\/em><\/span> ou <span style=\"background-color: #add8e6;\"><em>\u00ab <\/em><em>je suis la porte <\/em><em>\u00bb<\/em><\/span> ou <span style=\"background-color: #add8e6;\"><em>\u00ab <\/em><em>je suis le cep\u00a0\u00bb<\/em><\/span>, il n&rsquo;en devient pas pour autant r\u00e9ellement<em> chemin,\u00a0 porte ou cep<\/em> ; cependant, sur le plan spirituel, Christ est r\u00e9ellement le chemin ou la porte pour acc\u00e9der au P\u00e8re, et le cep qui donne la vie aux sarments (les croyants).<\/p>\n<p align=\"JUSTIFY\">\u00a0<\/p>\n<p align=\"JUSTIFY\">Le pain et le vin sont signes du corps et du sang de Christ. Zwingli s&rsquo;appuyait sur la phrase : Faites ceci en <em>m\u00e9moire de moi<\/em>. La c\u00e8ne est un t\u00e9moignage public de la foi, un acte en souvenir de l&rsquo;oeuvre du Christ, une action de gr\u00e2ces, un acte communautaire.<\/p>\n<p align=\"JUSTIFY\">\u00a0<\/p>\n<p>&nbsp;<\/p>\n<p align=\"JUSTIFY\"><span style=\"text-decoration: underline;\">J\u00e9sus est donc absent corps lors de la c\u00e8ne<\/span>.<strong><sub>4 <\/sub><\/strong><\/p>\n<p align=\"JUSTIFY\">\u00a0<\/p>\n<h3>Calvin<\/h3>\n<p align=\"JUSTIFY\">\u00a0<\/p>\n<p align=\"JUSTIFY\">Calvin adopta une position moyenne entre Luther et Zwingli. Le corps de Christ est bien au ciel, mais le Christ, du ciel, est donn\u00e9 aux croyants par le Saint-Esprit : ils mangent et boivent (spirituellement) sa chair et son sang. \u00ab\u00a0Ces signes, \u00e9crivait Calvin, sont le pain et le vin sous lesquels le Seigneur nous pr\u00e9sente la vraie communication de son corps et de son sang. Mais c&rsquo;est l\u00e0 une communion spirituelle, \u00e0 laquelle suffit le lien de l&rsquo;Esprit Saint, et qui ne requiert point une pr\u00e9sence enferm\u00e9e soit de sa chair sous le pain, soit de son sang sous le vin<strong><sub>5<\/sub><\/strong>\u00a0\u00bb. La c\u00e8ne ne conf\u00e8re donc pas le corps mat\u00e9riel de Christ aux participants croyants ou non.<\/p>\n<p align=\"JUSTIFY\">\u00a0<\/p>\n<p align=\"JUSTIFY\">Cependant cette doctrine est peu satisfaisante car elle lie une fonction de communication <em>r\u00e9elle<\/em> (\u00ab\u00a0th\u00e9ologie de r\u00e9alit\u00e9\u00a0\u00bb de Luther) et une fonction <em>symbolique<\/em> (th\u00e9ologie de l&rsquo;Esprit\u00bb de Zwingli). C&rsquo;est une recherche de compromis dans un domaine o\u00f9 cela n&rsquo;est pas possible. Pour Calvin le Christ est pr\u00e9sent spirituellement dans la c\u00e8ne plus qu&rsquo;aux autres moments du culte : on parle de la doctrine de la<em> pr\u00e9sence r\u00e9elle<\/em>.<\/p>\n<p align=\"JUSTIFY\">\u00a0<\/p>\n<h3>La r\u00e9forme radicale<\/h3>\n<p align=\"JUSTIFY\">\u00a0<\/p>\n<p align=\"JUSTIFY\">Des collaborateurs de Zwingli (dont Conrad Grebel) tir\u00e8rent du principe de la Sola Scriptura (la parole seule), toutes les cons\u00e9quences sur les deux ordonnances bapt\u00eame et c\u00e8ne. Ils se r\u00e9unirent entre eux, pratiqu\u00e8rent le bapt\u00eame des croyants et le repas du Seigneur entre enfants de Dieu. Ce courant anabaptiste proclama sa position dans la confession de Dordrecht.<\/p>\n<p align=\"JUSTIFY\">\u00a0<\/p>\n<p align=\"JUSTIFY\">La c\u00e8ne a deux significations\u00a0: elle rappelle la croix du Christ et sa mort salutaire (m\u00e9morial) et elle donne un signe, un t\u00e9moignage de la communion fraternelle entre les croyants. Le Christ est pr\u00e9sent lors de la c\u00e8ne, comme il l&rsquo;est continuellement avec les croyants <span style=\"background-color: #add8e6;\"><em>(Mt 28.20)<\/em><\/span> et plus particuli\u00e8rement lorsqu&rsquo;ils se rassemblent pour le c\u00e9l\u00e9brer <span style=\"background-color: #add8e6;\"><em>(Mt 18.20)<\/em><\/span>. l&rsquo;id\u00e9e du sacrement a disparu.<\/p>\n<p align=\"JUSTIFY\">\u00a0<\/p>\n<h3>Les Fr\u00e8res<\/h3>\n<p align=\"JUSTIFY\">\u00a0<\/p>\n<p align=\"JUSTIFY\">Dans le grand courant revivaliste, h\u00e9ritier lui-m\u00eame de la pens\u00e9e th\u00e9ologique de la <em>r\u00e9forme, radicale<\/em>, na\u00eet le Mouvement des Fr\u00e8res (d\u00e9but du 19\u00e8me si\u00e8cle, avec A.N. Groves, M. Craik, J.G. Bellet, R. Chapman, G. M\u00fcller&#8230; puis J.N. Darby). Il s&rsquo;est caract\u00e9ris\u00e9 par l&rsquo;importance attach\u00e9e au repas du Seigneur (due peut-\u00eatre l&rsquo;h\u00e9ritage anglican des fondateurs britanniques).<\/p>\n<p align=\"JUSTIFY\">\u00a0<\/p>\n<p align=\"JUSTIFY\">La c\u00e8ne offerte \u00e0 tous chez les Fr\u00e8res n&#8217;emp\u00eachait pas une certaine rigueur et une discipline marqu\u00e9e par l&rsquo;enseignement diffus\u00e9 par les livres de J. N. Darby. Ces cinquante derni\u00e8res ann\u00e9es, cette influence s&rsquo;est fortement att\u00e9nu\u00e9e (en France, en Suisse romande et dans les assembl\u00e9es dites \u00ab\u00a0progressistes\u00a0\u00bb en d&rsquo;autres pays), mais une discipline rigide s&rsquo;est maintenue dans les Assembl\u00e9es de<em> Fr\u00e8res<\/em> (dites darbystes ou exclusives).<\/p>\n<p align=\"JUSTIFY\">\u00a0<\/p>\n<p align=\"JUSTIFY\">\u00a0<\/p>\n<h2>Evolutions r\u00e9centes de la chr\u00e9tient\u00e9<\/h2>\n<p align=\"JUSTIFY\">\u00a0<\/p>\n<p align=\"JUSTIFY\">Du c\u00f4t\u00e9 catholique, pas de changements notables dans la doctrine enseign\u00e9e dans le<em> Nouveau Cat\u00e9chisme<\/em> pr\u00e9fac\u00e9 par Jean-Paul II. L&rsquo;importance de la participation eucharistique reste fortement affirm\u00e9e. La transsubstantiation demeure la doctrine de base, mais on souligne davantage la pr\u00e9sence du Christ que la fa\u00e7on dont elle s&rsquo;op\u00e8re.<\/p>\n<p align=\"JUSTIFY\">\u00a0<\/p>\n<p align=\"JUSTIFY\">Les luth\u00e9riens et les r\u00e9form\u00e9s (calvinistes) se mettent d&rsquo;accord et pratiquent une intercommunion (Concorde de <em>Leuenberg<\/em> en 1961). Le courant lib\u00e9ral ainsi que des th\u00e9ologiens comme Werner, Gounelle, s&rsquo;\u00e9l\u00e8vent contre le caract\u00e8re sacramental de la c\u00e8ne.<\/p>\n<p align=\"JUSTIFY\">\u00a0<\/p>\n<p align=\"JUSTIFY\">Les Eglises protestantes historiques (luth\u00e9riennes, r\u00e9form\u00e9es, baptistes et anglicanes) entrent en dialogue sur ce sujet. Et la commission \u00ab\u00a0Foi et Constitution\u00a0\u00bb du Conseil Oecum\u00e9nique des Eglises publie \u00e0 Lima en 1982 le texte de<em> Convergence de la foi : Bapt\u00eame, Eucharistie et Minist\u00e8re<\/em>. Il proclame une certaine unit\u00e9 entre les grandes confessions protestantes sur les trois aspects de la vie d&rsquo;Eglise abord\u00e9s et en particulier sur l&rsquo;eucharistie.<\/p>\n<p align=\"JUSTIFY\">\u00a0<\/p>\n<p align=\"JUSTIFY\">Ce texte a pour but de rassembler, d&rsquo;obtenir l&rsquo;adh\u00e9sion du plus grand nombre, aussi garde-t-il un caract\u00e8re flou. Les signataires donnent-ils le m\u00eame sens aux m\u00eames mots ? On peut parfois en douter. On y trouve des contradictions internes (voire des incompatibilit\u00e9s) pour tenir compte de tous les avis et permettre \u00e0 tous de signer. Les approches pluralistes des th\u00e9ologiens modernes et le relativisme de la soci\u00e9t\u00e9 y trouvent leur compte mais pas la clart\u00e9 et la solidit\u00e9 th\u00e9ologiques. L&rsquo;unit\u00e9 est aux d\u00e9pens de la v\u00e9rit\u00e9.<\/p>\n<p align=\"JUSTIFY\">\u00a0<\/p>\n<p align=\"JUSTIFY\">\u00a0<\/p>\n<h2>Et nos Eglises C.A.E.F. ?<\/h2>\n<p align=\"JUSTIFY\">\u00a0<\/p>\n<p align=\"JUSTIFY\">Ces trente derni\u00e8res ann\u00e9es, l&rsquo;\u00e9volution de la soci\u00e9t\u00e9, le d\u00e9sir de reconnaissance officielle, une trop grande superficialit\u00e9 dans l&rsquo;\u00e9tude de l&rsquo;Ecriture et la m\u00e9connaissance d&rsquo;une th\u00e9ologie biblique, une non reconnaissance (non dite, mais trop r\u00e9elle) des minist\u00e8res, fragilisent nos Eglises. S&rsquo;ajoute parfois \u00e0 cela un certain laxisme (qui se manifeste moins dans le discours que dans les actes).<\/p>\n<p align=\"JUSTIFY\">\u00a0<\/p>\n<p align=\"JUSTIFY\">Sans vouloir retrouver une doctrine de tendance exclusiviste (ancien h\u00e9ritage de Darby), il nous faut n\u00e9anmoins veiller \u00e0 ne pas tomber dans un ir\u00e9nisme na\u00eff et aveugle (voir l&rsquo;article suivant sur l&rsquo;intercommunion), ni dans une pratique parfois superficielle, voire d\u00e9sinvolte, de la c\u00e8ne.<\/p>\n<p align=\"JUSTIFY\">\u00a0<\/p>\n<p style=\"text-align: center;\"><strong>F-J. M. <\/strong><\/p>\n<p align=\"JUSTIFY\">\u00a0<\/p>\n<p>&nbsp;<\/p>\n<table style=\"width: 78%;\" border=\"1\" cellspacing=\"3\" cellpadding=\"2\">\n<colgroup>\n<col width=\"718\" \/><\/colgroup>\n<tbody>\n<tr>\n<td bgcolor=\"#ffffff\" width=\"78%\">\n<p align=\"JUSTIFY\"><strong>Enseigne-t-on toujours ce qu&rsquo;est la doctrine de la c\u00e8ne dans nos C.A.E.F.\u00a0? <\/strong><\/p>\n<p align=\"JUSTIFY\"><strong><br \/> <\/strong><\/p>\n<p align=\"JUSTIFY\">\u00a0<\/p>\n<p align=\"JUSTIFY\"><strong>Est-on conscient encore de ce qui est en cause lors de la c\u00e8ne\u00a0? Rappelle-t&rsquo;on encore les conditions \u00e0 remplir pour prendre la c\u00e8ne et les avertissements qui l&rsquo;accompagnent\u00a0? <\/strong><\/p>\n<p align=\"JUSTIFY\">\u00a0<\/p>\n<p align=\"JUSTIFY\"><strong>Pratique-t-on encore la discipline dans nos Eglises\u00a0? <\/strong><\/p>\n<p align=\"JUSTIFY\">\u00a0<\/p>\n<p align=\"JUSTIFY\"><strong>Ne sommes-nous pas tent\u00e9s par la manifestation de l&rsquo;unit\u00e9 aux d\u00e9pens de la v\u00e9rit\u00e9 ? <\/strong><\/p>\n<p align=\"JUSTIFY\">\u00a0<\/p>\n<p align=\"JUSTIFY\">\u00a0<\/p>\n<p align=\"JUSTIFY\"><strong>Autant de questions vitales pour l&rsquo;avenir de nos \u00c9glises. <\/strong><\/p>\n<\/td>\n<\/tr>\n<\/tbody>\n<\/table>\n<p>&nbsp;<\/p>\n<p align=\"JUSTIFY\">\u00a0<\/p>\n<hr \/>\n<p align=\"JUSTIFY\">\u00a0NOTES<\/p>\n<p align=\"JUSTIFY\">\u00a0<\/p>\n<p align=\"JUSTIFY\"><strong>1.<\/strong> Cet article a \u00e9t\u00e9 \u00e9crit \u00e0 partir du cours de Th\u00e9ologie de M. PETER Rodolphe que j&rsquo;ai eu le privil\u00e8ge de suivre lors de mes \u00e9tudes, des livres d&rsquo;Oscar CULLMANN et de Pierre CHAUNU et surtout de l&rsquo;ouvrage d&rsquo;Alfred KUEN : Le repos du Seigneur. Comme tout r\u00e9sum\u00e9, il comporte un certain nombre de raccourcis, voire de simplifications abusives. Elles sont de mon fait et non imputables \u00e0 mes professeurs, c&rsquo;est pourquoi je me suis permis de signer cet article dont le fond leur est d\u00fb.<\/p>\n<p align=\"JUSTIFY\">\u00a0<\/p>\n<p align=\"JUSTIFY\"><strong>2.<\/strong> <em>Action de gr\u00e2ces<\/em> se dit en grec : eucharistia, d&rsquo;o\u00f9 le terme d&rsquo;eucharistie employ\u00e9 progressivement dans l&rsquo;Eglise primitive pour d\u00e9signer la c\u00e8ne qui devait \u00eatre prise avec <em>actions de gr\u00e2ces<\/em>.<\/p>\n<p align=\"JUSTIFY\">\u00a0<\/p>\n<p align=\"JUSTIFY\"><strong>3.<\/strong> L&rsquo;\u00e9volution de la doctrine va de pair avec l&rsquo;\u00e9volution des lieux de culte. La table de communion autrefois au centre, est recul\u00e9e contre le mur est du sanctuaire, et remplac\u00e9e par un autel. Puis on construira une s\u00e9paration entre le choeur pour le clerg\u00e9 et la nef pour les la\u00efcs : le jub\u00e9. On contemplait de loin l&rsquo;hostie consacr\u00e9e sur l&rsquo;autel et cela devait suffire \u00e0 procurer des b\u00e9n\u00e9dictions. On l&rsquo;adorait et la promenait lors de la f\u00eate du corps de Christ d\u00e8s le 13\u00e8me si\u00e8cle.<\/p>\n<p align=\"JUSTIFY\">\u00a0<\/p>\n<p align=\"JUSTIFY\"><strong>4.<\/strong> Cette doctrine est proclam\u00e9e dans la <em>Confession helv\u00e9tique<\/em> post\u00e9rieure (Henri Billinger).<\/p>\n<p align=\"JUSTIFY\">\u00a0<\/p>\n<p align=\"JUSTIFY\"><strong>5.<\/strong> Jean Calvin, <em>Br\u00e8ve Instruction Chr\u00e9tienne<\/em>, \u00e9crite en 1537 ; adaptation en fran\u00e7ais moderne par R Courthial (Paris : Edit. Les Bergers et les mages, sd), p. 70-71.<\/p>\n<p align=\"JUSTIFY\">\u00a0<\/p>\n","protected":false},"excerpt":{"rendered":"<p>L&rsquo;histoire de la c\u00e8ne dans l&rsquo;histoire de l&rsquo;Eglise1 &nbsp; \u00a0 \u00a0 par Fran\u00e7ois-Jean Martin \u00a0 &nbsp; \u00a0 &nbsp; Tout au long de son histoire, l&rsquo;Eglise chr\u00e9tienne a respect\u00e9 l&rsquo;ordre que le Seigneur a donn\u00e9 \u00e0 ses disciples apr\u00e8s leur avoir distribu\u00e9 du pain et donn\u00e9 la coupe : \u00ab\u00a0Faites ceci en m\u00e9moire de moi\u00a0\u00bb. Cependant, [&hellip;]<\/p>\n","protected":false},"author":3,"featured_media":0,"comment_status":"closed","ping_status":"closed","sticky":false,"template":"","format":"standard","meta":{"footnotes":""},"categories":[10,28,13],"tags":[],"class_list":["post-3017","post","type-post","status-publish","format-standard","hentry","category-histoire-de-leglise","category-jesus-christ","category-la-vie-de-leglise"],"_links":{"self":[{"href":"https:\/\/www.servir.caef.net\/index.php?rest_route=\/wp\/v2\/posts\/3017","targetHints":{"allow":["GET"]}}],"collection":[{"href":"https:\/\/www.servir.caef.net\/index.php?rest_route=\/wp\/v2\/posts"}],"about":[{"href":"https:\/\/www.servir.caef.net\/index.php?rest_route=\/wp\/v2\/types\/post"}],"author":[{"embeddable":true,"href":"https:\/\/www.servir.caef.net\/index.php?rest_route=\/wp\/v2\/users\/3"}],"replies":[{"embeddable":true,"href":"https:\/\/www.servir.caef.net\/index.php?rest_route=%2Fwp%2Fv2%2Fcomments&post=3017"}],"version-history":[{"count":0,"href":"https:\/\/www.servir.caef.net\/index.php?rest_route=\/wp\/v2\/posts\/3017\/revisions"}],"wp:attachment":[{"href":"https:\/\/www.servir.caef.net\/index.php?rest_route=%2Fwp%2Fv2%2Fmedia&parent=3017"}],"wp:term":[{"taxonomy":"category","embeddable":true,"href":"https:\/\/www.servir.caef.net\/index.php?rest_route=%2Fwp%2Fv2%2Fcategories&post=3017"},{"taxonomy":"post_tag","embeddable":true,"href":"https:\/\/www.servir.caef.net\/index.php?rest_route=%2Fwp%2Fv2%2Ftags&post=3017"}],"curies":[{"name":"wp","href":"https:\/\/api.w.org\/{rel}","templated":true}]}}