{"id":3101,"date":"2002-09-14T20:01:48","date_gmt":"2002-09-14T20:01:48","guid":{"rendered":"\/?p=3101"},"modified":"2016-06-17T06:36:11","modified_gmt":"2016-06-17T06:36:11","slug":"temoignage-sept-enfants-a-la-maison","status":"publish","type":"post","link":"https:\/\/www.servir.caef.net\/?p=3101","title":{"rendered":"T\u00e9moignage : Sept enfants \u00e0 la maison"},"content":{"rendered":"<h1 style=\"text-align: center;\">Sept enfants \u00e0 la maison<\/h1>\n<h1>\u00a0<a href=\"\/wp-content\/uploads\/2011\/05\/Temoignage.jpg\"><img loading=\"lazy\" decoding=\"async\" class=\" size-full wp-image-2645 aligncenter\" src=\"\/wp-content\/uploads\/2011\/05\/Temoignage.jpg\" alt=\"Temoignage\" width=\"390\" height=\"36\" srcset=\"https:\/\/www.servir.caef.net\/wp-content\/uploads\/2011\/05\/Temoignage.jpg 390w, https:\/\/www.servir.caef.net\/wp-content\/uploads\/2011\/05\/Temoignage-300x27.jpg 300w\" sizes=\"auto, (max-width: 390px) 100vw, 390px\" \/><\/a><\/h1>\n<p>&nbsp;<\/p>\n<h3 style=\"text-align: center;\">Jeannie et Jean Luc Tabailloux sont install\u00e9s pr\u00e8s de Grenoble.<br \/> Leurs 7 enfants ont de 3 \u00e0 18 ans.<\/h3>\n<p align=\"JUSTIFY\">\u00a0<\/p>\n<h3>\u00a0<\/h3>\n<h3><img loading=\"lazy\" decoding=\"async\" class=\"alignnone  wp-image-8166\" src=\"\/wp-content\/uploads\/2014\/04\/dialogue-2.jpg\" alt=\"dialogue-2\" width=\"76\" height=\"79\" \/>Jeannie, quelle priorit\u00e9, quels challenges pour vous dans l&rsquo;\u00e9ducation de vos enfants ?<\/h3>\n<p align=\"JUSTIFY\">\u00a0<\/p>\n<p align=\"JUSTIFY\">D&rsquo;apr\u00e8s un sondage que j&rsquo;ai lu, les enfants pensent que la r\u00e9ussite scolaire est plus importante que la sant\u00e9. Pour nous, la vraie r\u00e9ussite est d&rsquo;aimer Dieu. Quand nos jumeaux sont n\u00e9s, nous avons re\u00e7u une carte o\u00f9 il y avait : \u00ab\u00a0Qu&rsquo;ils grandissent pour aimer et servir Dieu\u00a0\u00bb. C&rsquo;est notre d\u00e9sir et notre pri\u00e8re. Et je prie que je sois un exemple et non un obstacle.<\/p>\n<p align=\"JUSTIFY\">\u00a0<\/p>\n<p align=\"JUSTIFY\">\u00a0<\/p>\n<p align=\"JUSTIFY\"><!--more--><\/p>\n<h3><img loading=\"lazy\" decoding=\"async\" class=\"alignnone  wp-image-8166\" src=\"\/wp-content\/uploads\/2014\/04\/dialogue-2.jpg\" alt=\"dialogue-2\" width=\"76\" height=\"79\" \/>Et avec les enfants, avez-vous des temps particuliers de pri\u00e8re ?<\/h3>\n<p align=\"JUSTIFY\">\u00a0<\/p>\n<p align=\"JUSTIFY\"><a href=\"\/wp-content\/uploads\/2002\/pdf2002\/2002_05_15_7enfantsalamaison.pdf\" target=\"_blank\"><img loading=\"lazy\" decoding=\"async\" title=\"iconePDF\" src=\"\/wp-content\/uploads\/2011\/01\/iconePDF.jpg\" alt=\"\" width=\"81\" height=\"76\" align=\"right\" hspace=\"8\" vspace=\"8\" \/><\/a><a href=\"\/wp-content\/uploads\/2007\/05\/mains-jointes.jpg\"><img loading=\"lazy\" decoding=\"async\" class=\"  wp-image-7476 alignleft\" src=\"\/wp-content\/uploads\/2007\/05\/mains-jointes.jpg\" alt=\"mains-jointes\" width=\"115\" height=\"173\" hspace=\"10\" \/><\/a>Je prie toujours avec les enfants au moment du coucher. Ce sont des instants privil\u00e9gi\u00e9s, o\u00f9 on peut se connecter l&rsquo;un \u00e0 l&rsquo;autre et avec Dieu, et \u00e7a se passe au niveau individuel. Je remercie Dieu pour la mani\u00e8re dont ils ont r\u00e9agi dans la journ\u00e9e, pour que Dieu leur donne de la patience envers la petite soeur&#8230; Mon deuxi\u00e8me fils, m\u00eame plus grand, me demandait : \u00ab\u00a0Prie pour moi\u00a0\u00bb. Les enfants cherchent \u00e0 ce que la b\u00e9n\u00e9diction vienne sur eux. M\u00eame \u00e0 6 ou 7 mois, quand je priais pour mes enfants, ils \u00e9taient calmes, comme s&rsquo;ils comprenaient que quelque chose se passait. Je pense qu&rsquo;ils s&rsquo;arr\u00eataient pour sentir la pr\u00e9sence de Dieu.<\/p>\n<p>&nbsp;<\/p>\n<p>&nbsp;<\/p>\n<h3><img loading=\"lazy\" decoding=\"async\" class=\"alignnone  wp-image-8166\" src=\"\/wp-content\/uploads\/2014\/04\/dialogue-2.jpg\" alt=\"dialogue-2\" width=\"76\" height=\"79\" \/>Peux-tu nous parler d&rsquo;une difficult\u00e9 rencontr\u00e9e avec l&rsquo;un ou l&rsquo;autre enfant ?<\/h3>\n<p align=\"JUSTIFY\">\u00a0<\/p>\n<p align=\"JUSTIFY\">Certains de nos enfants sont dyslexiques. Or, en France, la r\u00e9ussite scolaire compte beaucoup. Notre fils a\u00een\u00e9 a rencontr\u00e9 des probl\u00e8mes scolaires, et m\u00eame \u00e0 l&rsquo;\u00e9cole du dimanche, certains moniteurs ont \u00e9t\u00e9 tr\u00e8s durs avec lui. Mais, petit \u00e0 petit, on s&rsquo;aper\u00e7oit que sa vie est une r\u00e9ussite. Avec les souffrances qu&rsquo;il a connues, il est sensible \u00e0 celles des autres.<\/p>\n<p align=\"JUSTIFY\">\u00a0<\/p>\n<h3><img loading=\"lazy\" decoding=\"async\" class=\"alignnone  wp-image-8166\" src=\"\/wp-content\/uploads\/2014\/04\/dialogue-2.jpg\" alt=\"dialogue-2\" width=\"76\" height=\"79\" \/>En tant que couple pastoral, un mot sur la vie de famille et l&rsquo;accueil ?<\/h3>\n<p align=\"JUSTIFY\">\u00a0<\/p>\n<p align=\"JUSTIFY\">Aujourd&rsquo;hui, on parle beaucoup de prot\u00e9ger la famille, de ne pas avoir trop de monde. Mais souvent, nos enfants demandaient : qui sera avec nous ce soir ? Et je me rends compte combien ils ont appris de choses en voyant les uns et les autres. Ils ont compris ce qu&rsquo;il faut \u00e9viter par les t\u00e9moignages en direct.<\/p>\n<p align=\"JUSTIFY\">\u00a0<\/p>\n<h3><img loading=\"lazy\" decoding=\"async\" class=\"alignnone  wp-image-8166\" src=\"\/wp-content\/uploads\/2014\/04\/dialogue-2.jpg\" alt=\"dialogue-2\" width=\"76\" height=\"79\" \/>Au niveau de l&rsquo;\u00e9glise, comment r\u00e9agissent-ils ?<\/h3>\n<p align=\"JUSTIFY\">\u00a0<\/p>\n<p align=\"JUSTIFY\">Les enfants nous ont toujours suivis \u00e0 l&rsquo;\u00e9glise. D&rsquo;ailleurs, on ne leur pose pas la question d&rsquo;aller ou pas \u00e0 l&rsquo;\u00e9glise. Maintenant, les enfants viennent d&rsquo;eux-m\u00eames.<\/p>\n<p align=\"JUSTIFY\">\u00a0<\/p>\n<h3><img loading=\"lazy\" decoding=\"async\" class=\"alignnone  wp-image-8166\" src=\"\/wp-content\/uploads\/2014\/04\/dialogue-2.jpg\" alt=\"dialogue-2\" width=\"76\" height=\"79\" \/>Et le fait de rester \u00e0 la maison, est-ce frustrant parfois ?<\/h3>\n<p align=\"JUSTIFY\">\u00a0<\/p>\n<p align=\"JUSTIFY\">Si j&rsquo;\u00e9tais oblig\u00e9e de laisser nos enfants pour aller travailler \u00e0 l&rsquo;ext\u00e9rieur, je serais tr\u00e8s frustr\u00e9e. Je penserais que je rate quelque chose avec eux. Ma m\u00e8re allait travailler pour elle. Je sentais qu&rsquo;elle avait choisi entre le travail et moi, comme si le travail \u00e9tait plus important que moi. Mais ma m\u00e8re n&rsquo;\u00e9tait pas moi, et nos choix d\u00e9pendent aussi de nos personnalit\u00e9s. Pour moi, ma place est avec les enfants.<\/p>\n<p align=\"JUSTIFY\">\u00a0<\/p>\n<p align=\"JUSTIFY\">Les enfants sont rassur\u00e9s quand ils t\u00e9l\u00e9phonent \u00e0 la maison et voient que je suis l\u00e0. J&rsquo;ai constat\u00e9 cela avec mes deux grands. C&rsquo;est important d&rsquo;\u00eatre toujours l\u00e0. Il m&rsquo;arrive de rester \u00e0 la table de la cuisine avec un de mes enfants. Parfois, les conversations prennent un virage spirituel.<\/p>\n<p align=\"JUSTIFY\">\u00a0<\/p>\n<p align=\"RIGHT\"><strong>(propos recueillis par Marie-Christine Fave)<\/strong><\/p>\n<p align=\"JUSTIFY\">\u00a0<\/p>\n","protected":false},"excerpt":{"rendered":"<p>Sept enfants \u00e0 la maison \u00a0 &nbsp; Jeannie et Jean Luc Tabailloux sont install\u00e9s pr\u00e8s de Grenoble. Leurs 7 enfants ont de 3 \u00e0 18 ans. \u00a0 \u00a0 Jeannie, quelle priorit\u00e9, quels challenges pour vous dans l&rsquo;\u00e9ducation de vos enfants ? \u00a0 D&rsquo;apr\u00e8s un sondage que j&rsquo;ai lu, les enfants pensent que la r\u00e9ussite scolaire [&hellip;]<\/p>\n","protected":false},"author":108,"featured_media":0,"comment_status":"closed","ping_status":"closed","sticky":false,"template":"","format":"standard","meta":{"footnotes":""},"categories":[17,29,89,50,33],"tags":[],"class_list":["post-3101","post","type-post","status-publish","format-standard","hentry","category-lautorite","category-la-famille","category-femme","category-jeunesse","category-temoignages"],"_links":{"self":[{"href":"https:\/\/www.servir.caef.net\/index.php?rest_route=\/wp\/v2\/posts\/3101","targetHints":{"allow":["GET"]}}],"collection":[{"href":"https:\/\/www.servir.caef.net\/index.php?rest_route=\/wp\/v2\/posts"}],"about":[{"href":"https:\/\/www.servir.caef.net\/index.php?rest_route=\/wp\/v2\/types\/post"}],"author":[{"embeddable":true,"href":"https:\/\/www.servir.caef.net\/index.php?rest_route=\/wp\/v2\/users\/108"}],"replies":[{"embeddable":true,"href":"https:\/\/www.servir.caef.net\/index.php?rest_route=%2Fwp%2Fv2%2Fcomments&post=3101"}],"version-history":[{"count":0,"href":"https:\/\/www.servir.caef.net\/index.php?rest_route=\/wp\/v2\/posts\/3101\/revisions"}],"wp:attachment":[{"href":"https:\/\/www.servir.caef.net\/index.php?rest_route=%2Fwp%2Fv2%2Fmedia&parent=3101"}],"wp:term":[{"taxonomy":"category","embeddable":true,"href":"https:\/\/www.servir.caef.net\/index.php?rest_route=%2Fwp%2Fv2%2Fcategories&post=3101"},{"taxonomy":"post_tag","embeddable":true,"href":"https:\/\/www.servir.caef.net\/index.php?rest_route=%2Fwp%2Fv2%2Ftags&post=3101"}],"curies":[{"name":"wp","href":"https:\/\/api.w.org\/{rel}","templated":true}]}}