{"id":3106,"date":"2002-09-14T20:17:02","date_gmt":"2002-09-14T20:17:02","guid":{"rendered":"\/?p=3106"},"modified":"2016-06-17T06:38:21","modified_gmt":"2016-06-17T06:38:21","slug":"etre-famille-daccueil","status":"publish","type":"post","link":"https:\/\/www.servir.caef.net\/?p=3106","title":{"rendered":"Etre famille d&rsquo;accueil"},"content":{"rendered":"<h1 style=\"text-align: center;\"><a href=\"\/wp-content\/uploads\/2015\/01\/interview.jpg\"><img loading=\"lazy\" decoding=\"async\" class=\"alignnone size-full wp-image-8710\" src=\"\/wp-content\/uploads\/2015\/01\/interview.jpg\" alt=\"interview\" width=\"329\" height=\"126\" srcset=\"https:\/\/www.servir.caef.net\/wp-content\/uploads\/2015\/01\/interview.jpg 329w, https:\/\/www.servir.caef.net\/wp-content\/uploads\/2015\/01\/interview-300x114.jpg 300w\" sizes=\"auto, (max-width: 329px) 100vw, 329px\" \/><\/a><\/h1>\n<h1 style=\"text-align: center;\">\u00a0<\/h1>\n<h1 style=\"text-align: center;\">Etre famille d&rsquo;accueil<\/h1>\n<p align=\"JUSTIFY\">\u00a0<a href=\"\/wp-content\/uploads\/2003\/03\/adulte-enfant.jpg\"><img loading=\"lazy\" decoding=\"async\" class=\" size-full wp-image-8208 aligncenter\" src=\"\/wp-content\/uploads\/2003\/03\/adulte-enfant.jpg\" alt=\"adulte-enfant\" width=\"145\" height=\"210\" \/><\/a><\/p>\n<p align=\"JUSTIFY\">\u00a0<\/p>\n<p align=\"JUSTIFY\"><strong>Claude et Isabelle (CI. par la suite), et Savino et Philom\u00e8ne (S.P.), chr\u00e9tiens de la r\u00e9gion lyonnaise, accueillent depuis plusieurs ann\u00e9es des enfants dont les parents ne peuvent pas s&rsquo;occuper pour diverses raisons. Alain Kitt les a rencontr\u00e9s et leur a demand\u00e9 de partager leurs exp\u00e9riences avec les lecteurs de <em>Servir en L&rsquo;attendant. <\/em><\/strong><\/p>\n<p align=\"JUSTIFY\">\u00a0<\/p>\n<p align=\"JUSTIFY\"><!--more--><\/p>\n<h3><img loading=\"lazy\" decoding=\"async\" class=\"alignnone  wp-image-8165\" src=\"\/wp-content\/uploads\/2014\/04\/dialogue1.jpg\" alt=\"dialogue1\" width=\"68\" height=\"73\" \/>A.K. Pourquoi avez-vous d\u00e9cid\u00e9 d&rsquo;accueillir des enfants chez vous ?<\/h3>\n<p align=\"JUSTIFY\">\u00a0<\/p>\n<p align=\"JUSTIFY\"><a href=\"\/wp-content\/uploads\/2002\/pdf2002\/2002_05_17_etrefamilledaccueil.pdf\" target=\"_blank\"><img loading=\"lazy\" decoding=\"async\" title=\"iconePDF\" src=\"\/wp-content\/uploads\/2011\/01\/iconePDF.jpg\" alt=\"\" width=\"81\" height=\"76\" align=\"right\" hspace=\"8\" vspace=\"8\" \/><\/a>Cl. Nous aimons beaucoup les enfants, et ne voulions pas nous limiter \u00e0 nos propres enfants.<\/p>\n<p align=\"JUSTIFY\">\u00a0<\/p>\n<p align=\"JUSTIFY\">S.P.. Nous croyons que c&rsquo;est une mani\u00e8re de mettre en pratique l&rsquo;exhortation biblique \u00e0 exercer l&rsquo;hospitalit\u00e9. Nous avons voulu aussi soulager des enfants en d\u00e9tresse et leur donner un sens de la famille.<\/p>\n<p align=\"JUSTIFY\">\u00a0<\/p>\n<h3><img loading=\"lazy\" decoding=\"async\" class=\"alignnone  wp-image-8165\" src=\"\/wp-content\/uploads\/2014\/04\/dialogue1.jpg\" alt=\"dialogue1\" width=\"68\" height=\"73\" \/>A.K. Comment vos propres enfants ont-ils r\u00e9agi ?<\/h3>\n<p align=\"JUSTIFY\">\u00a0<\/p>\n<p align=\"JUSTIFY\">S.P. Cela n&rsquo;a pas pos\u00e9 de probl\u00e8me, ils nous ont encourag\u00e9s \u00e0 aller de l&rsquo;avant.<\/p>\n<p align=\"JUSTIFY\">\u00a0<\/p>\n<p align=\"JUSTIFY\">Cl. Il nous est aussi apparu tr\u00e8s important de prendre en compte l&rsquo;avis de nos enfants : nous en avons discut\u00e9 avec eux, et ils ont tr\u00e8s bien accept\u00e9 notre d\u00e9marche.<\/p>\n<h3>\u00a0<\/h3>\n<h3><img loading=\"lazy\" decoding=\"async\" class=\"alignnone  wp-image-8165\" src=\"\/wp-content\/uploads\/2014\/04\/dialogue1.jpg\" alt=\"dialogue1\" width=\"68\" height=\"73\" \/>A.K. Quels changements avez-vous constat\u00e9s dans votre vie de famille ?<\/h3>\n<p align=\"JUSTIFY\">\u00a0<\/p>\n<p align=\"JUSTIFY\">S.P. Les enfants que nous avons accueillis \u00e9taient d\u00e9j\u00e0 assez grands (parfois des enfants de 12 ans), avec un pass\u00e9 qui a pu \u00eatre lourd et qui les a profond\u00e9ment marqu\u00e9s. Il a fallu s&rsquo;adapter \u00e0 ce pass\u00e9. Nous avons d\u00fb apprendre \u00e0 ne pas poser trop de questions et \u00e0 ne pas porter de jugement sur leur \u00e9ducation de famille d&rsquo;origine.<\/p>\n<p align=\"JUSTIFY\">\u00a0<\/p>\n<p align=\"JUSTIFY\">Cl. Nous avons d\u00fb apprendre aussi ! Apprendre \u00e0 accepter davantage de contraintes dans notre programme quotidien, qu&rsquo;il s&rsquo;agisse de nos propres enfants ou des enfants que nous accueillons. Il faut \u00eatre pr\u00eat \u00e0 l&rsquo;accepter. Nous devons accepter des changements de derni\u00e8re minute qui bouleversent notre planning, quand par exemple les parents des enfants ne peuvent pas, ou ne veulent pas, reprendre leurs enfants un week-end o\u00f9 nous avions pr\u00e9vu de partir en cong\u00e9.<\/p>\n<p align=\"JUSTIFY\">\u00a0<\/p>\n<h3><img loading=\"lazy\" decoding=\"async\" class=\"alignnone  wp-image-8165\" src=\"\/wp-content\/uploads\/2014\/04\/dialogue1.jpg\" alt=\"dialogue1\" width=\"68\" height=\"73\" \/>A.K. Est-ce que vous avez pu partager votre foi avec les enfants que vous avez re\u00e7us ?<\/h3>\n<p align=\"JUSTIFY\">\u00a0<\/p>\n<p align=\"JUSTIFY\">S.P. Nous avons pu partager librement notre foi avec certains des enfants que nous avons accueillis. Ils ont pu nous accompagner aux r\u00e9unions de l&rsquo;\u00e9glise, et l&rsquo;un d&rsquo;entre eux s&rsquo;est converti.<\/p>\n<p align=\"JUSTIFY\">\u00a0<\/p>\n<p align=\"JUSTIFY\">CI. Quant \u00e0 nous, nous n&rsquo;avons pas toujours \u00e9t\u00e9 libres d&rsquo;enseigner les enfants que nous accueillons (si leurs parents \u00e9taient musulmans, par exemple), et nous respections bien s\u00fbr les voeux exprim\u00e9s par les parents dans ce domaine. Nous croyons pourtant que notre fa\u00e7on de vivre &#8211; notamment au niveau des relations au sein de la famille, et de la reconnaissance des b\u00e9n\u00e9dictions de Dieu dans notre vie &#8211; doit \u00eatre en elle-m\u00eame un t\u00e9moignage qui fait r\u00e9fl\u00e9chir.<\/p>\n<p align=\"JUSTIFY\">\u00a0<\/p>\n<h3><img loading=\"lazy\" decoding=\"async\" class=\"alignnone  wp-image-8165\" src=\"\/wp-content\/uploads\/2014\/04\/dialogue1.jpg\" alt=\"dialogue1\" width=\"68\" height=\"73\" \/>A.K. Faites-vous une diff\u00e9rence entre vos propres enfants et ceux que vous accueillez ?<\/h3>\n<p align=\"JUSTIFY\">\u00a0<\/p>\n<p align=\"JUSTIFY\">Cl. et S.P II est \u00e9vident que les liens affectifs avec les enfants que nous accueillons ne sont pas les m\u00eames qu&rsquo;avec nos propres enfants. Cela dit, nous nous effor\u00e7ons de manifester le m\u00eame amour pour tous, et d&rsquo;\u00e9tablir les m\u00eames r\u00e8gles de discipline et de respect mutuel entre les membres de notre famille \u00e9largie. Pas de favoritisme dans un sens ou dans l&rsquo;autre : les enfants s&rsquo;en aper\u00e7oivent bien vite, et ils ont un sens aigu de la justice !<\/p>\n<p align=\"JUSTIFY\">\u00a0<\/p>\n<h3><img loading=\"lazy\" decoding=\"async\" class=\"alignnone  wp-image-8165\" src=\"\/wp-content\/uploads\/2014\/04\/dialogue1.jpg\" alt=\"dialogue1\" width=\"68\" height=\"73\" \/>A.K. Pour terminer, avez-vous eu, dans votre exp\u00e9rience de parents d&rsquo;accueil, des joies ou des souffrances particuli\u00e8res que vous aimeriez mentionner ?<\/h3>\n<p align=\"JUSTIFY\">\u00a0<\/p>\n<p align=\"JUSTIFY\"><a href=\"\/wp-content\/uploads\/2003\/03\/fleurs.jpg\"><img loading=\"lazy\" decoding=\"async\" class=\" size-full wp-image-8237 alignright\" src=\"\/wp-content\/uploads\/2003\/03\/fleurs.jpg\" alt=\"fleurs\" width=\"201\" height=\"191\" \/><\/a>Cl. La joie de voir des enfants qui sont arriv\u00e9s chez nous tr\u00e8s referm\u00e9s sur eux-m\u00eames, et qui se sont \u00e9panouis petit \u00e0 petit pour devenir capables de recevoir et de donner de l&rsquo;affection. Malheureusement, cela n&rsquo;arrive pas pour tous, et certains gardent un esprit dur et des attitudes n\u00e9fastes h\u00e9rit\u00e9s de leur pass\u00e9.<\/p>\n<p align=\"JUSTIFY\">\u00a0<\/p>\n<p align=\"JUSTIFY\">S.P. Un des jeunes que nous avons accueillis s&rsquo;est converti. Il s&rsquo;est tr\u00e8s bien int\u00e9gr\u00e9 dans sa famille d&rsquo;accueil, et il a voulu rester avec nous apr\u00e8s sa majorit\u00e9.<\/p>\n<p align=\"JUSTIFY\">\u00a0<\/p>\n<h3><img loading=\"lazy\" decoding=\"async\" class=\"alignnone  wp-image-8165\" src=\"\/wp-content\/uploads\/2014\/04\/dialogue1.jpg\" alt=\"dialogue1\" width=\"68\" height=\"73\" \/>A.K. Merci beaucoup \u00e0 tous les quatre d&rsquo;avoir accept\u00e9 de nous faire part de quelques aspects de votre exp\u00e9rience dans ce domaine.<\/h3>\n<p align=\"JUSTIFY\">\u00a0<\/p>\n<p align=\"RIGHT\"><b>Propos recueillis par Alain KITT <\/b><\/p>\n<p align=\"JUSTIFY\">\u00a0<\/p>\n","protected":false},"excerpt":{"rendered":"<p>\u00a0 Etre famille d&rsquo;accueil \u00a0 \u00a0 Claude et Isabelle (CI. par la suite), et Savino et Philom\u00e8ne (S.P.), chr\u00e9tiens de la r\u00e9gion lyonnaise, accueillent depuis plusieurs ann\u00e9es des enfants dont les parents ne peuvent pas s&rsquo;occuper pour diverses raisons. Alain Kitt les a rencontr\u00e9s et leur a demand\u00e9 de partager leurs exp\u00e9riences avec les lecteurs [&hellip;]<\/p>\n","protected":false},"author":59,"featured_media":0,"comment_status":"closed","ping_status":"closed","sticky":false,"template":"","format":"standard","meta":{"footnotes":""},"categories":[79,29,50],"tags":[],"class_list":["post-3106","post","type-post","status-publish","format-standard","hentry","category-amour","category-la-famille","category-jeunesse"],"_links":{"self":[{"href":"https:\/\/www.servir.caef.net\/index.php?rest_route=\/wp\/v2\/posts\/3106","targetHints":{"allow":["GET"]}}],"collection":[{"href":"https:\/\/www.servir.caef.net\/index.php?rest_route=\/wp\/v2\/posts"}],"about":[{"href":"https:\/\/www.servir.caef.net\/index.php?rest_route=\/wp\/v2\/types\/post"}],"author":[{"embeddable":true,"href":"https:\/\/www.servir.caef.net\/index.php?rest_route=\/wp\/v2\/users\/59"}],"replies":[{"embeddable":true,"href":"https:\/\/www.servir.caef.net\/index.php?rest_route=%2Fwp%2Fv2%2Fcomments&post=3106"}],"version-history":[{"count":0,"href":"https:\/\/www.servir.caef.net\/index.php?rest_route=\/wp\/v2\/posts\/3106\/revisions"}],"wp:attachment":[{"href":"https:\/\/www.servir.caef.net\/index.php?rest_route=%2Fwp%2Fv2%2Fmedia&parent=3106"}],"wp:term":[{"taxonomy":"category","embeddable":true,"href":"https:\/\/www.servir.caef.net\/index.php?rest_route=%2Fwp%2Fv2%2Fcategories&post=3106"},{"taxonomy":"post_tag","embeddable":true,"href":"https:\/\/www.servir.caef.net\/index.php?rest_route=%2Fwp%2Fv2%2Ftags&post=3106"}],"curies":[{"name":"wp","href":"https:\/\/api.w.org\/{rel}","templated":true}]}}