{"id":3126,"date":"2007-05-16T19:47:06","date_gmt":"2007-05-16T19:47:06","guid":{"rendered":"\/?p=3126"},"modified":"2016-09-27T07:12:43","modified_gmt":"2016-09-27T07:12:43","slug":"pas-facile","status":"publish","type":"post","link":"https:\/\/www.servir.caef.net\/?p=3126","title":{"rendered":"T\u00e9moignage &#8211; Pas facile !"},"content":{"rendered":"<p><a href=\"\/wp-content\/uploads\/2011\/05\/Temoignage.jpg\"><img loading=\"lazy\" decoding=\"async\" class=\"alignnone size-full wp-image-2645\" src=\"\/wp-content\/uploads\/2011\/05\/Temoignage.jpg\" alt=\"Temoignage\" width=\"390\" height=\"36\" srcset=\"https:\/\/www.servir.caef.net\/wp-content\/uploads\/2011\/05\/Temoignage.jpg 390w, https:\/\/www.servir.caef.net\/wp-content\/uploads\/2011\/05\/Temoignage-300x27.jpg 300w\" sizes=\"auto, (max-width: 390px) 100vw, 390px\" \/><\/a><a href=\"\/wp-content\/uploads\/2007\/05\/canne1.jpg\"><img loading=\"lazy\" decoding=\"async\" class=\"size-full wp-image-7480 alignright\" style=\"margin: 10px;\" src=\"\/wp-content\/uploads\/2007\/05\/canne1.jpg\" alt=\"canne\" width=\"321\" height=\"277\" srcset=\"https:\/\/www.servir.caef.net\/wp-content\/uploads\/2007\/05\/canne1.jpg 321w, https:\/\/www.servir.caef.net\/wp-content\/uploads\/2007\/05\/canne1-300x258.jpg 300w\" sizes=\"auto, (max-width: 321px) 100vw, 321px\" \/><\/a><\/p>\n<p style=\"text-align: center;\">\u00a0<\/p>\n<h1 style=\"text-align: center;\">Pas facile !<\/h1>\n<div>\u00a0<\/div>\n<div>\u00a0<\/div>\n<div>\u00a0<\/div>\n<div><span style=\"font-size: 16px;\"><span style=\"color: #b22222;\"><strong>Par Catherine Dickson<br \/> <\/strong><\/span><\/span><\/div>\n<div>\u00a0<\/div>\n<div><a href=\"\/wp-content\/uploads\/2007\/05\/C-Dixon.jpg\"><img loading=\"lazy\" decoding=\"async\" class=\"size-full wp-image-7478 alignleft\" style=\"margin: 10px;\" src=\"\/wp-content\/uploads\/2007\/05\/C-Dixon.jpg\" alt=\"C-Dixon\" width=\"114\" height=\"149\" \/><\/a><\/div>\n<div>\u00a0<\/p>\n<p>Mon p\u00e8re ayant du mal \u00e0 assumer la charge de ma m\u00e8re malade Alzheimer nous avons d\u00e9cid\u00e9, mon \u00e9poux et moi, de les faire venir dans notre ville. Apr\u00e8s r\u00e9flexion, il nous a paru que le plus pratique serait de trouver une maison avec deux appartements (une gageure en soi\u00a0!). Dieu a pourvu et la \u00ab\u00a0cohabitation\u00a0\u00bb dure depuis six ans. Maman est d\u00e9c\u00e9d\u00e9e il y a deux ans, mais Papa reste encore avec nous\u00a0; il est devenu d\u00e9pendant, lui aussi.<\/p>\n<\/div>\n<div style=\"text-align: justify;\">Ce n\u2019est pas toujours facile, mais ce n\u2019est pas non plus un cauchemar.<\/div>\n<div style=\"text-align: justify;\">\u00a0<\/div>\n<div style=\"text-align: justify;\"><!--more--><\/div>\n<div style=\"margin-top: 6pt; text-align: justify;\"><b><a href=\"\/wp-content\/uploads\/2007\/pdf2007\/Servir2007_3.pdf#page=38\" target=\"_blank\"><img loading=\"lazy\" decoding=\"async\" title=\"iconePDF\" src=\"\/wp-content\/uploads\/2011\/01\/iconePDF.jpg\" alt=\"\" width=\"81\" height=\"76\" align=\"right\" hspace=\"8\" vspace=\"8\" \/><\/a>Pas facile<\/b> d\u2019abord parce que nos enfants ne supportent pas tr\u00e8s bien les remarques de leur grand-p\u00e8re ni les demandes fr\u00e9quentes de services.<\/div>\n<div style=\"margin-top: 6pt; text-align: justify;\">\u00a0<\/div>\n<div style=\"margin-top: 6pt; text-align: justify;\"><b>Pas facile<\/b> non plus pour moi qui essaie de temporiser entre ces deux g\u00e9n\u00e9rations. Je comprends les remarques de mon p\u00e8re et je me mets \u00e0 la place de mes enfants.\u00a0\u00a0\u00a0<\/div>\n<div style=\"margin-top: 6pt; text-align: justify;\">\u00a0<\/div>\n<div style=\"margin-top: 6pt; text-align: justify;\"><b>Pas facile<\/b> non plus parce que j\u2019essaie de remuer mon p\u00e8re, de le pousser \u00e0 sortir, \u00e0 faire des choses, et lui, il r\u00e9siste et dit aux gens que je \u00ab\u00a0l\u2019oblige\u00a0\u00bb \u2026<\/div>\n<div style=\"margin-top: 6pt; text-align: justify;\">\u00a0<\/div>\n<div style=\"margin-top: 6pt; text-align: justify;\"><b>Pas facile<\/b> de trouver le juste milieu entre le maternage et la responsabilisation du parent d\u00e9pendant. Un lapsus amusant et r\u00e9v\u00e9lateur\u00a0: quand une nouvelle auxiliaire de vie s\u2019est pr\u00e9sent\u00e9e un matin, elle m\u2019a demand\u00e9 qui j\u2019\u00e9tais, et moi j\u2019ai r\u00e9pondu\u00a0: \u00ab\u00a0la m\u00e8re de M. X\u00a0\u00bb. On a tous bien ri, mais en fait c\u2019est \u00e7a\u00a0! Je m\u2019en occupe comme d\u2019un enfant qui r\u00e9gresse au lieu de progresser. Et ce n\u2019est pas mon enfant, mais comment trouver la juste mesure\u00a0?<\/div>\n<div style=\"margin-top: 6pt; text-align: justify;\">\u00a0<\/div>\n<div style=\"margin-top: 6pt; text-align: justify;\"><b>Pas facile<\/b> pour moi d\u2019apprendre la patience. Papa prend son temps pour tout. Il n\u2019est jamais pr\u00eat \u00e0 l\u2019heure o\u00f9 on lui demande et il fait tout au ralenti du fait de sa maladie de Parkinson. Il me demande mon avis pour chaque petite d\u00e9cision. Bref, c\u2019est une bonne \u00e9cole de patience\u00a0!<\/div>\n<div style=\"margin-top: 6pt; text-align: justify;\">\u00a0<\/div>\n<div style=\"margin-top: 6pt; text-align: justify;\"><b>Pas facile<\/b>, non plus, la culpabilit\u00e9 que je ressens parfois de ne pas en faire plus. J\u2019essaie de prendre un apr\u00e8s-midi par semaine pour lui, mais le reste du temps, c\u2019est vrai que je passe en coup de vent trier le courrier, descendre les repas, mettre une machine en route, etc. Et lui, lance\u00a0: \u00ab\u00a0Tu n\u2019as jamais le temps\u00a0!\u00a0\u00bb C\u2019est vrai que je n\u2019ai jamais le temps entre mon travail, les enfants, mon mari, les activit\u00e9s de l\u2019Eglise, et lui.<\/div>\n<div style=\"text-align: justify;\">\u00a0<\/div>\n<div style=\"text-align: justify;\">\u00a0<\/div>\n<div style=\"text-align: justify;\">Quand, parfois, papa va chez mon fr\u00e8re, je r\u00e9alise qu\u2019un poids quitte ma poitrine. Donc je vis avec ce poids le reste du temps.<\/div>\n<div style=\"text-align: justify;\">\u00a0<\/div>\n<div style=\"text-align: justify;\">\u00a0<\/div>\n<div style=\"text-align: justify;\">Mais je suis contente de faire ce que je fais. Je ne pense pas que je pourrais le faire sans l\u2019aide pratique et le support moral de mon \u00e9poux. Pour moi, il s\u2019agit simplement de faire \u00e0 l\u2019autre ce que l\u2019on aimerait qu\u2019il nous fasse. Aimer son prochain comme soi commence par l\u00e0 pour moi.<\/div>\n<div style=\"text-align: justify;\"><strong><br \/> <\/strong><\/div>\n<div style=\"text-align: center;\"><strong>C.D.<\/strong><\/div>\n","protected":false},"excerpt":{"rendered":"<p>\u00a0 Pas facile ! \u00a0 \u00a0 \u00a0 Par Catherine Dickson \u00a0 \u00a0 Mon p\u00e8re ayant du mal \u00e0 assumer la charge de ma m\u00e8re malade Alzheimer nous avons d\u00e9cid\u00e9, mon \u00e9poux et moi, de les faire venir dans notre ville. Apr\u00e8s r\u00e9flexion, il nous a paru que le plus pratique serait de trouver une maison [&hellip;]<\/p>\n","protected":false},"author":104,"featured_media":0,"comment_status":"closed","ping_status":"closed","sticky":false,"template":"","format":"standard","meta":{"footnotes":""},"categories":[70,78,29,33],"tags":[],"class_list":["post-3126","post","type-post","status-publish","format-standard","hentry","category-le-couple","category-epreuves","category-la-famille","category-temoignages"],"_links":{"self":[{"href":"https:\/\/www.servir.caef.net\/index.php?rest_route=\/wp\/v2\/posts\/3126","targetHints":{"allow":["GET"]}}],"collection":[{"href":"https:\/\/www.servir.caef.net\/index.php?rest_route=\/wp\/v2\/posts"}],"about":[{"href":"https:\/\/www.servir.caef.net\/index.php?rest_route=\/wp\/v2\/types\/post"}],"author":[{"embeddable":true,"href":"https:\/\/www.servir.caef.net\/index.php?rest_route=\/wp\/v2\/users\/104"}],"replies":[{"embeddable":true,"href":"https:\/\/www.servir.caef.net\/index.php?rest_route=%2Fwp%2Fv2%2Fcomments&post=3126"}],"version-history":[{"count":0,"href":"https:\/\/www.servir.caef.net\/index.php?rest_route=\/wp\/v2\/posts\/3126\/revisions"}],"wp:attachment":[{"href":"https:\/\/www.servir.caef.net\/index.php?rest_route=%2Fwp%2Fv2%2Fmedia&parent=3126"}],"wp:term":[{"taxonomy":"category","embeddable":true,"href":"https:\/\/www.servir.caef.net\/index.php?rest_route=%2Fwp%2Fv2%2Fcategories&post=3126"},{"taxonomy":"post_tag","embeddable":true,"href":"https:\/\/www.servir.caef.net\/index.php?rest_route=%2Fwp%2Fv2%2Ftags&post=3126"}],"curies":[{"name":"wp","href":"https:\/\/api.w.org\/{rel}","templated":true}]}}