{"id":3128,"date":"2007-05-16T19:49:57","date_gmt":"2007-05-16T19:49:57","guid":{"rendered":"\/?p=3128"},"modified":"2016-09-27T07:17:07","modified_gmt":"2016-09-27T07:17:07","slug":"lettre-a-tristan","status":"publish","type":"post","link":"https:\/\/www.servir.caef.net\/?p=3128","title":{"rendered":"T\u00e9moignage &#8211; Lettre \u00e0 Tristan"},"content":{"rendered":"<p style=\"text-align: center;\"><a href=\"\/wp-content\/uploads\/2011\/05\/Temoignage.jpg\"><img loading=\"lazy\" decoding=\"async\" class=\"alignnone size-full wp-image-2645\" src=\"\/wp-content\/uploads\/2011\/05\/Temoignage.jpg\" alt=\"Temoignage\" width=\"390\" height=\"36\" srcset=\"https:\/\/www.servir.caef.net\/wp-content\/uploads\/2011\/05\/Temoignage.jpg 390w, https:\/\/www.servir.caef.net\/wp-content\/uploads\/2011\/05\/Temoignage-300x27.jpg 300w\" sizes=\"auto, (max-width: 390px) 100vw, 390px\" \/><\/a><\/p>\n<p style=\"text-align: center;\">\u00a0<\/p>\n<h1 style=\"text-align: center;\">Lettre \u00e0 Tristan<\/h1>\n<div>\u00a0<\/div>\n<div>\u00a0<\/div>\n<div>\u00a0<\/div>\n<div><span style=\"font-size: 16px;\"><span style=\"color: #b22222;\"><strong>Par Jean Fournier<br \/> <\/strong><\/span><\/span><\/div>\n<div><span style=\"font-size: 16px;\"><br \/> <\/span><\/div>\n<div>\u00a0<\/div>\n<div>\u00a0<\/div>\n<div>\u00a0\u00a0 Mon cher Tristan,<\/div>\n<div>\u00a0<\/div>\n<div>\u00a0<\/div>\n<div>\u00a0<\/div>\n<div style=\"text-align: justify;\">Ton coup de fil d&rsquo;hier soir m&rsquo;a amen\u00e9 les larmes aux yeux quand tu m&rsquo;as dit au t\u00e9l\u00e9phone que tu avais toujours bien aim\u00e9 ta grand&rsquo;m\u00e8re. Elle aussi t&rsquo;aimait bien tu sais. Elle \u00e9tait fi\u00e8re de toi.<\/div>\n<div style=\"text-align: justify;\">\u00a0<\/div>\n<div style=\"text-align: justify;\">\u00a0\u00a0 Si tu avais connu mamie quand nous nous sommes mari\u00e9s ! Je vois encore le temple rempli des amis et de tous ceux qui nous connaissaient. Dans sa belle robe blanche de mari\u00e9e, Dieu que ta grand&rsquo;m\u00e8re \u00e9tait jolie ! Puis la c\u00e9r\u00e9monie termin\u00e9e, toute l&rsquo;assistance se leva pour nous faire une haie d&rsquo;honneur. Les orgues jouaient \u00ab\u00a0Seigneur dirige et sanctifie toute la vie de tes enfants\u00a0\u00bb. Nous ne savions pas \u00e0 ce moment-l\u00e0 que les paroles de ce cantique se r\u00e9aliseraient presque toute notre vie. Je dis presque toute notre vie car ces derni\u00e8res ann\u00e9es ta grand&rsquo;m\u00e8re \u00e9tait atteinte de la maladie d&rsquo;Alzheimer. Tu le sais mais tu ignores combien la d\u00e9ch\u00e9ance de l&rsquo;\u00eatre aim\u00e9 est douloureuse \u00e0 vivre.<\/div>\n<div style=\"text-align: justify;\">\u00a0<\/div>\n<div style=\"text-align: justify;\">\u00a0<!--more--><\/div>\n<div style=\"text-align: justify;\">\u00a0<strong><b><a href=\"\/wp-content\/uploads\/2007\/pdf2007\/Servir2007_3.pdf#page=39\" target=\"_blank\"><img loading=\"lazy\" decoding=\"async\" title=\"iconePDF\" src=\"\/wp-content\/uploads\/2011\/01\/iconePDF.jpg\" alt=\"\" width=\"81\" height=\"76\" align=\"right\" hspace=\"8\" vspace=\"8\" \/><\/a><\/b><\/strong>\u00a0 La maladie a dur\u00e9 6 ans. Au d\u00e9but ta grand&rsquo;m\u00e8re avait quelques lacunes de rep\u00e8res et d&rsquo;orientation. Quand nous rentrions de promenade, elle d\u00e9passait le portail sans se rendre compte que nous arrivions chez nous. Elle continuait sans raison, \u00e0 monter l&rsquo;all\u00e9e qui m\u00e8ne aux garages alors que le perron est \u00e0 mi-chemin. Quelquefois elle ne se souvenait plus de ton \u00e2ge.<\/div>\n<div style=\"text-align: justify;\">Ce furent les premi\u00e8res inqui\u00e9tudes.<\/div>\n<div style=\"text-align: justify;\">\u00a0<\/div>\n<div style=\"text-align: justify;\">\u00a0<\/div>\n<div style=\"text-align: justify;\">Nous sommes all\u00e9s consulter un g\u00e9rontologue qui m&rsquo;a provisoirement rassur\u00e9 tout en me pr\u00e9cisant une pr\u00e9disposition \u00e0 la maladie d&rsquo;Alzheimer. Six mois plus tard, en retournant comme pr\u00e9vu \u00e0 la consultation de la g\u00e9rontologue, elle fut formelle : ta mamie \u00e9tait bien atteinte de la maladie d&rsquo;Alzheimer. Tu ne peux croire le choc \u00e9motionnel que j&rsquo;ai subi. Le sol se d\u00e9robait sous mes pieds. Mes mains tremblaient. Comme tout le monde, je savais ce qu&rsquo;\u00e9tait la maladie d&rsquo;Alzheimer, mais j&rsquo;\u00e9tais loin de me douter de ce que nous allions subir.<\/div>\n<div style=\"text-align: justify;\">\u00a0<\/div>\n<div style=\"text-align: justify;\">\u00a0<\/div>\n<div style=\"text-align: justify;\">\u00a0\u00a0 Nous avions rendez-vous tous les 3 mois chez la g\u00e9rontologue. Au d\u00e9but quelques m\u00e9dicaments suffisaient amplement. Puis, lors des consultations trimestrielles, les tests \u00e9taient de plus en plus n\u00e9gatifs et il fallait augmenter les m\u00e9dicaments uniquement pour retarder l&rsquo;\u00e9volution de la maladie puisqu&rsquo;elle est, \u00e0 ce jour, ingu\u00e9rissable.<\/div>\n<div style=\"text-align: justify;\">\u00a0<\/div>\n<div style=\"text-align: justify;\">\u00a0<\/div>\n<div style=\"text-align: justify;\">\u00a0\u00a0 Ces derniers temps, alors que les forces de mamie d\u00e9clinaient nous avions l&rsquo;habitude de nous asseoir sur le banc au bas de l&rsquo;all\u00e9e. Nous suivions le vol gracieux des hirondelles et des tourterelles. Mamie ne pouvait presque plus parler. Mais son visage s&rsquo;\u00e9clairait quand je lui r\u00e9citais les versets bien connus\u00a0: <span style=\"background-color: #add8e6;\"><em><strong>\u00ab\u00a0Regardez les oiseaux du ciel, ils ne s\u00e8ment ni ne r\u00e9coltent et pourtant notre P\u00e8re c\u00e9leste prend soin d&rsquo;eux\u00a0\u00bb.<\/strong><\/em><\/span><\/div>\n<div style=\"text-align: justify;\"><span style=\"background-color: #add8e6;\"><em><br \/> <\/em><\/span><\/div>\n<div style=\"text-align: justify;\">\u00a0<\/div>\n<div style=\"text-align: justify;\">\u00a0\u00a0 C&rsquo;est alors que la chute de ta grand&rsquo;m\u00e8re est all\u00e9e en s&rsquo;accentuant. Elle ne pouvait plus parler. Nous qui avions l&rsquo;habitude de faire des projets ensemble, de parler de toi, de tes parents, de lire la Bible en commun, tout ce que font les couples unis et croyants. Tu ne peux croire, mon enfant, combien mon c\u0153ur saignait. Elle ne pouvait plus monter les escaliers. Elle ne savait plus regarder les oiseaux \u00e9voluant dans le ciel, ni les moineaux qui s&rsquo;\u00e9brouaient sur la rampe de la terrasse.<\/div>\n<div style=\"text-align: justify;\">\u00a0<\/div>\n<div style=\"text-align: justify;\">\u00a0<\/div>\n<div style=\"text-align: justify;\">\u00a0\u00a0 Et pourtant, pendant la longue maladie de ta grand&rsquo;m\u00e8re, le Seigneur n&rsquo;a pas enlev\u00e9 l&rsquo;\u00e9preuve et la souffrance mais il l&rsquo;a toujours accompagn\u00e9e de Sa pr\u00e9sence \u00e0 nos c\u00f4t\u00e9s. Vivre chaque jour dans la confiance et la paix c&rsquo;est soit une petite joie, soit un sourire esquiss\u00e9. Il ne fallait pas me focaliser sur la perte d&rsquo;autonomie mais valoriser la personne et se r\u00e9jouir du minimum qu&rsquo;elle pouvait encore ressentir. Je remercie Dieu pour son soutien dans un quotidien qui devenait de plus en plus lourd. Tu sais, <span style=\"background-color: #add8e6;\"><em>Dieu ne permet pas que nous soyons \u00e9prouv\u00e9s au-del\u00e0 de nos forces. (1 Co 10.13)<\/em><\/span><\/div>\n<div style=\"text-align: justify;\">\u00a0<\/div>\n<div style=\"text-align: justify;\">\u00a0<\/div>\n<div style=\"text-align: justify;\">\u00a0\u00a0 Mamie \u00e9tait tomb\u00e9e au stade d&rsquo;un tr\u00e8s jeune enfant. Elle jouait tant bien que mal, assise dans son fauteuil, \u00e0 la balle avec l&rsquo;orthophoniste. Elle essayait d&rsquo;aligner des dominos ou de placer des modules g\u00e9om\u00e9triques. Elle n&rsquo;arrivait plus \u00e0 recopier les phrases que l&rsquo;orthophoniste \u00e9crivait sur un cahier. Il fallait mixer tous les aliments pour \u00e9viter les \u00ab\u00a0fausses routes\u00a0\u00bb et elle n&rsquo;arrivait plus \u00e0 lever le bras pour mettre les aliments \u00e0 sa bouche. Le ballet des professionnels de sant\u00e9 \u00e9tait en place : l&rsquo;infirmi\u00e8re, l&rsquo;aide-soignante pour les toilettes, le kin\u00e9sith\u00e9rapeute, l&rsquo;orthophoniste, l&rsquo;auxiliaire de vie.<\/div>\n<div style=\"text-align: justify;\">\u00a0<\/div>\n<div style=\"text-align: justify;\">\u00a0<\/div>\n<div style=\"text-align: justify;\">\u00a0\u00a0 Quelques mois avant le d\u00e9c\u00e8s de ta grand&rsquo;m\u00e8re, pour P\u00e2ques, nous avons v\u00e9cu, ta tante qui \u00e9tait avec nous et moi, j&rsquo;oserai dire comme un miracle (pr\u00e9sence du Ressuscit\u00e9 ?). Pendant presque 4 \u00e0 5 jours, alors que le kin\u00e9 l&rsquo;aidait \u00e0 faire quelques pas, elle arrivait seule \u00e0 ouvrir une ou deux portes, passait d&rsquo;une pi\u00e8ce \u00e0 l&rsquo;autre. On la surprenait m\u00eame \u00e0 \u00e9baucher un clin d&rsquo;\u0153il derri\u00e8re une vitre. Autant de choses qu&rsquo;elle ne faisait plus.<\/div>\n<div style=\"text-align: justify;\">\u00a0<\/div>\n<div style=\"text-align: justify;\"><a href=\"\/wp-content\/uploads\/2007\/05\/tristan.jpg\"><img loading=\"lazy\" decoding=\"async\" class=\"size-full wp-image-7481 alignright\" style=\"margin: 10px;\" src=\"\/wp-content\/uploads\/2007\/05\/tristan.jpg\" alt=\"tristan\" width=\"384\" height=\"313\" srcset=\"https:\/\/www.servir.caef.net\/wp-content\/uploads\/2007\/05\/tristan.jpg 384w, https:\/\/www.servir.caef.net\/wp-content\/uploads\/2007\/05\/tristan-300x244.jpg 300w\" sizes=\"auto, (max-width: 384px) 100vw, 384px\" \/><\/a>Puis la d\u00e9gradation est all\u00e9e galopante. Elle \u00e9tait couch\u00e9e dans un lit m\u00e9dicalis\u00e9. Une courte p\u00e9riode d&rsquo;hospitalisation a \u00e9t\u00e9 n\u00e9cessaire. Et l\u00e0 encore, il y eut un \u00e9v\u00e9nement surprenant. Ta tante, en allant voir mamie \u00e0 l&rsquo;h\u00f4pital, lui a lu le <em><span style=\"background-color: #ccffff;\">Psaume 23 (l&rsquo;Eternel est mon berger)<\/span><\/em>. Elle avait avec elle un mini poster d&rsquo;un berger portant sur ses \u00e9paules une brebis. Elle lui a demand\u00e9 de montrer la brebis, et, \u00e0 sa grande surprise, ta grand&rsquo;m\u00e8re a lev\u00e9 un bras, pourtant presque paralys\u00e9, et a montr\u00e9 du doigt la brebis.<\/div>\n<div style=\"text-align: justify;\">\u00a0<\/div>\n<div style=\"text-align: justify;\">\u00a0<\/div>\n<div style=\"text-align: justify;\">\u00a0 De retour \u00e0 domicile et la maladie d&rsquo;Alzheimer agissant jusqu&rsquo;au bout, mamie \u00e9tait en fin de vie. C&rsquo;est dur tu sais, de vivre ces derniers moments, m\u00eame avec la pr\u00e9sence du Seigneur. Elle fit un A.V.C. (accident vasculaire c\u00e9r\u00e9bral profond). On l&rsquo;a transport\u00e9e rapidement \u00e0 l&rsquo;h\u00f4pital et 2 jours apr\u00e8s, ta grand&rsquo;m\u00e8re avait quitt\u00e9 ce monde. Dans sa compassion, le Seigneur l&rsquo;avait reprise avant qu&rsquo;elle ne tombe compl\u00e8tement dans un \u00e9tat neuro-v\u00e9g\u00e9tatif.<\/div>\n<div style=\"text-align: justify;\">\u00a0<\/div>\n<div style=\"text-align: justify;\">\u00a0<\/div>\n<div style=\"text-align: justify;\">\u00a0\u00a0 Ta grand&rsquo;m\u00e8re n&rsquo;est plus. Elle me manque et me manquera toujours. Son d\u00e9part vers le Seigneur est un grand vide qui sera bien difficile \u00e0 combler. Nous nous sommes tant aim\u00e9s ! Presque un demi-si\u00e8cle de parfaite harmonie. Vois-tu, Tristan, <span style=\"background-color: #add8e6;\"><em><strong>\u00ab\u00a0l&rsquo;Eternel a donn\u00e9, l&rsquo;Eternel a repris, que le nom de l&rsquo;Eternel soit b\u00e9ni\u00a0\u00bb. <\/strong><\/em><\/span><\/div>\n<div style=\"text-align: justify;\">\u00a0<\/div>\n<div style=\"text-align: justify;\">Tu comprendras, plus tard, ce que dit l<span style=\"background-color: #add8e6;\"><em>&lsquo;Eccl\u00e9siaste<\/em><\/span> :<strong> <span style=\"background-color: #add8e6;\"><em>\u00ab\u00a0Il y a un temps pour tout sous les cieux. Un temps pour na\u00eetre, un temps pour mourir. Un temps pour pleurer, un temps pour rire. Il y a un temps pour tout sous les cieux.\u00a0\u00bb<\/em><\/span> <\/strong>La mort de mamie est pour moi un temps pour pleurer. Mais sache que<strong> <span style=\"background-color: #add8e6;\"><em>\u00ab\u00a0Dieu est pour nous un refuge et un appui, un secours qui ne manque jamais dans la d\u00e9tresse.\u00a0\u00bb (Psaume 46).<\/em><\/span><\/strong><\/div>\n<div style=\"text-align: justify;\"><span style=\"background-color: #add8e6;\"><em><br \/> <\/em><\/span><\/div>\n<div style=\"text-align: justify;\">\u00a0<\/div>\n<div style=\"text-align: justify;\">\u00a0\u00a0 Je sais qu&rsquo;un jour, ta grand&rsquo;m\u00e8re et moi, nous nous retrouverons \u00e0 nouveau r\u00e9unis et pour la vie \u00e9ternelle dans la joie et la pr\u00e9sence du Seigneur. C&rsquo;est la plus belle et solide consolation, mon enfant.<\/div>\n<div style=\"text-align: justify;\">\u00a0\u00a0<\/div>\n<div style=\"text-align: justify;\">\u00a0\u00a0 Voil\u00e0, mon cher Tristan, ce que ta mamie et moi avons v\u00e9cu. Tu n&rsquo;as que 11 ans mais tu grandiras, tu deviendras un homme. Je demande au Seigneur qu&rsquo;il te fasse rencontrer celle qui partagera ta vie. Alors tous deux, vous conna\u00eetrez le bonheur que nous avons v\u00e9cu ta grand&rsquo;m\u00e8re et moi. Mais pour cela il vous faudra toujours vous convaincre que vous \u00eates dans Sa main.<\/div>\n<div>\u00a0<\/div>\n<div align=\"right\">\u00a0<\/div>\n<div align=\"right\"><strong>Ton Papy qui t&rsquo;aime.<\/strong><\/div>\n","protected":false},"excerpt":{"rendered":"<p>\u00a0 Lettre \u00e0 Tristan \u00a0 \u00a0 \u00a0 Par Jean Fournier \u00a0 \u00a0 \u00a0\u00a0 Mon cher Tristan, \u00a0 \u00a0 \u00a0 Ton coup de fil d&rsquo;hier soir m&rsquo;a amen\u00e9 les larmes aux yeux quand tu m&rsquo;as dit au t\u00e9l\u00e9phone que tu avais toujours bien aim\u00e9 ta grand&rsquo;m\u00e8re. Elle aussi t&rsquo;aimait bien tu sais. Elle \u00e9tait fi\u00e8re de [&hellip;]<\/p>\n","protected":false},"author":121,"featured_media":0,"comment_status":"closed","ping_status":"closed","sticky":false,"template":"","format":"standard","meta":{"footnotes":""},"categories":[78,29,88,33],"tags":[],"class_list":["post-3128","post","type-post","status-publish","format-standard","hentry","category-epreuves","category-la-famille","category-souffrance","category-temoignages"],"_links":{"self":[{"href":"https:\/\/www.servir.caef.net\/index.php?rest_route=\/wp\/v2\/posts\/3128","targetHints":{"allow":["GET"]}}],"collection":[{"href":"https:\/\/www.servir.caef.net\/index.php?rest_route=\/wp\/v2\/posts"}],"about":[{"href":"https:\/\/www.servir.caef.net\/index.php?rest_route=\/wp\/v2\/types\/post"}],"author":[{"embeddable":true,"href":"https:\/\/www.servir.caef.net\/index.php?rest_route=\/wp\/v2\/users\/121"}],"replies":[{"embeddable":true,"href":"https:\/\/www.servir.caef.net\/index.php?rest_route=%2Fwp%2Fv2%2Fcomments&post=3128"}],"version-history":[{"count":0,"href":"https:\/\/www.servir.caef.net\/index.php?rest_route=\/wp\/v2\/posts\/3128\/revisions"}],"wp:attachment":[{"href":"https:\/\/www.servir.caef.net\/index.php?rest_route=%2Fwp%2Fv2%2Fmedia&parent=3128"}],"wp:term":[{"taxonomy":"category","embeddable":true,"href":"https:\/\/www.servir.caef.net\/index.php?rest_route=%2Fwp%2Fv2%2Fcategories&post=3128"},{"taxonomy":"post_tag","embeddable":true,"href":"https:\/\/www.servir.caef.net\/index.php?rest_route=%2Fwp%2Fv2%2Ftags&post=3128"}],"curies":[{"name":"wp","href":"https:\/\/api.w.org\/{rel}","templated":true}]}}