{"id":3276,"date":"2000-01-08T16:29:40","date_gmt":"2000-01-08T16:29:40","guid":{"rendered":"\/?p=3276"},"modified":"2016-06-08T06:21:26","modified_gmt":"2016-06-08T06:21:26","slug":"pasteur-dans-une-assemblee-de-freres","status":"publish","type":"post","link":"https:\/\/www.servir.caef.net\/?p=3276","title":{"rendered":"Pasteur dans une assembl\u00e9e de fr\u00e8res"},"content":{"rendered":"<h1 style=\"text-align: center;\" align=\"JUSTIFY\">Pasteur dans une assembl\u00e9e de fr\u00e8res<\/h1>\n<p align=\"JUSTIFY\">\u00a0<a href=\"\/wp-content\/uploads\/2014\/04\/dialogue-2.jpg\"><img loading=\"lazy\" decoding=\"async\" class=\"size-full wp-image-8166 aligncenter\" src=\"\/wp-content\/uploads\/2014\/04\/dialogue-2.jpg\" alt=\"dialogue-2\" width=\"182\" height=\"190\" \/><\/a><\/p>\n<p align=\"JUSTIFY\"><span style=\"color: #b22222;\"><strong><span style=\"color: #000;\">par <\/span><span style=\"font-size: 16px;\">Christian HOUEL<\/span><\/strong><\/span><\/p>\n<p align=\"JUSTIFY\">\u00a0<\/p>\n<p>&nbsp;<\/p>\n<p align=\"JUSTIFY\">Rien que le<strong> TITRE<\/strong> est d\u00e9j\u00e0 une provocation, qui suscite une premi\u00e8re r\u00e9flexion : s&rsquo;agit-il du titre ou du minist\u00e8re exerc\u00e9 ?<\/p>\n<p align=\"JUSTIFY\">\u00a0<\/p>\n<ul>\n<li>\n<p align=\"JUSTIFY\">S&rsquo;il s&rsquo;agit du titre, les probl\u00e8mes vont commencer \u00e0 surgir&#8230;<\/p>\n<\/li>\n<\/ul>\n<p align=\"JUSTIFY\">\u00a0<\/p>\n<ul>\n<li>\n<p align=\"JUSTIFY\">S&rsquo;il s&rsquo;agit de l&rsquo;exercice du don pastoral, alors quelle place pour celui qui exerce un minist\u00e8re dit \u00ab\u00a0\u00e0 plein temps\u00a0\u00bb et dont le don principal n&rsquo;est pas le don pastoral ?<\/p>\n<\/li>\n<\/ul>\n<p align=\"JUSTIFY\"><!--more--><\/p>\n<p align=\"JUSTIFY\"><a href=\"\/wp-content\/uploads\/2000\/pdf2000\/2000_01_15_pasteurdansuneassemblee.pdf\" target=\"_blank\"><img loading=\"lazy\" decoding=\"async\" title=\"iconePDF\" src=\"\/wp-content\/uploads\/2011\/01\/iconePDF.jpg\" alt=\"\" width=\"81\" height=\"76\" align=\"right\" hspace=\"8\" vspace=\"8\" \/><\/a>On peut certes, comme je le fais avec l&rsquo;accord de mes anciens, et parfois leurs sourires, garder le titre de \u00ab\u00a0pasteur\u00a0\u00bb comme une cat\u00e9gorie sociale. Cela permet une meilleure compr\u00e9hension pour les gens de l&rsquo;ext\u00e9rieur (comme les autorit\u00e9s) que le terme \u00ab\u00a0ancien \u00e0 plein temps\u00a0\u00bb qui me semble difficile \u00e0 expliquer&#8230;<\/p>\n<p align=\"JUSTIFY\">\u00a0<\/p>\n<p align=\"JUSTIFY\">\u00a0<\/p>\n<h2>Mon v\u00e9cu<\/h2>\n<p align=\"JUSTIFY\">\u00a0<\/p>\n<p align=\"JUSTIFY\">Comment je le vis, ce minist\u00e8re \u00ab\u00a0pastoral\u00a0\u00bb, dans une assembl\u00e9e de Fr\u00e8res, \u0153uvrant selon des principes de coll\u00e9gialit\u00e9 ? Bien, tr\u00e8s bien ! Car nous respectons les principes de coll\u00e9gialit\u00e9 dans un r\u00e9el climat fraternel. Cela n&rsquo;enl\u00e8ve pas toutes les difficult\u00e9s ! Mais cela permet \u00e0 chacun d&rsquo;exprimer et de mettre au service commun le ou les dons qu&rsquo;il a re\u00e7us.<\/p>\n<p align=\"JUSTIFY\">\u00a0<\/p>\n<p align=\"JUSTIFY\">M\u00eame celui qui est \u00ab\u00a0\u00e0 plein temps\u00a0\u00bb n&rsquo;est pas l\u00e0 pour tout faire, mais pour faire des choses pour lesquelles il a un don, pour lesquelles il est dou\u00e9, spirituellement et naturellement. Je ne suis pas l\u00e0 pour tout faire, mais le temps que me donne le fait d&rsquo;\u00eatre compl\u00e8tement d\u00e9tach\u00e9 pour l&rsquo;Eglise me permet des possibilit\u00e9s, des facilit\u00e9s, et une disponibilit\u00e9 que n&rsquo;ont pas toujours mes fr\u00e8res la\u00efcs.<\/p>\n<p align=\"JUSTIFY\">\u00a0<\/p>\n<p align=\"JUSTIFY\">\u00a0<\/p>\n<h2>Mon d\u00e9partement<\/h2>\n<p align=\"JUSTIFY\">\u00a0<\/p>\n<p align=\"JUSTIFY\">Mon don principal n&rsquo;est pas le don pastoral ; je serais plus tourn\u00e9 vers l&rsquo;organisation et les relations ext\u00e9rieures et pour ceux qui me connaissent, c&rsquo;est le concept de \u00ab\u00a0l&rsquo;Eglise dans la ville\u00a0\u00bb qui constitue une grande partie de mon minist\u00e8re&#8230; l&rsquo;autre \u00e9tant tout de m\u00eame la vie de l&rsquo;Eglise !<\/p>\n<p align=\"JUSTIFY\">\u00a0<\/p>\n<p align=\"JUSTIFY\">C&rsquo;est un cadre de minist\u00e8re d\u00e9fini par un cahier des charges, avec l&rsquo;accord, le soutien des autres anciens de l&rsquo;Eglise, soutenu par l&rsquo;Eglise.<\/p>\n<p align=\"JUSTIFY\">\u00a0<\/p>\n<p align=\"JUSTIFY\">Alors pour elle, je suis un ancien, pour la Mairie, le pasteur (m\u00eame \u00ab\u00a0P\u00e8re\u00a0\u00bb pour un des adjoints qui n&rsquo;a pas d\u00fb suivre de cours sur les diverses confessions chr\u00e9tiennes !) Mais je crois que le plus important est de faire ce que le Seigneur nous demande personnellement, et qu&rsquo;il vaut mieux ne pas essayer de tout faire parce que l&rsquo;on se croit pay\u00e9 pour cela, pour tenter de justifier ce salaire. On ne peut tout faire soi-m\u00eame, le principe biblique de l&rsquo;\u00e9quipe est une garantie et un garde- fou.<\/p>\n<p align=\"JUSTIFY\">\u00a0<\/p>\n<p align=\"JUSTIFY\">Et lorsqu&rsquo;il n&rsquo;y a pas de conviction de l&rsquo;Esprit quant \u00e0 une direction pr\u00e9cise, l&rsquo;\u00e9preuve du temps tranchera&#8230; J&rsquo;ai essay\u00e9 beaucoup de choses, et je me connais mieux qu&rsquo;avant, avec mes faiblesses et mes limites, mais aussi avec mes dons et mes capacit\u00e9s. Et j&rsquo;essaie, comme chacun, de tout faire pour Sa gloire.<\/p>\n<p align=\"JUSTIFY\">\u00a0<\/p>\n<p align=\"JUSTIFY\">\u00a0<\/p>\n<p align=\"CENTER\">C.H.<\/p>\n<p align=\"JUSTIFY\">\u00a0<\/p>\n","protected":false},"excerpt":{"rendered":"<p>Pasteur dans une assembl\u00e9e de fr\u00e8res \u00a0 par Christian HOUEL \u00a0 &nbsp; Rien que le TITRE est d\u00e9j\u00e0 une provocation, qui suscite une premi\u00e8re r\u00e9flexion : s&rsquo;agit-il du titre ou du minist\u00e8re exerc\u00e9 ? \u00a0 S&rsquo;il s&rsquo;agit du titre, les probl\u00e8mes vont commencer \u00e0 surgir&#8230; \u00a0 S&rsquo;il s&rsquo;agit de l&rsquo;exercice du don pastoral, alors quelle [&hellip;]<\/p>\n","protected":false},"author":43,"featured_media":0,"comment_status":"closed","ping_status":"closed","sticky":false,"template":"","format":"standard","meta":{"footnotes":""},"categories":[17,16,18,33,13],"tags":[],"class_list":["post-3276","post","type-post","status-publish","format-standard","hentry","category-lautorite","category-le-chretien-et-la-societe","category-leadership","category-temoignages","category-la-vie-de-leglise"],"_links":{"self":[{"href":"https:\/\/www.servir.caef.net\/index.php?rest_route=\/wp\/v2\/posts\/3276","targetHints":{"allow":["GET"]}}],"collection":[{"href":"https:\/\/www.servir.caef.net\/index.php?rest_route=\/wp\/v2\/posts"}],"about":[{"href":"https:\/\/www.servir.caef.net\/index.php?rest_route=\/wp\/v2\/types\/post"}],"author":[{"embeddable":true,"href":"https:\/\/www.servir.caef.net\/index.php?rest_route=\/wp\/v2\/users\/43"}],"replies":[{"embeddable":true,"href":"https:\/\/www.servir.caef.net\/index.php?rest_route=%2Fwp%2Fv2%2Fcomments&post=3276"}],"version-history":[{"count":0,"href":"https:\/\/www.servir.caef.net\/index.php?rest_route=\/wp\/v2\/posts\/3276\/revisions"}],"wp:attachment":[{"href":"https:\/\/www.servir.caef.net\/index.php?rest_route=%2Fwp%2Fv2%2Fmedia&parent=3276"}],"wp:term":[{"taxonomy":"category","embeddable":true,"href":"https:\/\/www.servir.caef.net\/index.php?rest_route=%2Fwp%2Fv2%2Fcategories&post=3276"},{"taxonomy":"post_tag","embeddable":true,"href":"https:\/\/www.servir.caef.net\/index.php?rest_route=%2Fwp%2Fv2%2Ftags&post=3276"}],"curies":[{"name":"wp","href":"https:\/\/api.w.org\/{rel}","templated":true}]}}