{"id":3514,"date":"2000-12-12T08:20:29","date_gmt":"2000-12-12T08:20:29","guid":{"rendered":"\/?p=3514"},"modified":"2016-06-11T13:43:00","modified_gmt":"2016-06-11T13:43:00","slug":"diagnostics-genetiques-et-therapie","status":"publish","type":"post","link":"https:\/\/www.servir.caef.net\/?p=3514","title":{"rendered":"Diagnostics g\u00e9n\u00e9tiques et th\u00e9rapie"},"content":{"rendered":"<h1 style=\"text-align: center;\" align=\"JUSTIFY\">Diagnostics g\u00e9n\u00e9tiques et th\u00e9rapie<\/h1>\n<p align=\"JUSTIFY\">\u00a0<a href=\"\/wp-content\/uploads\/2009\/01\/labo.jpg\"><img loading=\"lazy\" decoding=\"async\" class=\"size-full wp-image-7919 aligncenter\" src=\"\/wp-content\/uploads\/2009\/01\/labo.jpg\" alt=\"labo\" width=\"304\" height=\"324\" srcset=\"https:\/\/www.servir.caef.net\/wp-content\/uploads\/2009\/01\/labo.jpg 304w, https:\/\/www.servir.caef.net\/wp-content\/uploads\/2009\/01\/labo-281x300.jpg 281w\" sizes=\"auto, (max-width: 304px) 100vw, 304px\" \/><\/a><\/p>\n<p align=\"JUSTIFY\"><strong>par <span style=\"color: #b22222;\"><span style=\"font-size: 16px;\">Alain LOMBET<\/span><\/span><\/strong><\/p>\n<p align=\"JUSTIFY\">\u00a0<\/p>\n<p align=\"JUSTIFY\">\u00a0<\/p>\n<h2>L&rsquo;acc\u00e8s \u00e0 l&rsquo;h\u00e9r\u00e9dit\u00e9 individuelle<\/h2>\n<p align=\"JUSTIFY\">\u00a0<\/p>\n<p>&nbsp;<\/p>\n<p align=\"JUSTIFY\"><em><strong>Les techniques de Biologie Mol\u00e9culaire et de G\u00e9n\u00e9tique permettent l&rsquo;acc\u00e8s \u00e0 la connaissance des g\u00e8nes, supports de l&rsquo;h\u00e9r\u00e9dit\u00e9. <\/strong><\/em><\/p>\n<p align=\"JUSTIFY\">\u00a0<\/p>\n<p align=\"JUSTIFY\">\u00a0<\/p>\n<p align=\"JUSTIFY\"><!--more--><\/p>\n<p align=\"JUSTIFY\"><a href=\"\/wp-content\/uploads\/2000\/pdf2000\/2000_06_05_diagnosticsgenetiques.pdf\" target=\"_blank\"><img loading=\"lazy\" decoding=\"async\" title=\"iconePDF\" src=\"\/wp-content\/uploads\/2011\/01\/iconePDF.jpg\" alt=\"\" width=\"81\" height=\"76\" align=\"right\" hspace=\"8\" vspace=\"8\" \/><\/a>Aujourd&rsquo;hui, il existe plus de 5000 maladies g\u00e9n\u00e9tiques r\u00e9pertori\u00e9es qui touchent 25 millions de personnes en Europe comme les dystrophies musculaires (ex. la maladie de Duchenne. Cette maladie figure parmi les premi\u00e8res grandes maladies g\u00e9n\u00e9tiques caract\u00e9ris\u00e9es. L&rsquo;anomalie a pour cons\u00e9quence une atrophie progressive des muscles).<\/p>\n<p align=\"JUSTIFY\">\u00a0<\/p>\n<p align=\"JUSTIFY\">Ces maladies ont \u00e9t\u00e9 mises en relief par l&rsquo;Association Fran\u00e7aise contre les Myopathies (AFM) et m\u00e9diatis\u00e9es gr\u00e2ce au T\u00e9l\u00e9thon.<\/p>\n<p align=\"JUSTIFY\">\u00a0<\/p>\n<p align=\"JUSTIFY\">Il faut souligner ici le r\u00f4le des associations caritatives (AFM, AFLM, ARC, Ligue contre le cancer, ARSEP&#8230; ) dans la lutte contre ces maladies et l&rsquo;aide qu&rsquo;elles apportent aux malades et \u00e0 leur famille.<\/p>\n<p align=\"JUSTIFY\">\u00a0<\/p>\n<p align=\"JUSTIFY\">L&rsquo;appel \u00e0 la g\u00e9n\u00e9rosit\u00e9 publique avec le T\u00e9l\u00e9thon, depuis plus de 10 ans en France, a permis un essor consid\u00e9rable de la connaissance des maladies musculaires, puis de l&rsquo;ensemble des maladies g\u00e9n\u00e9tiques. Les fonds collect\u00e9s (462 millions de francs en 98) mis en grande partie \u00e0 la disposition de la recherche ont permis la mise en place du G\u00e9n\u00e9thon en 1990 \u00e0 la g\u00e9nopole d&rsquo;Evry.<\/p>\n<p align=\"JUSTIFY\">\u00a0<\/p>\n<p align=\"JUSTIFY\"><em>La connaissance exacte du d\u00e9faut g\u00e9nique permet d&rsquo;envisager d&rsquo;y rem\u00e9dier. <\/em><\/p>\n<p align=\"JUSTIFY\">\u00a0<\/p>\n<p align=\"JUSTIFY\">\u00a0<\/p>\n<h2>La th\u00e9rapie g\u00e9nique<\/h2>\n<p align=\"JUSTIFY\">\u00a0<\/p>\n<p align=\"JUSTIFY\">Le principe est de \u00ab\u00a0r\u00e9parer\u00bb la cellule en y faisant p\u00e9n\u00e9trer la version correcte d&rsquo;un g\u00e8ne dont on sait que le dysfonctionnement est responsable d&rsquo;une maladie. Elle consiste \u00e0 substituer le g\u00e8ne ab\u00eem\u00e9, par un g\u00e8ne sain \u00e0 l&rsquo;aide d&rsquo;un \u00ab\u00a0bistouri\u00a0\u00bb viral, un vecteur contenant le g\u00e8ne de remplacement pouvant s&rsquo;int\u00e9grer dans le chromosome malade.<\/p>\n<p align=\"JUSTIFY\">\u00a0<\/p>\n<ul>\n<li>\n<p align=\"JUSTIFY\">Sept. 1990 : 1er succ\u00e8s en th\u00e9rapie g\u00e9nique obtenu par les Dr. M. BLEASE et Pr. R ANDERSON pour soigner une fillette souffrant d&rsquo;un d\u00e9ficit en Ad\u00e9nosine D\u00e9sAminase (ADA), une enzyme des globules blancs. Le d\u00e9faut n\u00e9cessitait un isolement de l&rsquo;enfant dans une bulle st\u00e9rile. Avec un r\u00e9trovirus (le \u00ab\u00a0bistouri\u00a0\u00bb), ils ont introduit un g\u00e8ne normal dans ses globules blancs et r\u00e9tabli ses d\u00e9fenses immunitaires. L&rsquo;intervention s&rsquo;est faite sur des cellules ext\u00e9rioris\u00e9es pouvant \u00eatre ais\u00e9ment manipul\u00e9es.<\/p>\n<\/li>\n<\/ul>\n<p align=\"JUSTIFY\">\u00a0<\/p>\n<ul>\n<li>\n<p align=\"JUSTIFY\">Sur ce principe, diff\u00e9rents essais ont \u00e9t\u00e9 tent\u00e9s pour traiter d&rsquo;autres maladies g\u00e9n\u00e9tiques comme la mucoviscidose (d\u00e9faut dans les cellules de l&rsquo;\u00e9pith\u00e9lium pulmonaire) ou certaines myopathies. Dans ce type de pathologie structurale, le d\u00e9faut est insurmontable : il faudrait faire subir des millions d&rsquo;injections \u00e0 un myopathe pour am\u00e9liorer quelque peu son sort et soigner toutes ses cellules malades.<\/p>\n<\/li>\n<\/ul>\n<p align=\"JUSTIFY\">\u00a0<\/p>\n<ul>\n<li>\n<p align=\"JUSTIFY\">Des essais de th\u00e9rapies cellulaire et g\u00e9n\u00e9tique ont \u00e9t\u00e9 entrepris sur des maladies neurod\u00e9g\u00e9n\u00e9ratives comme la maladie de Parkinson. Dans ce dernier cas, il a fallu injecter le g\u00e8ne d&rsquo;une enzyme de synth\u00e8se de la dopamine dans le striatum du cerveau des patients. L\u00e0 aussi, aucune am\u00e9lioration n&rsquo;a \u00e9t\u00e9 constat\u00e9e. Certains patients volontaires ont m\u00eame vu leurs jours abr\u00e9g\u00e9s. Il faut donc constater qu&rsquo;actuellement ce type d&rsquo;intervention cr\u00e9e plus de probl\u00e8mes que de b\u00e9n\u00e9fices pour le malade.<\/p>\n<\/li>\n<\/ul>\n<p align=\"JUSTIFY\">\u00a0<\/p>\n<p align=\"JUSTIFY\">Depuis 12 ans, pr\u00e8s de 400 essais de th\u00e9rapie g\u00e9nique ont \u00e9t\u00e9 r\u00e9alis\u00e9s sur 3278 patients sans de r\u00e9els b\u00e9n\u00e9fices th\u00e9rapeutiques. Les premiers d\u00e9c\u00e8s officiels des suites de ce type de th\u00e9rapie viennent d&rsquo;\u00eatre enregistr\u00e9s avec celui du jeune Gelsinger aux Etats-Unis.<\/p>\n<p align=\"JUSTIFY\">\u00a0<\/p>\n<p align=\"JUSTIFY\">Malgr\u00e9 l&rsquo;engouement g\u00e9n\u00e9ral et la m\u00e9diatisation de ces nouvelles possibilit\u00e9s th\u00e9rapeutiques, il semble que l&rsquo;on soit pass\u00e9 trop vite de l&rsquo;hypoth\u00e8se scientifique \u00e0 l&rsquo;essai sur l&rsquo;homme comme le souligne le neurologue Marc PESCHANSKI<strong><sub>1<\/sub><\/strong>.<\/p>\n<p align=\"JUSTIFY\">\u00a0<\/p>\n<p align=\"JUSTIFY\">La recherche doit continuer malgr\u00e9 tout dans cette voie prometteuse en consid\u00e9rant mieux le respect de la personne humaine. Ces maladies nous r\u00e9voltent et il faut tout mettre en \u0153uvre pour les \u00e9radiquer. Nous avons peut-\u00eatre confondu pr\u00e9cipitation et d\u00e9sir d&rsquo;aller vite pour soigner ceux qui souffrent. Rappelons-nous qu&rsquo;il a fallu 30 ans \u00e0 la radioth\u00e9rapie et pr\u00e8s de 20 ans \u00e0 la chimioth\u00e9rapie pour d\u00e9montrer leur efficacit\u00e9 dans le traitement de nombreux cancers. Il y ajuste 10 ans que la th\u00e9rapie g\u00e9nique balbutie !<\/p>\n<p align=\"JUSTIFY\">\u00a0<\/p>\n<p align=\"JUSTIFY\">\u00a0<\/p>\n<h2>Les diagnostics g\u00e9n\u00e9tiques<\/h2>\n<p align=\"JUSTIFY\">\u00a0<\/p>\n<p align=\"JUSTIFY\">Ils permettent actuellement la d\u00e9tection de 650 maladies g\u00e9n\u00e9tiques d\u00e9clar\u00e9es ; mais aussi d&rsquo;autres qui ne le sont pas encore et qui ne se r\u00e9v\u00e9leront que dans un \u00e2ge ult\u00e9rieur. C&rsquo;est le cas de la chor\u00e9e de Huntington, dont le d\u00e9faut, situ\u00e9 sur le chromosome 4, se traduit par une d\u00e9g\u00e9n\u00e9rescence progressive du syst\u00e8me nerveux central qui engendre la d\u00e9mence et conduit in\u00e9luctablement \u00e0 la mort en quelques ann\u00e9es. Elle appara\u00eet vers l&rsquo;\u00e2ge de 40 ans et touche 1 personne sur 20000.<\/p>\n<p align=\"JUSTIFY\">\u00a0<\/p>\n<p align=\"JUSTIFY\">Les analyses g\u00e9n\u00e9tiques permettent un diagnostic de la maladie 10 ou 15 ans avant qu&rsquo;elle ne se d\u00e9clare. Doit-on le faire au prix de risquer de ruiner des ann\u00e9es de vie normale en l&rsquo;annon\u00e7ant \u00e0 la personne atteinte ? Certains n&rsquo;ont pas pu supporter une telle perspective et se sont suicid\u00e9s&#8230;<\/p>\n<p align=\"JUSTIFY\">\u00a0<\/p>\n<p align=\"JUSTIFY\">La question de l&rsquo;accompagnement m\u00e9dical, psychologique et pastoral, s&rsquo;impose dans de telles situations ; et ce n&rsquo;est qu&rsquo;apr\u00e8s avoir \u00e9valu\u00e9 ces diff\u00e9rents param\u00e8tres que l&rsquo;on pourra statuer sur la d\u00e9cision \u00e0 prendre.<\/p>\n<p align=\"JUSTIFY\">\u00a0<\/p>\n<p align=\"JUSTIFY\">\u00a0<\/p>\n<h2>Les diagnostics pr\u00e9nataux<\/h2>\n<p>&nbsp;<\/p>\n<p align=\"JUSTIFY\">Avec les diagnostics pr\u00e9nataux se pose aussi la question de l&rsquo;avortement th\u00e9rapeutique. En effet, certaines affections n&rsquo;offrent qu&rsquo;un indice de probabilit\u00e9 de voir appara\u00eetre une anomalie.<\/p>\n<p align=\"JUSTIFY\">\u00a0<\/p>\n<p align=\"JUSTIFY\">Par exemple : un cas sur 10 des rub\u00e9oles contract\u00e9es par la femme enceinte conduit \u00e0 une infirmit\u00e9 chez l&rsquo;enfant. Un cas sur 20 des toxoplasmoses conduit \u00e0 des l\u00e9sions c\u00e9r\u00e9brales.<\/p>\n<p align=\"JUSTIFY\">\u00a0<\/p>\n<p align=\"JUSTIFY\">De telles situations mettent la personne devant des choix dramatiques. C&rsquo;est l\u00e0 qu&rsquo;intervient la confiance en Dieu qui donne Sa paix pour la d\u00e9cision \u00e0 prendre.<\/p>\n<p align=\"JUSTIFY\">\u00a0<\/p>\n<p align=\"JUSTIFY\">Par contre les cons\u00e9quences in\u00e9luctables d&rsquo;autres affections sont s\u00fbres \u00e0 100% mais mettront 40 ann\u00e9es \u00e0 se manifester comme la chor\u00e9e de Huntington, d\u00e9j\u00e0 \u00e9voqu\u00e9e plus haut. Peut-on supprimer 40 ans de vie normale en devenir par une interruption de vie avant la naissance ?<\/p>\n<p align=\"JUSTIFY\">\u00a0<\/p>\n<p align=\"JUSTIFY\">Ce diagnostic d&rsquo;anomalie g\u00e9n\u00e9tique, connu des parents, peut \u00eatre un poids trop lourd \u00e0 porter par eux seuls. Quand faudra-t-il informer l&rsquo;enfant ? Que fera-t-il de cette information \u00e0 partir du moment o\u00f9 elle lui sera r\u00e9v\u00e9l\u00e9e ? Ce sont autant de questions de conscience importantes \u00e0 consid\u00e9rer.<\/p>\n<p align=\"JUSTIFY\">\u00a0<\/p>\n<p align=\"JUSTIFY\">Un cas exemplaire : une m\u00e8re syphilitique \u00e9tait enceinte de son mari alcoolique. Ils avaient d\u00e9j\u00e0 un gar\u00e7on atteint de trisomie 21, une fille infirme et aveugle. A l&rsquo;\u00e9poque, si l&rsquo;amniocent\u00e8se et le diagnostic pr\u00e9natal avaient exist\u00e9, ils auraient sans doute r\u00e9v\u00e9l\u00e9 quelque anomalie g\u00e9n\u00e9tique comme une surdit\u00e9 cong\u00e9nitale dont souffrirait l&rsquo;enfant \u00e0 na\u00eetre \u00e0 partir de 32 ans. Auriez-vous recommand\u00e9 une interruption de grossesse ? Peut-\u00eatre, mais \u00e0 cette \u00e9poque, ces tests n&rsquo;existaient pas et Ludwig van Beethoven vint au monde&#8230;<\/p>\n<p align=\"JUSTIFY\">\u00a0<\/p>\n<p align=\"JUSTIFY\">Les diagnostics pr\u00e9nataux soul\u00e8vent la question d&rsquo;une d\u00e9rive possible pouvant d\u00e9boucher sur la s\u00e9lection des \u00eatres humains, l&rsquo;eug\u00e9nisme, que je n&rsquo;aborderai pas dans cet article.<\/p>\n<p align=\"JUSTIFY\">\u00a0<\/p>\n<p align=\"JUSTIFY\">Il faut savoir que nos g\u00e8nes mutent, c&rsquo;est-\u00e0-dire se modifient constamment et que la plupart des anomalies r\u00e9sultantes sont silencieuses. La dystrophie de Duchenne appara\u00eet aussi spontan\u00e9ment par mutation sans cause h\u00e9r\u00e9ditaire et 98% des trisomies 21 sont li\u00e9es \u00e0 de mauvaises r\u00e9partitions des chromosomes au moment de la division cellulaire.<\/p>\n<p align=\"JUSTIFY\">\u00a0<\/p>\n<p align=\"JUSTIFY\">\u00a0<\/p>\n<h2>Acc\u00e8s \u00e0 la connaissance de la paternit\u00e9<\/h2>\n<p align=\"JUSTIFY\">\u00a0<\/p>\n<p align=\"JUSTIFY\">Les empreintes g\u00e9n\u00e9tiques permettent l&rsquo;acc\u00e8s \u00e0 la connaissance de la paternit\u00e9. La g\u00e9n\u00e9tique r\u00e9v\u00e8le que 10 \u00e0 20% des enfants sont ill\u00e9gitimes ! Une vraie bombe si de telles informations \u00e9taient divulgu\u00e9es.<\/p>\n<p align=\"JUSTIFY\">\u00a0<\/p>\n<p align=\"JUSTIFY\">La question du secret de l&rsquo;information g\u00e9n\u00e9tique est donc pos\u00e9e. Comment contr\u00f4ler son acc\u00e8s par le patient, sa famille, les employeurs, les assureurs&#8230; ?<\/p>\n<p align=\"JUSTIFY\">\u00a0<\/p>\n<p align=\"JUSTIFY\">Il est n\u00e9cessaire de prot\u00e9ger la personne. D&rsquo;o\u00f9 la mise en place d&rsquo;une loi relative au traitement des donn\u00e9es nominatives ayant pour fin la recherche dans le domaine de la sant\u00e9<strong><sub>2<\/sub><\/strong>.<\/p>\n<p align=\"JUSTIFY\">\u00a0<\/p>\n<p style=\"text-align: center;\">A.L.<\/p>\n<p style=\"text-align: center;\">\u00a0<\/p>\n<p style=\"text-align: center;\"><strong><br \/> <\/strong><\/p>\n<table style=\"width: 500px;\" border=\"1\" cellspacing=\"1\" cellpadding=\"1\">\n<tbody>\n<tr>\n<td>\n<p style=\"text-align: center;\"><strong>COMMUNIQUE DE PRESSE<\/strong><\/p>\n<p style=\"text-align: center;\">\u00a0<\/p>\n<p style=\"text-align: justify;\">Le Comit\u00e9 Protestant Evang\u00e9lique pour la dignit\u00e9 humaine (CPDH) se f\u00e9licite de <strong>l&rsquo;adoption par le Parlement europ\u00e9en de la R\u00e9solution commune sur l&rsquo;interdiction du clonage d&#8217;embryons humains \u00e0 des fins th\u00e9rapeutiques et reproductives.<\/strong><\/p>\n<p style=\"text-align: justify;\">\u00a0<\/p>\n<p style=\"text-align: justify;\">Mais le CPDH d\u00e9nonce les d\u00e9cisions britannique et am\u00e9ricaine <span style=\"text-decoration: underline;\">qui autorisent l&rsquo;une le clonage. l&rsquo;autre l&rsquo;utilisation des embryons dits \u00absurnum\u00e9raires\u00a0\u00bb et \u00ab sans projet parental \u00bb, \u00e0 des fins \u00ab th\u00e9rapeutiques \u00bb.<\/span><\/p>\n<p style=\"text-align: justify;\">\u00a0<\/p>\n<p style=\"text-align: justify;\">La recherche scientifique fait des progr\u00e8s formidables mais semble perdre de vue les rep\u00e8res moraux fondamentaux.<\/p>\n<p style=\"text-align: justify;\">\u00a0<\/p>\n<p style=\"text-align: justify;\">Il n&rsquo;y a pas deux sortes de clonages, reproductif et th\u00e9rapeutique. La cr\u00e9ation d&#8217;embryons humains dot\u00e9s de la m\u00eame constitution g\u00e9n\u00e9tique qu&rsquo;un autre \u00eatre humain sera toujours injustifiable. La vie est un tout qui ne peut se diviser ou se r\u00e9duire \u00e0 la mati\u00e8re.<\/p>\n<p style=\"text-align: justify;\">\u00a0<\/p>\n<p style=\"text-align: justify;\">ALORS QUE SE PREPARE LE NOUVEAU TEXTE POUR LES LOIS DE<br \/> BIOETHIQUE EN FRANCE, NOUS DEVONS RECONNAITRE ET TEMOIGNER<br \/> QUE<strong> l&rsquo;humanit\u00e9 de l&#8217;embryon humain n&rsquo;est pas n\u00e9gociable.<\/strong><\/p>\n<p style=\"text-align: justify;\">\u00a0<\/p>\n<p style=\"text-align: justify;\">Mais le CPDH constate aussi avec tristesse que les enfants seront les principales victimes de la d\u00e9cision du Parlement n\u00e9erlandais <span style=\"text-decoration: underline;\">visant \u00e0 autoriser le mariage et l&rsquo;adoption par des homosexuels.<\/span> En effet, l&rsquo;identit\u00e9 sexuelle et personnelle de l&rsquo;enfant se construit, entre autres, sur la diff\u00e9renciation du masculin et du f\u00e9minin. Cela portera pr\u00e9judice \u00e0 l&rsquo;\u00e9quilibre \u00e9motionnel de tous les enfants, des adultes de demain et de la soci\u00e9t\u00e9 tout enti\u00e8re.<\/p>\n<p style=\"text-align: right;\">Daniel Rivaud<\/p>\n<\/td>\n<\/tr>\n<\/tbody>\n<\/table>\n<p align=\"JUSTIFY\">\u00a0<\/p>\n<hr \/>\n<p align=\"JUSTIFY\">\u00a0NOTES<\/p>\n<p>&nbsp;<\/p>\n<p align=\"JUSTIFY\"><strong>1.<\/strong> Marc Peschanski, cit\u00e9 par Patrick Jean-Baptiste, <em>Sciences et Avenir<\/em>, n\u00b0 636, p 50, f\u00e9vrier 2000.<\/p>\n<p align=\"JUSTIFY\">\u00a0<\/p>\n<p align=\"JUSTIFY\"><strong>2.<\/strong> Loi n\u00b0 94-548 du 01\/07\/94 (J.O. du 02\/07\/94) modifiant la loi n\u00b0 78-17 du 06\/01\/78 relative \u00e0 l&rsquo;informatique, aux fichiers et aux libert\u00e9s.<\/p>\n","protected":false},"excerpt":{"rendered":"<p>Diagnostics g\u00e9n\u00e9tiques et th\u00e9rapie \u00a0 par Alain LOMBET \u00a0 \u00a0 L&rsquo;acc\u00e8s \u00e0 l&rsquo;h\u00e9r\u00e9dit\u00e9 individuelle \u00a0 &nbsp; Les techniques de Biologie Mol\u00e9culaire et de G\u00e9n\u00e9tique permettent l&rsquo;acc\u00e8s \u00e0 la connaissance des g\u00e8nes, supports de l&rsquo;h\u00e9r\u00e9dit\u00e9. \u00a0 \u00a0<\/p>\n","protected":false},"author":57,"featured_media":0,"comment_status":"closed","ping_status":"closed","sticky":false,"template":"","format":"standard","meta":{"footnotes":""},"categories":[16,21],"tags":[],"class_list":["post-3514","post","type-post","status-publish","format-standard","hentry","category-le-chretien-et-la-societe","category-ethique"],"_links":{"self":[{"href":"https:\/\/www.servir.caef.net\/index.php?rest_route=\/wp\/v2\/posts\/3514","targetHints":{"allow":["GET"]}}],"collection":[{"href":"https:\/\/www.servir.caef.net\/index.php?rest_route=\/wp\/v2\/posts"}],"about":[{"href":"https:\/\/www.servir.caef.net\/index.php?rest_route=\/wp\/v2\/types\/post"}],"author":[{"embeddable":true,"href":"https:\/\/www.servir.caef.net\/index.php?rest_route=\/wp\/v2\/users\/57"}],"replies":[{"embeddable":true,"href":"https:\/\/www.servir.caef.net\/index.php?rest_route=%2Fwp%2Fv2%2Fcomments&post=3514"}],"version-history":[{"count":0,"href":"https:\/\/www.servir.caef.net\/index.php?rest_route=\/wp\/v2\/posts\/3514\/revisions"}],"wp:attachment":[{"href":"https:\/\/www.servir.caef.net\/index.php?rest_route=%2Fwp%2Fv2%2Fmedia&parent=3514"}],"wp:term":[{"taxonomy":"category","embeddable":true,"href":"https:\/\/www.servir.caef.net\/index.php?rest_route=%2Fwp%2Fv2%2Fcategories&post=3514"},{"taxonomy":"post_tag","embeddable":true,"href":"https:\/\/www.servir.caef.net\/index.php?rest_route=%2Fwp%2Fv2%2Ftags&post=3514"}],"curies":[{"name":"wp","href":"https:\/\/api.w.org\/{rel}","templated":true}]}}