{"id":3693,"date":"1998-07-02T09:08:34","date_gmt":"1998-07-02T09:08:34","guid":{"rendered":"\/?p=3693"},"modified":"2016-06-02T06:37:10","modified_gmt":"2016-06-02T06:37:10","slug":"evangeliser-aujourdhui-3","status":"publish","type":"post","link":"https:\/\/www.servir.caef.net\/?p=3693","title":{"rendered":"Evang\u00e9liser aujourd&rsquo;hui"},"content":{"rendered":"<h1 style=\"text-align: center;\" align=\"JUSTIFY\">Evang\u00e9liser aujourd&rsquo;hui<\/h1>\n<p style=\"text-align: center;\" align=\"JUSTIFY\">\u00a0<a href=\"\/wp-content\/uploads\/2010\/01\/discussion.jpg\"><img loading=\"lazy\" decoding=\"async\" class=\" wp-image-6880 aligncenter\" src=\"\/wp-content\/uploads\/2010\/01\/discussion.jpg\" alt=\"discussion\" width=\"317\" height=\"216\" srcset=\"https:\/\/www.servir.caef.net\/wp-content\/uploads\/2010\/01\/discussion.jpg 529w, https:\/\/www.servir.caef.net\/wp-content\/uploads\/2010\/01\/discussion-300x204.jpg 300w\" sizes=\"auto, (max-width: 317px) 100vw, 317px\" \/><\/a><\/p>\n<p align=\"JUSTIFY\"><strong>par <span style=\"font-size: 16px;\"><span style=\"color: #b22222;\">Jean KOUMARIANOS<\/span><\/span><\/strong><\/p>\n<p align=\"JUSTIFY\">\u00a0<\/p>\n<p>&nbsp;<\/p>\n<p align=\"JUSTIFY\"><strong>Ceux qui connaissent Jean Koumarianos savent que, sans doute, la pr\u00e9occupation principale de sa vie est d&rsquo;annoncer l&rsquo;\u00e9vangile. Il l&rsquo;a fait pendant plus de 20 ans tout en \u00e9tant cadre \u00e0 la FNAC. Depuis quelques ann\u00e9es, il est engag\u00e9 \u00e0 plein temps dans un minist\u00e8re d&rsquo;implantation d&rsquo;Eglises en r\u00e9gion parisienne avec France-Mission. Notre commission a fait appel \u00e0 lui pour nous rappeler quelques principes de l&rsquo;\u00e9vang\u00e9lisation. <\/strong><\/p>\n<p align=\"JUSTIFY\">\u00a0<\/p>\n<p align=\"JUSTIFY\"><!--more--><\/p>\n<h2>Rappel de quelques principes<\/h2>\n<h3>\u00a0<\/h3>\n<h3><a href=\"\/wp-content\/uploads\/1998\/pdf1998\/1998_04_16_evangeliseraujourdhui.pdf\" target=\"_blank\"><img loading=\"lazy\" decoding=\"async\" title=\"iconePDF\" src=\"\/wp-content\/uploads\/2011\/01\/iconePDF.jpg\" alt=\"\" width=\"81\" height=\"76\" align=\"right\" hspace=\"8\" vspace=\"8\" \/><\/a>1) Consid\u00e9rer les diff\u00e9rents terrains<\/h3>\n<p align=\"JUSTIFY\">\u00a0<\/p>\n<p align=\"JUSTIFY\">Le Nouveau Testament nous apprend que certaines villes \u00e9taient plus r\u00e9sistantes \u00e0 l&rsquo;\u00e9vangile que d&rsquo;autres <span style=\"background-color: #add8e6;\"><em>(Mt 11.20-24)<\/em><\/span>. Il en est de m\u00eame aujourd&rsquo;hui; aussi est-il primordial, pour \u00e9viter bien des d\u00e9sillusions, d&rsquo;avoir une juste estimation de la situation du terrain sur lequel le Seigneur nous envoie afin d&rsquo;agir intelligemment.<\/p>\n<p align=\"JUSTIFY\">\u00a0<\/p>\n<p align=\"JUSTIFY\">\u00a0<\/p>\n<h3>2) Evaluer nos aptitudes personnelles<\/h3>\n<p align=\"JUSTIFY\">\u00a0<\/p>\n<p align=\"JUSTIFY\">Nous n&rsquo;avons pas tous le don d&rsquo;\u00e9vang\u00e9liste, mais nous avons tous \u00e9t\u00e9 \u00e9quip\u00e9s par le Seigneur pour \u00eatre des t\u00e9moins <span style=\"background-color: #add8e6;\"><em>(Act 1.8)<\/em><\/span>. Sous la direction du Saint-Esprit, utilisons donc tous les moyens pour t\u00e9moigner de notre foi, sans oublier de nous former. En effet, <span style=\"background-color: #add8e6;\"><em>redresser avec douceur les adversaires<\/em><\/span> selon <span style=\"background-color: #add8e6;\"><em>2 Tim 2.25<\/em><\/span> et <span style=\"background-color: #add8e6;\"><em>pr\u00eacher la Parole en toute occasion, favorable ou non selon 2 Tim 4.2<\/em><\/span>, cela s&rsquo;apprend, fort heureusement. Faisons confiance au Seigneur, il nous veut ouvriers avec lui.<\/p>\n<p align=\"JUSTIFY\">\u00a0<\/p>\n<h3>3) Le t\u00e9moin est aussi un semeur<\/h3>\n<p align=\"JUSTIFY\">\u00a0<\/p>\n<p align=\"JUSTIFY\"><a href=\"\/wp-content\/uploads\/2007\/09\/Bl\u00e9s.gif\"><img loading=\"lazy\" decoding=\"async\" class=\"wp-image-2707 alignright\" style=\"margin: 10px;\" src=\"\/wp-content\/uploads\/2007\/09\/Bl\u00e9s.gif\" alt=\"Bl\u00e9s\" width=\"142\" height=\"105\" \/><\/a>La soci\u00e9t\u00e9 dans laquelle nous vivons exige des r\u00e9sultats rapides, mais la Bible nous enseigne que c&rsquo;est <span style=\"background-color: #add8e6;\"><em>le laboureur qui peine, qui doit \u00eatre le premier \u00e0 recueillir les fruits (2 Tim 2.6)<\/em><\/span>. Semer est un acte de foi ; le semeur de l&rsquo;\u00e9vangile ne voit pas toujours le r\u00e9sultat de son travail. Sommes-nous pr\u00eats \u00e0 \u00eatre des semeurs ?<\/p>\n<p align=\"JUSTIFY\">\u00a0<\/p>\n<h3>4) Etre d\u00e9termin\u00e9 : la pers\u00e9v\u00e9rance et la fid\u00e9lit\u00e9 sont les fruits d&rsquo;une vraie spiritualit\u00e9<\/h3>\n<p align=\"JUSTIFY\">\u00a0<\/p>\n<p align=\"JUSTIFY\">II nous arrive de mesurer la spiritualit\u00e9 d&rsquo;un chr\u00e9tien au nombre de personnes qu&rsquo;il a conduites au Seigneur, ou au nombre d&rsquo;activit\u00e9s dans lesquelles il est engag\u00e9. Ce n&rsquo;est pas seulement sur ces crit\u00e8res que Dieu estime la spiritualit\u00e9 de ses enfants. L&rsquo;ap\u00f4tre Paul nous rappelle\u00a0: <br \/> <span style=\"background-color: #add8e6;\"><em>J&rsquo;ai plant\u00e9, Apollos a arros\u00e9, mais Dieu a fait cro\u00eetre, en sorte que ce n &lsquo;est pas celui qui plante qui est quelque chose, ni celui qui arrose, mais Dieu qui fait cro\u00eetre. Celui qui plante et celui qui arrose sont \u00e9gaux, et chacun recevra sa propre r\u00e9compense selon son propre travail (1 Cor 3.6-8)<\/em><\/span>. Ce qui a du prix aux yeux de Dieu c&rsquo;est <span style=\"background-color: #add8e6;\"><em>la fid\u00e9lit\u00e9 dans les petites choses (Mt 25.21). <\/em><\/span><\/p>\n<p align=\"JUSTIFY\">\u00a0<\/p>\n<h3>5) L&rsquo;\u00e9vang\u00e9lisation d\u00e9coule tout naturellement de notre relation avec le Seigneur<\/h3>\n<p align=\"JUSTIFY\">\u00a0<\/p>\n<p align=\"JUSTIFY\">Notre t\u00e9moignage est \u00e9troitement li\u00e9 \u00e0 la qualit\u00e9 de notre relation avec Dieu. Ce qui touche les personnes que nous rencontrons, c&rsquo;est la joie et la paix qui habitent une vie transform\u00e9e par l&rsquo;amour du Seigneur, une vie o\u00f9 la saintet\u00e9 de Christ se manifeste par les fruits de l&rsquo;Esprit<br \/> <span style=\"background-color: #add8e6;\"><em>(1 Pi 2.12)<\/em><\/span>: L&rsquo;amour venant d&rsquo;un c\u0153ur pur, une bonne conscience, et une foi sinc\u00e8re, voil\u00e0 les qualit\u00e9s spirituelles que Dieu nous propose afin que notre t\u00e9moignage soit efficace.<\/p>\n<p align=\"JUSTIFY\">\u00a0<\/p>\n<h3>\u00a0<\/h3>\n<h3>6) Nous sommes engag\u00e9s dans une bataille spirituelle<\/h3>\n<p align=\"JUSTIFY\">\u00a0<\/p>\n<p align=\"JUSTIFY\">Dans la parabole du semeur, le Seigneur nous enseigne que l&rsquo;action du malin dans la vie d&rsquo;un homme qui ne comprend pas la Parole est d&rsquo;enlever ce qui a \u00e9t\u00e9 sem\u00e9 dans son c\u0153ur <span style=\"background-color: #add8e6;\"><em>(Mt 13.18)<\/em><\/span>. Dans la parabole du bon grain et de l&rsquo;ivraie, le Seigneur nous pr\u00e9vient que le r\u00f4le du diable est de semer la confusion <span style=\"background-color: #add8e6;\"><em>(Mt 13.36-39)<\/em><\/span>. L&rsquo;ap\u00f4tre Paul nous explique que <span style=\"background-color: #add8e6;\"><em>si notre \u00e9vangile est encore voil\u00e9, il est voil\u00e9 pour ceux qui p\u00e9rissent, pour les incr\u00e9dules dont le dieu de ce si\u00e8cle a aveugl\u00e9 l&rsquo;intelligence, afin qu&rsquo;ils ne voient pas briller la splendeur de l&rsquo;\u00e9vangile de la gloire de Christ, qui est l&rsquo;image de Dieu (2 Cor 4.3-4). <\/em><\/span><\/p>\n<p align=\"JUSTIFY\">\u00a0<\/p>\n<p align=\"JUSTIFY\">N&rsquo;oublions pas la r\u00e9alit\u00e9 du combat qui est le n\u00f4tre et regardons <span style=\"background-color: #add8e6;\"><em>au Seigneur \u00e0 qui tout pouvoir a \u00e9t\u00e9 donn\u00e9 dans le ciel et sur la terre<br \/> (Mt 28.18)<\/em><\/span>. Il a vaincu l&rsquo;ennemi.<\/p>\n<p align=\"JUSTIFY\">\u00a0<\/p>\n<p align=\"CENTER\">J.K.<\/p>\n<p align=\"JUSTIFY\">\u00a0<\/p>\n","protected":false},"excerpt":{"rendered":"<p>Evang\u00e9liser aujourd&rsquo;hui \u00a0 par Jean KOUMARIANOS \u00a0 &nbsp; Ceux qui connaissent Jean Koumarianos savent que, sans doute, la pr\u00e9occupation principale de sa vie est d&rsquo;annoncer l&rsquo;\u00e9vangile. Il l&rsquo;a fait pendant plus de 20 ans tout en \u00e9tant cadre \u00e0 la FNAC. Depuis quelques ann\u00e9es, il est engag\u00e9 \u00e0 plein temps dans un minist\u00e8re d&rsquo;implantation d&rsquo;Eglises [&hellip;]<\/p>\n","protected":false},"author":143,"featured_media":0,"comment_status":"closed","ping_status":"closed","sticky":false,"template":"","format":"standard","meta":{"footnotes":""},"categories":[87,8,33],"tags":[],"class_list":["post-3693","post","type-post","status-publish","format-standard","hentry","category-combat-spirituel","category-evangelisation","category-temoignages"],"_links":{"self":[{"href":"https:\/\/www.servir.caef.net\/index.php?rest_route=\/wp\/v2\/posts\/3693","targetHints":{"allow":["GET"]}}],"collection":[{"href":"https:\/\/www.servir.caef.net\/index.php?rest_route=\/wp\/v2\/posts"}],"about":[{"href":"https:\/\/www.servir.caef.net\/index.php?rest_route=\/wp\/v2\/types\/post"}],"author":[{"embeddable":true,"href":"https:\/\/www.servir.caef.net\/index.php?rest_route=\/wp\/v2\/users\/143"}],"replies":[{"embeddable":true,"href":"https:\/\/www.servir.caef.net\/index.php?rest_route=%2Fwp%2Fv2%2Fcomments&post=3693"}],"version-history":[{"count":0,"href":"https:\/\/www.servir.caef.net\/index.php?rest_route=\/wp\/v2\/posts\/3693\/revisions"}],"wp:attachment":[{"href":"https:\/\/www.servir.caef.net\/index.php?rest_route=%2Fwp%2Fv2%2Fmedia&parent=3693"}],"wp:term":[{"taxonomy":"category","embeddable":true,"href":"https:\/\/www.servir.caef.net\/index.php?rest_route=%2Fwp%2Fv2%2Fcategories&post=3693"},{"taxonomy":"post_tag","embeddable":true,"href":"https:\/\/www.servir.caef.net\/index.php?rest_route=%2Fwp%2Fv2%2Ftags&post=3693"}],"curies":[{"name":"wp","href":"https:\/\/api.w.org\/{rel}","templated":true}]}}