{"id":3753,"date":"1998-11-13T13:49:06","date_gmt":"1998-11-13T13:49:06","guid":{"rendered":"\/?p=3753"},"modified":"2016-06-02T07:14:02","modified_gmt":"2016-06-02T07:14:02","slug":"editorial-du-n%c2%b06-novembre-decembre-1998","status":"publish","type":"post","link":"https:\/\/www.servir.caef.net\/?p=3753","title":{"rendered":"Editorial du n\u00b06 Novembre-D\u00e9cembre 1998 &#8211; Le chr\u00e9tien et la politique"},"content":{"rendered":"<h1 style=\"text-align: center;\"><img loading=\"lazy\" decoding=\"async\" class=\"alignnone size-medium wp-image-3755\" title=\"1998_06_00 couverture PM\" src=\"\/wp-content\/uploads\/1998\/11\/1998_06_00-couverture-PM-208x300.jpg\" alt=\"\" width=\"208\" height=\"300\" srcset=\"https:\/\/www.servir.caef.net\/wp-content\/uploads\/1998\/11\/1998_06_00-couverture-PM-208x300.jpg 208w, https:\/\/www.servir.caef.net\/wp-content\/uploads\/1998\/11\/1998_06_00-couverture-PM-710x1024.jpg 710w, https:\/\/www.servir.caef.net\/wp-content\/uploads\/1998\/11\/1998_06_00-couverture-PM.jpg 867w\" sizes=\"auto, (max-width: 208px) 100vw, 208px\" \/><\/h1>\n<p>&nbsp;<\/p>\n<h1 style=\"text-align: center;\">Editorial du n\u00b06 Novembre-D\u00e9cembre 1998<\/h1>\n<p>&nbsp;<\/p>\n<h1 style=\"text-align: center;\">Le chr\u00e9tien et la politique<\/h1>\n<p align=\"JUSTIFY\">\u00a0<\/p>\n<p align=\"JUSTIFY\">\u00a0<\/p>\n<p align=\"JUSTIFY\"><span style=\"color: #993300;\"><strong><span style=\"font-size: large;\">Par Jean-Pierre BORY <\/span><\/strong><\/span><\/p>\n<p align=\"JUSTIFY\">\u00a0<\/p>\n<p>&nbsp;<\/p>\n<p align=\"JUSTIFY\">M. Rocard se dit protestant, M. Jospin aussi, tandis que M. Balladur est catholique et suit r\u00e9guli\u00e8rement des offices. De plusieurs hommes et femmes politiques, \u00ab on dit \u00bb qu\u2019ils sont chr\u00e9tiens engag\u00e9s, voire assidus \u00e0 l\u2019\u00e9glise.<\/p>\n<p align=\"JUSTIFY\"><!--more--><br \/> \u00a0<\/p>\n<p align=\"JUSTIFY\"><a href=\"\/wp-content\/uploads\/1998\/pdf1998\/1998_06_00B_editorial.pdf\" target=\"_blank\"><img loading=\"lazy\" decoding=\"async\" title=\"iconePDF\" src=\"\/wp-content\/uploads\/2011\/01\/iconePDF.jpg\" alt=\"\" width=\"81\" height=\"76\" align=\"right\" hspace=\"8\" vspace=\"8\" \/><\/a>Cela a-t-il influenc\u00e9 ou cela influence-t-il leur comportement de ministres, leurs propositions politiques ou les d\u00e9cisions de leur gouvernement ?<\/p>\n<p align=\"JUSTIFY\">\u00a0<\/p>\n<p align=\"JUSTIFY\">Mais, direz-vous peut-\u00eatre, il faut distinguer religion et foi personnelle. La seconde ne s\u2019accommode pas des compromis n\u00e9cessaires de la grande politique. Et pourtant, il existe depuis peu au Parlement Europ\u00e9en un lieu de pri\u00e8re pour les parlementaires, au palais f\u00e9d\u00e9ral suisse plusieurs hauts fonctionnaires se retrouvent pour des moments de pri\u00e8re. Et certains chr\u00e9tiens \u00e9vang\u00e9liques sont des \u00e9lus politiques.<\/p>\n<p align=\"JUSTIFY\">\u00a0<\/p>\n<p align=\"JUSTIFY\">C\u2019est une question tr\u00e8s controvers\u00e9e dans les milieux \u00e9vang\u00e9liques que celle de la participation d\u2019un chr\u00e9tien \u00e0 la vie politique du pays. A-t\u2019il le droit, le devoir de s\u2019en distancer, ou alors de s\u2019y impliquer ? Dans ce cas, jusqu&rsquo;\u00e0 quel niveau: municipal, r\u00e9gional, national ? Les chr\u00e9tiens devraient-ils rejoindre un parti pour que leurs voix soient entendues ? Mais s&rsquo;engager, n&rsquo;est-ce pas dangereux ? ne risque-t-on pas simplement de mettre le doigt dans un engrenage de compromissions dont ni l&rsquo;individu, ni l&rsquo;Eglise ne peut s&rsquo;arracher sans dommage ?<\/p>\n<p align=\"JUSTIFY\">\u00a0<\/p>\n<p align=\"JUSTIFY\">Il est int\u00e9ressant de remarquer que des points de vue apparemment oppos\u00e9s, disent trouver leur justification dans la Bible&#8230; On est souvent rapide pour \u00e9noncer un avis de fa\u00e7on tranchante ; et plus tard on d\u00e9couvre une autre perspective qui fait regretter certains propos.<\/p>\n<p align=\"JUSTIFY\">\u00a0<\/p>\n<p align=\"JUSTIFY\">Mais d&rsquo;un autre c\u00f4t\u00e9, la Bible ne parle pas comme le monde \u00ab tol\u00e9rant \u00bb qui dit: <em>A chacun son chemin ; il suffit d&rsquo;\u00eatre sinc\u00e8re.<\/em><\/p>\n<p align=\"JUSTIFY\">\u00a0<\/p>\n<p align=\"JUSTIFY\">Et elle ne laisse pas sans r\u00e9ponse devant cette question : quelle est la l\u00e9gitimit\u00e9 de l&rsquo;engagement chr\u00e9tien dans la politique ? A nous de d\u00e9couvrir la richesse de la pens\u00e9e biblique.<\/p>\n<p align=\"JUSTIFY\">\u00a0<\/p>\n<p align=\"JUSTIFY\">Jean-Pierre BORY.<\/p>\n","protected":false},"excerpt":{"rendered":"<p>&nbsp; Editorial du n\u00b06 Novembre-D\u00e9cembre 1998 &nbsp; Le chr\u00e9tien et la politique \u00a0 \u00a0 Par Jean-Pierre BORY \u00a0 &nbsp; M. Rocard se dit protestant, M. Jospin aussi, tandis que M. Balladur est catholique et suit r\u00e9guli\u00e8rement des offices. De plusieurs hommes et femmes politiques, \u00ab on dit \u00bb qu\u2019ils sont chr\u00e9tiens engag\u00e9s, voire assidus \u00e0 [&hellip;]<\/p>\n","protected":false},"author":2,"featured_media":0,"comment_status":"closed","ping_status":"closed","sticky":false,"template":"","format":"standard","meta":{"footnotes":""},"categories":[16,39],"tags":[],"class_list":["post-3753","post","type-post","status-publish","format-standard","hentry","category-le-chretien-et-la-societe","category-editorial"],"_links":{"self":[{"href":"https:\/\/www.servir.caef.net\/index.php?rest_route=\/wp\/v2\/posts\/3753","targetHints":{"allow":["GET"]}}],"collection":[{"href":"https:\/\/www.servir.caef.net\/index.php?rest_route=\/wp\/v2\/posts"}],"about":[{"href":"https:\/\/www.servir.caef.net\/index.php?rest_route=\/wp\/v2\/types\/post"}],"author":[{"embeddable":true,"href":"https:\/\/www.servir.caef.net\/index.php?rest_route=\/wp\/v2\/users\/2"}],"replies":[{"embeddable":true,"href":"https:\/\/www.servir.caef.net\/index.php?rest_route=%2Fwp%2Fv2%2Fcomments&post=3753"}],"version-history":[{"count":0,"href":"https:\/\/www.servir.caef.net\/index.php?rest_route=\/wp\/v2\/posts\/3753\/revisions"}],"wp:attachment":[{"href":"https:\/\/www.servir.caef.net\/index.php?rest_route=%2Fwp%2Fv2%2Fmedia&parent=3753"}],"wp:term":[{"taxonomy":"category","embeddable":true,"href":"https:\/\/www.servir.caef.net\/index.php?rest_route=%2Fwp%2Fv2%2Fcategories&post=3753"},{"taxonomy":"post_tag","embeddable":true,"href":"https:\/\/www.servir.caef.net\/index.php?rest_route=%2Fwp%2Fv2%2Ftags&post=3753"}],"curies":[{"name":"wp","href":"https:\/\/api.w.org\/{rel}","templated":true}]}}