{"id":38,"date":"2005-07-15T15:59:46","date_gmt":"2005-07-15T15:59:46","guid":{"rendered":"\/?p=38"},"modified":"2016-09-09T09:35:08","modified_gmt":"2016-09-09T09:35:08","slug":"1%c2%b0-congres-protestant-evangelique-dethique","status":"publish","type":"post","link":"https:\/\/www.servir.caef.net\/?p=38","title":{"rendered":"1\u00b0 Congr\u00e8s protestant \u00e9vang\u00e9lique d&rsquo;\u00e9thique &#8211; Et l&rsquo;homme dans tout \u00e7a ?"},"content":{"rendered":"<h1 style=\"text-align: center;\"><strong>1\u00b0 Congr\u00e8s protestant \u00e9vang\u00e9lique d&rsquo;\u00e9thique<\/strong> <sub>1<br \/> <\/sub><\/h1>\n<h3 style=\"text-align: center;\"><strong>27, 28 et 29 mai 2005 \u00e0 Strasbourg<\/strong><\/h3>\n<p style=\"text-align: center;\">\u00a0<\/p>\n<h1 style=\"text-align: center;\"><strong><span style=\"font-family: Arial;\">Et l&rsquo;homme dans tout \u00e7a ? <\/span><\/strong><\/h1>\n<p style=\"text-align: center;\">\u00a0<\/p>\n<h3 style=\"text-align: center;\"><strong><span style=\"font-family: Arial;\">Rep\u00e8res dans une soci\u00e9t\u00e9 sans limites <\/span><\/strong><\/h3>\n<p>&nbsp;<\/p>\n<p>\u00a0<a href=\"\/wp-content\/uploads\/2008\/03\/congres-ethique-2.jpg\"><img loading=\"lazy\" decoding=\"async\" class=\"  wp-image-8320 aligncenter\" src=\"\/wp-content\/uploads\/2008\/03\/congres-ethique-2.jpg\" alt=\"congres-ethique-2\" width=\"366\" height=\"232\" srcset=\"https:\/\/www.servir.caef.net\/wp-content\/uploads\/2008\/03\/congres-ethique-2.jpg 631w, https:\/\/www.servir.caef.net\/wp-content\/uploads\/2008\/03\/congres-ethique-2-300x190.jpg 300w\" sizes=\"auto, (max-width: 366px) 100vw, 366px\" \/><\/a><\/p>\n<p>&nbsp;<\/p>\n<p><strong><span style=\"font-family: Arial;\">Ancien Ministre, parlementaires europ\u00e9ens ou helv\u00e9tiques, th\u00e9ologiens, philosophes, m\u00e9decins ou travailleurs sociaux ont apport\u00e9 leur contribution au 1er Congr\u00e8s protestant \u00e9vang\u00e9lique Europ\u00e9en d&rsquo;\u00e9thique qui s&rsquo;est d\u00e9roul\u00e9 \u00e0 Strasbourg. <\/span><\/strong><\/p>\n<p>&nbsp;<\/p>\n<p>&nbsp;<\/p>\n<p style=\"text-align: justify;\">Vingt organisations institutionnelles ou de formation ont soutenu ce premier congr\u00e8s organis\u00e9 \u00e0 l&rsquo;initiative du CPDH (Comit\u00e9 Protestant \u00e9vang\u00e9lique pour la Dignit\u00e9 Humaine) : les Alliances Evang\u00e9liques europ\u00e9ennes francophones, la F\u00e9d\u00e9ration Romandes des \u00c9glises et Oeuvres Evang\u00e9liques, les Assembl\u00e9es de Dieu, la F\u00e9d\u00e9ration Evang\u00e9lique de France et la plupart des Instituts th\u00e9ologiques et bibliques.<\/p>\n<p style=\"text-align: justify;\">\u00a0<\/p>\n<p style=\"text-align: justify;\">\u00a0<\/p>\n<p style=\"text-align: justify;\"><!--more--><\/p>\n<h2><strong><span style=\"font-family: Arial;\">Plus de 370 participants <\/span><\/strong><\/h2>\n<p style=\"text-align: justify;\"><a href=\"\/wp-content\/uploads\/2005\/pdf2005\/2005_04_31_congreseuropeendethique.pdf\" target=\"_blank\"><img loading=\"lazy\" decoding=\"async\" title=\"iconePDF\" src=\"\/wp-content\/uploads\/2011\/01\/iconePDF.jpg\" alt=\"\" width=\"81\" height=\"76\" align=\"right\" hspace=\"8\" vspace=\"8\" \/><\/a>Plus de 370 personnes, venues principalement de France, Suisse et Belgique ont particip\u00e9 \u00e0 ce 1er Congr\u00e8s inaugur\u00e9 au Parlement europ\u00e9en par les interventions remarqu\u00e9es de Madame Georgina DUFOIX, ancien Ministre, de M. Miroslav MIKOLASIK, D\u00e9put\u00e9 europ\u00e9en de Slovaquie et Docteur en m\u00e9decine et de M. Claude RUEY, Membre du Conseil national suisse, Pr\u00e9sident du Parti lib\u00e9ral suisse et ancien Vice-pr\u00e9sident de l&rsquo;Assembl\u00e9e des R\u00e9gions d&rsquo;Europe qui rappelait : \u00ab\u00a0L&rsquo;\u00e9thique ? Tout le monde en r\u00e9clame et tout le monde s&rsquo;en r\u00e9clame. La cause : un d\u00e9ficit des rep\u00e8res.\u00a0\u00bb plaidant pour \u00ab\u00a0une \u00e9chelle des valeurs dans un occident obs\u00e9d\u00e9 par le plaisir individuel.\u00a0\u00bb<\/p>\n<p>&nbsp;<\/p>\n<p>&nbsp;<\/p>\n<h2><strong><span style=\"font-family: Arial;\">Des th\u00e8mes d&rsquo;actualit\u00e9 <\/span><\/strong><\/h2>\n<p style=\"text-align: justify;\"><a href=\"\/wp-content\/uploads\/2008\/05\/recyclage.jpg\"><img loading=\"lazy\" decoding=\"async\" class=\"  wp-image-8345 alignleft\" src=\"\/wp-content\/uploads\/2008\/05\/recyclage.jpg\" alt=\"recyclage\" width=\"51\" height=\"50\" \/><\/a>S\u00e9ances pl\u00e9ni\u00e8res, ateliers ont permis aux participants d&rsquo;aborder de nombreux th\u00e8mes d&rsquo;actualit\u00e9 touchant les principaux enjeux \u00e9thiques de notre soci\u00e9t\u00e9 : \u00ab\u00a0D\u00e9but et fin de vie\u00a0\u00bb, \u00ab\u00a0Environnement et d\u00e9veloppement durable\u00a0\u00bb, \u00ab\u00a0Mondialisation\u00a0\u00bb, \u00ab\u00a0Enfance et pornographie\u00a0\u00bb, \u00ab\u00a0Le chr\u00e9tien et le politique\u00a0\u00bb, &#8230;<\/p>\n<p style=\"text-align: justify;\">\u00a0<\/p>\n<p style=\"text-align: justify;\">Lors de la soir\u00e9e publique du samedi soir, pr\u00e8s de 400 personnes de toute la r\u00e9gion ont rejoint les congressistes pour \u00e9couter le Professeur Michel JOHNER, Professeur d&rsquo;\u00e9thique \u00e0 la Facult\u00e9 Libre de Th\u00e9ologie R\u00e9form\u00e9e d&rsquo;Aix en Provence sur l&rsquo;homosexualit\u00e9 et l&rsquo;union libre, et la Pasteure Nicole DEHEUVELS, Conseill\u00e8re familiale et conjugale, Responsable du Service Rencontre et Mariage \u00e0 \u00ab\u00a0La Cause\u00a0\u00bb sur le couple et la famille.<\/p>\n<p style=\"text-align: justify;\">\u00a0<\/p>\n<p style=\"text-align: justify;\">Avant la derni\u00e8re pl\u00e9ni\u00e8re du dimanche matin sur le th\u00e8me \u00ab\u00a0Libert\u00e9 et d\u00e9mocratie\u00a0\u00bb particuli\u00e8rement d&rsquo;actualit\u00e9 avec le R\u00e9f\u00e9rendum, un culte a r\u00e9uni plus de 800 participante. Dans sa pr\u00e9dication, Gordon SHOWELL-ROGERS, Secr\u00e9taire g\u00e9n\u00e9ral de l&rsquo;Alliance Evang\u00e9lique Europ\u00e9enne a affirm\u00e9 qu&rsquo;\u00ab\u00a0en ce d\u00e9but du 21e si\u00e8cle, la r\u00e9surrection de J\u00e9sus-Christ a la m\u00eame puissance aujourd&rsquo;hui qu&rsquo;autrefois\u00a0\u00bb, priant \u00ab\u00a0que Dieu nous utilise pareillement pour la gloire de son nom en Europe\u00a0\u00bb.<\/p>\n<p style=\"text-align: justify;\">\u00a0<\/p>\n<p style=\"text-align: justify;\">\u00a0<\/p>\n<h2><strong><span style=\"font-family: Arial;\">Une D\u00e9claration adopt\u00e9e <\/span><\/strong><\/h2>\n<p style=\"text-align: justify;\">Dans la s\u00e9ance de cl\u00f4ture, le Pasteur Florian ROCHAT, Pr\u00e9sident du Comit\u00e9 Protestant \u00e9vang\u00e9lique pour la Dignit\u00e9 Humaine positionnait une derni\u00e8re fois la d\u00e9marche initi\u00e9e lors de ce Congr\u00e8s : \u00ab\u00a0Nous ne voulons pas de militance int\u00e9griste, de fanatisme religieux inqui\u00e9tants. Non ! Nous voulons proposer une parole de v\u00e9rit\u00e9, de douceur et de justice ! Avec pers\u00e9v\u00e9rance et d\u00e9termination, humilit\u00e9 et conviction.\u00a0\u00bb, avant de proposer au vote des congressistes une D\u00e9claration \u00e9labor\u00e9e par le Comit\u00e9 d&rsquo;organisation du Congr\u00e8s et adopt\u00e9e par acclamations.<\/p>\n<p>&nbsp;<\/p>\n<table style=\"height: 604px; width: 697px;\" border=\"1\" align=\"center\">\n<tbody>\n<tr>\n<td bgcolor=\"white\" width=\"870\">\n<p style=\"text-align: center;\"><strong><span style=\"font-family: Arial;\">DECLARATION FINALE ADOPTEE PAR LES PARTICIPANTS<\/span><\/strong><\/p>\n<p>&nbsp;<\/p>\n<h3><strong>Pour une \u00e9thique chr\u00e9tienne<\/strong><\/h3>\n<p style=\"text-align: justify;\">Nous, chr\u00e9tiens protestants \u00e9vang\u00e9liques, venus de l&rsquo;Europe francophone pour ce premier Congr\u00e8s Europ\u00e9en d&rsquo;Ethique, conscients des enjeux de notre soci\u00e9t\u00e9 et de notre responsabilit\u00e9, voulons rappeler la n\u00e9cessit\u00e9 d&rsquo;\u00eatre plus cons\u00e9quente et plus coh\u00e9rents dans notre fa\u00e7on de vivre l&rsquo;\u00c9vangile. Les \u00e9volutions de notre soci\u00e9t\u00e9 nous ont laiss\u00e9s trop souvent en retrait alors qu&rsquo;elles appellent de notre part un r\u00e9el engagement, car il en va de la dignit\u00e9 et de la libert\u00e9 de l&rsquo;homme.<\/p>\n<p style=\"text-align: justify;\">En cons\u00e9quence, nous r\u00e9affirmons les points suivants :<\/p>\n<p>&nbsp;<\/p>\n<h3><strong>Un projet pour l&rsquo;humanit\u00e9<\/strong><\/h3>\n<p style=\"text-align: justify;\">Nous croyons que Dieu le Cr\u00e9ateur appelle, dans la Bible, chaque \u00eatre humain \u00e0 entrer en relation avec lui et \u00e0 mettre, pour cela, sa confiance en J\u00e9sus-Christ. Dans ce cadre, qui induit un changement radical de vie, Dieu donne des lignes directrices et des rep\u00e8res pour une relation harmonieuse avec lui et avec les autres, pour nous orienter dans le monde et pour partager la bonne nouvelle de son amour.<\/p>\n<p style=\"text-align: justify;\">Ces rep\u00e8res ne sont pas une atteinte \u00e0 la libert\u00e9 de l&rsquo;homme, ils ont leur sens dans le projet de Dieu pour l&rsquo;humanit\u00e9.<\/p>\n<p>&nbsp;<\/p>\n<h3><strong>Ethique et solidarit\u00e9<\/strong><\/h3>\n<p style=\"text-align: justify;\">L&rsquo;\u00e9thique chr\u00e9tienne est un travail de discernement et de recherche de la volont\u00e9 de Dieu pour guider nos vies personnelles, familiales et sociales. Cette \u00e9thique s&rsquo;enracine dans notre lecture de la Bible, que nous consid\u00e9rons comme normative dans les diff\u00e9rents domaines de la vie. Elle s&rsquo;inspire en particulier de textes comme le D\u00e9calogue (ou Dix Commandements) qui proscrit, le mensonge, l&rsquo;adult\u00e8re, l&rsquo;idol\u00e2trie, le meurtre ou le vol. Elle s&rsquo;inspire aussi de nombreuses exhortations bibliques invitant \u00e0 s&rsquo;occuper des exclus et des faibles, exhortations v\u00e9cues et exprim\u00e9es de fa\u00e7on radicale par le Christ lui-m\u00eame.<\/p>\n<p style=\"text-align: justify;\">Cette \u00e9thique est donc pertinente pour les \u00e9volutions de la soci\u00e9t\u00e9, y compris pour le d\u00e9veloppement des sciences et des techniques, de la g\u00e9opolitique, et de la pens\u00e9e. Nous nous associons aux efforts de ceux qui ont \u00e0 coeur d&rsquo;organiser la vie en soci\u00e9t\u00e9 selon la justice et la paix, en luttant contre toutes formes d&rsquo;atteinte \u00e0 la dignit\u00e9 de l&rsquo;homme induites par les \u00e9volutions \u00e9conomiques, les migrations, l&rsquo;exploitation, l&rsquo;oppression, la violence, les discriminations, la d\u00e9bauche, la destruction de la vie humaine et de la cr\u00e9ation.<\/p>\n<p style=\"text-align: justify;\">\u00a0<\/p>\n<h3 style=\"text-align: justify;\"><strong>Ethique, ob\u00e9issance et libert\u00e9<\/strong><\/h3>\n<p style=\"text-align: justify;\">L&rsquo;\u00e9thique chr\u00e9tienne n&rsquo;aboutit pas \u00e0 une morale toute faite qu&rsquo;il suffirait d&rsquo;inscrire dans une l\u00e9gislation. Nous voulons plut\u00f4t informer, expliquer et t\u00e9moigner que le message essentiel de la Bible consiste en l&rsquo;amour que Dieu a manifest\u00e9 \u00e0 l&rsquo;humanit\u00e9 par J\u00e9sus-Christ.<\/p>\n<p style=\"text-align: justify;\">L&rsquo;\u00e9thique chr\u00e9tienne, dans l&rsquo;ob\u00e9issance \u00e0 la Parole de Dieu, est la source de la vraie libert\u00e9. En nous aidant \u00e0 comprendre l&rsquo;amour de Dieu, l&rsquo;\u00e9thique nous garde aussi des contrefa\u00e7ons de l&rsquo;amour. Elle nous invite au discernement et \u00e0 la responsabilit\u00e9, en nous montrant que l&rsquo;amour est affaire non seulement de sentiments, mais aussi de volont\u00e9 et d&rsquo;action. Sa premi\u00e8re exigence est le respect absolu de Dieu et de sa Parole et aussi le respect auquel, d\u00e8s sa conception, chaque \u00eatre humain a droit, en tant que cr\u00e9ature faite \u00e0 l&rsquo;image de Dieu.<\/p>\n<p>&nbsp;<\/p>\n<h3><strong>Un avenir et une esp\u00e9rance<\/strong><\/h3>\n<p style=\"text-align: justify;\">Dans un monde complexe et changeant, nous voulons rechercher le bien commun de la cit\u00e9. Nous voulons veiller \u00e0 ce que notre vie donne un meilleur reflet de l&rsquo;amour que Dieu a manifest\u00e9 envers l&rsquo;humanit\u00e9. Dans la perspective de la Bible, nous voulons rechercher avec humilit\u00e9 et conviction une participation active \u00e0 la r\u00e9flexion, \u00e0 divers niveaux, afin de proposer des orientations et des engagements qui soient, pour l&rsquo;humanit\u00e9, porteurs d&rsquo;avenir et d&rsquo;esp\u00e9rance.<\/p>\n<\/td>\n<\/tr>\n<\/tbody>\n<\/table>\n<p>&nbsp;<\/p>\n<hr \/>\n<p>NOTE<\/p>\n<p>&nbsp;<\/p>\n<p><strong>1. Orateurs\u00a0:<\/strong> C. HUANG, J. ATTA, M. MlKOLASlC, M. CHARLES, F. ROCHAT, G. DUFOIX, C. RUEY<\/p>\n","protected":false},"excerpt":{"rendered":"<p>1\u00b0 Congr\u00e8s protestant \u00e9vang\u00e9lique d&rsquo;\u00e9thique 1 27, 28 et 29 mai 2005 \u00e0 Strasbourg \u00a0 Et l&rsquo;homme dans tout \u00e7a ? \u00a0 Rep\u00e8res dans une soci\u00e9t\u00e9 sans limites &nbsp; \u00a0 &nbsp; Ancien Ministre, parlementaires europ\u00e9ens ou helv\u00e9tiques, th\u00e9ologiens, philosophes, m\u00e9decins ou travailleurs sociaux ont apport\u00e9 leur contribution au 1er Congr\u00e8s protestant \u00e9vang\u00e9lique Europ\u00e9en d&rsquo;\u00e9thique qui [&hellip;]<\/p>\n","protected":false},"author":10,"featured_media":0,"comment_status":"closed","ping_status":"closed","sticky":false,"template":"","format":"standard","meta":{"footnotes":""},"categories":[5,41,21],"tags":[],"class_list":["post-38","post","type-post","status-publish","format-standard","hentry","category-conferences-et-congres","category-lhomme","category-ethique"],"_links":{"self":[{"href":"https:\/\/www.servir.caef.net\/index.php?rest_route=\/wp\/v2\/posts\/38","targetHints":{"allow":["GET"]}}],"collection":[{"href":"https:\/\/www.servir.caef.net\/index.php?rest_route=\/wp\/v2\/posts"}],"about":[{"href":"https:\/\/www.servir.caef.net\/index.php?rest_route=\/wp\/v2\/types\/post"}],"author":[{"embeddable":true,"href":"https:\/\/www.servir.caef.net\/index.php?rest_route=\/wp\/v2\/users\/10"}],"replies":[{"embeddable":true,"href":"https:\/\/www.servir.caef.net\/index.php?rest_route=%2Fwp%2Fv2%2Fcomments&post=38"}],"version-history":[{"count":0,"href":"https:\/\/www.servir.caef.net\/index.php?rest_route=\/wp\/v2\/posts\/38\/revisions"}],"wp:attachment":[{"href":"https:\/\/www.servir.caef.net\/index.php?rest_route=%2Fwp%2Fv2%2Fmedia&parent=38"}],"wp:term":[{"taxonomy":"category","embeddable":true,"href":"https:\/\/www.servir.caef.net\/index.php?rest_route=%2Fwp%2Fv2%2Fcategories&post=38"},{"taxonomy":"post_tag","embeddable":true,"href":"https:\/\/www.servir.caef.net\/index.php?rest_route=%2Fwp%2Fv2%2Ftags&post=38"}],"curies":[{"name":"wp","href":"https:\/\/api.w.org\/{rel}","templated":true}]}}